{"id":47914,"date":"2025-11-26T17:12:10","date_gmt":"2025-11-26T20:12:10","guid":{"rendered":"https:\/\/newsinfoco.com.br\/inicio\/?p=47914"},"modified":"2025-11-26T17:12:10","modified_gmt":"2025-11-26T20:12:10","slug":"unidade-de-reintegracao-funcional-realiza-1200-atendimentos-por-mes-em-alagoinhas","status":"publish","type":"post","link":"https:\/\/newsinfoco.com.br\/inicio\/unidade-de-reintegracao-funcional-realiza-1200-atendimentos-por-mes-em-alagoinhas\/","title":{"rendered":"Unidade de Reintegra\u00e7\u00e3o Funcional realiza 1200 atendimentos por m\u00eas em Alagoinhas"},"content":{"rendered":"<p>A Unidade de Reintegra\u00e7\u00e3o Funcional (URF) de Alagoinhas \u00e9 refer\u00eancia em cuidado, acolhimento e promo\u00e7\u00e3o da sa\u00fade, oferecendo atendimento ambulatorial de fisioterapia aplicada \u00e0s \u00e1reas de geriatria, neurologia, ortopedia, traumatologia e oncologia. O servi\u00e7o atende pacientes em reabilita\u00e7\u00e3o, no p\u00f3s-operat\u00f3rio, com sequelas musculoesquel\u00e9ticas e respirat\u00f3rias, decorrentes da Covid-19, al\u00e9m de oferecer terapias integrativas e complementares em sa\u00fade, como ventosaterapia, aromaterapia e auriculoterapia.<\/p>\n<p>Os atendimentos s\u00e3o realizados por uma equipe composta por seis fisioterapeutas, com aproximadamente 300 pacientes acolhidos semanalmente. Os usu\u00e1rios chegam \u00e0 unidade por meio de encaminhamento do Sistema de Regula\u00e7\u00e3o da Secretaria Municipal de Sa\u00fade e s\u00e3o atendidos com hora marcada, para garantir conforto e melhor organiza\u00e7\u00e3o do fluxo.<\/p><div class=\"newsi-conteudo_19\" id=\"newsi-1695233667\"><a href=\"https:\/\/www.instagram.com\/prefeituraalagoinhas?igsh=YzgzdDJ1bWR3aWI4\" aria-label=\"SAVE_20251006_221555\"><img loading=\"lazy\" decoding=\"async\" src=\"https:\/\/newsinfoco.com.br\/inicio\/wp-content\/uploads\/2025\/10\/SAVE_20251006_221555-rotated.jpg\" alt=\"\"  srcset=\"https:\/\/newsinfoco.com.br\/inicio\/wp-content\/uploads\/2025\/10\/SAVE_20251006_221555-rotated.jpg 1140w, https:\/\/newsinfoco.com.br\/inicio\/wp-content\/uploads\/2025\/10\/SAVE_20251006_221555-300x52.jpg 300w, https:\/\/newsinfoco.com.br\/inicio\/wp-content\/uploads\/2025\/10\/SAVE_20251006_221555-1024x177.jpg 1024w, https:\/\/newsinfoco.com.br\/inicio\/wp-content\/uploads\/2025\/10\/SAVE_20251006_221555-768x133.jpg 768w, https:\/\/newsinfoco.com.br\/inicio\/wp-content\/uploads\/2025\/10\/SAVE_20251006_221555-600x104.jpg 600w, https:\/\/newsinfoco.com.br\/inicio\/wp-content\/uploads\/2025\/10\/SAVE_20251006_221555-696x120.jpg 696w, https:\/\/newsinfoco.com.br\/inicio\/wp-content\/uploads\/2025\/10\/SAVE_20251006_221555-1068x185.jpg 1068w\" sizes=\"(max-width: 1140px) 100vw, 1140px\" width=\"1140\" height=\"197\"   \/><\/a><\/div>\n<p>A URF disp\u00f5e de salas de atendimento divididas por especialidades: cinesioterapia e mecanoterapia, eletroterapia, termoterapia e fototerapia. De acordo com a coordenadora da unidade, Juliana Prata, os pacientes iniciam com dez sess\u00f5es de fisioterapia, podendo ter o tratamento ampliado conforme a evolu\u00e7\u00e3o cl\u00ednica, seguindo protocolos de avalia\u00e7\u00e3o individualizada. \u201cO fisioterapeuta tem autonomia de reavaliar e ver se existe a necessidade de recaptar esse paciente, com o tratamento ainda em curso, e dar continuidade ao acompanhamento. Depende do diagn\u00f3stico, do progn\u00f3stico e da evolu\u00e7\u00e3o do paciente. O paciente pode ter a tranquilidade de que receber\u00e1 o atendimento adequado \u00e0 sua necessidade\u201d, explica Juliana.<\/p>\n<p>Ela destaca que o servi\u00e7o vai al\u00e9m da reabilita\u00e7\u00e3o. \u201cA fisioterapia hoje atua tamb\u00e9m na promo\u00e7\u00e3o e prote\u00e7\u00e3o da sa\u00fade, evitando agravos futuros. Nosso corpo t\u00e9cnico \u00e9 qualificado e disp\u00f5e de habilidades e potencialidades necess\u00e1rias. Oferecemos, pelo Sistema \u00danico de Sa\u00fade, pr\u00e1ticas integrativas e complementares extremamente atualizadas\u201d, completa.<\/p>\n<p>A unidade tamb\u00e9m desenvolve um trabalho voltado \u00e0 reabilita\u00e7\u00e3o de pacientes oncol\u00f3gicas e mastectomizadas, com gin\u00e1stica fisioter\u00e1pica em grupo tr\u00eas vezes por semana, al\u00e9m de atendimentos individualizados, conforme a necessidade de cada paciente.<\/p>\n<p>Entre os casos acompanhados na unidade est\u00e1 o da policial militar Patr\u00edcia Batista, de 50 anos, que realiza tratamento h\u00e1 mais de cinco anos devido a sequelas de um acidente vascular hemorr\u00e1gico. Ela faz tr\u00eas sess\u00f5es por semana e relata os benef\u00edcios do atendimento. \u201cConsidero essa a minha segunda casa; n\u00e3o perco uma sess\u00e3o. O tratamento me traz mais qualidade de vida. Eu saio daqui feliz. \u00c9 um privil\u00e9gio ter essas pessoas para nos apoiar aqui\u201d, afirma.<\/p>\n<p>&nbsp;<\/p>\n<div class='share-to-whatsapp-wrapper'><div class='share-on-whsp'>Share on: <\/div><a data-text='Unidade de Reintegra\u00e7\u00e3o Funcional realiza 1200 atendimentos por m\u00eas em Alagoinhas' data-link='https:\/\/newsinfoco.com.br\/inicio\/unidade-de-reintegracao-funcional-realiza-1200-atendimentos-por-mes-em-alagoinhas\/' class='whatsapp-button whatsapp-share'>WhatsApp<\/a><div class='clear '><\/div><\/div>","protected":false},"excerpt":{"rendered":"<p>A Unidade de Reintegra\u00e7\u00e3o Funcional (URF) de Alagoinhas \u00e9 refer\u00eancia em cuidado, acolhimento e promo\u00e7\u00e3o da sa\u00fade, oferecendo atendimento ambulatorial de fisioterapia aplicada \u00e0s \u00e1reas de geriatria, neurologia, ortopedia, traumatologia e oncologia. O servi\u00e7o atende pacientes em reabilita\u00e7\u00e3o, no p\u00f3s-operat\u00f3rio, com sequelas musculoesquel\u00e9ticas e respirat\u00f3rias, decorrentes da Covid-19, al\u00e9m de oferecer terapias integrativas e complementares [&hellip;]<\/p>\n","protected":false},"author":1,"featured_media":47915,"comment_status":"closed","ping_status":"closed","sticky":false,"template":"","format":"standard","meta":{"om_disable_all_campaigns":false,"_exactmetrics_skip_tracking":false,"_exactmetrics_sitenote_active":false,"_exactmetrics_sitenote_note":"","_exactmetrics_sitenote_category":0,"footnotes":""},"categories":[38,167],"tags":[],"class_list":["post-47914","post","type-post","status-publish","format-standard","has-post-thumbnail","hentry","category-alagoinhas-e-regiao","category-exclusivas"],"aioseo_notices":[],"_links":{"self":[{"href":"https:\/\/newsinfoco.com.br\/inicio\/wp-json\/wp\/v2\/posts\/47914","targetHints":{"allow":["GET"]}}],"collection":[{"href":"https:\/\/newsinfoco.com.br\/inicio\/wp-json\/wp\/v2\/posts"}],"about":[{"href":"https:\/\/newsinfoco.com.br\/inicio\/wp-json\/wp\/v2\/types\/post"}],"author":[{"embeddable":true,"href":"https:\/\/newsinfoco.com.br\/inicio\/wp-json\/wp\/v2\/users\/1"}],"replies":[{"embeddable":true,"href":"https:\/\/newsinfoco.com.br\/inicio\/wp-json\/wp\/v2\/comments?post=47914"}],"version-history":[{"count":1,"href":"https:\/\/newsinfoco.com.br\/inicio\/wp-json\/wp\/v2\/posts\/47914\/revisions"}],"predecessor-version":[{"id":47916,"href":"https:\/\/newsinfoco.com.br\/inicio\/wp-json\/wp\/v2\/posts\/47914\/revisions\/47916"}],"wp:featuredmedia":[{"embeddable":true,"href":"https:\/\/newsinfoco.com.br\/inicio\/wp-json\/wp\/v2\/media\/47915"}],"wp:attachment":[{"href":"https:\/\/newsinfoco.com.br\/inicio\/wp-json\/wp\/v2\/media?parent=47914"}],"wp:term":[{"taxonomy":"category","embeddable":true,"href":"https:\/\/newsinfoco.com.br\/inicio\/wp-json\/wp\/v2\/categories?post=47914"},{"taxonomy":"post_tag","embeddable":true,"href":"https:\/\/newsinfoco.com.br\/inicio\/wp-json\/wp\/v2\/tags?post=47914"}],"curies":[{"name":"wp","href":"https:\/\/api.w.org\/{rel}","templated":true}]}}