{"id":47923,"date":"2025-11-27T13:14:37","date_gmt":"2025-11-27T16:14:37","guid":{"rendered":"https:\/\/newsinfoco.com.br\/inicio\/?p=47923"},"modified":"2025-11-27T13:14:37","modified_gmt":"2025-11-27T16:14:37","slug":"lider-do-trafico-em-feira-de-santana-e-encontrado-em-casa-de-luxo-em-santa-catarina","status":"publish","type":"post","link":"https:\/\/newsinfoco.com.br\/inicio\/lider-do-trafico-em-feira-de-santana-e-encontrado-em-casa-de-luxo-em-santa-catarina\/","title":{"rendered":"L\u00edder do tr\u00e1fico em Feira de Santana \u00e9 encontrado em casa de luxo em Santa Catarina"},"content":{"rendered":"<p>Na manh\u00e3 desta quinta-feira (27), um l\u00edder de fac\u00e7\u00e3o criminosa que havia fugido h\u00e1 cinco anos do pres\u00eddio de Feira de Santana, foi preso na cidade de Blumenau, em Santa Catarina. Ele se escondia em uma casa de luxo no bairro da Ponta Aguda.<\/p>\n<p>Ele estava foragido desde 2020 ap\u00f3s serrar a grade e pular o muro do Conjunto Penal de Feira de Santana com uma corda. O detido, que possu\u00eda dois mandados de pris\u00e3o em aberto, \u00e9 apontado como uma lideran\u00e7a ligada ao Comando Vermelho (CV), fac\u00e7\u00e3o de origem carioca.<\/p><div class=\"newsi-conteudo_19\" id=\"newsi-3889261219\"><a href=\"https:\/\/www.instagram.com\/prefeituraalagoinhas?igsh=YzgzdDJ1bWR3aWI4\" aria-label=\"SAVE_20251006_221555\"><img loading=\"lazy\" decoding=\"async\" src=\"https:\/\/newsinfoco.com.br\/inicio\/wp-content\/uploads\/2025\/10\/SAVE_20251006_221555-rotated.jpg\" alt=\"\"  srcset=\"https:\/\/newsinfoco.com.br\/inicio\/wp-content\/uploads\/2025\/10\/SAVE_20251006_221555-rotated.jpg 1140w, https:\/\/newsinfoco.com.br\/inicio\/wp-content\/uploads\/2025\/10\/SAVE_20251006_221555-300x52.jpg 300w, https:\/\/newsinfoco.com.br\/inicio\/wp-content\/uploads\/2025\/10\/SAVE_20251006_221555-1024x177.jpg 1024w, https:\/\/newsinfoco.com.br\/inicio\/wp-content\/uploads\/2025\/10\/SAVE_20251006_221555-768x133.jpg 768w, https:\/\/newsinfoco.com.br\/inicio\/wp-content\/uploads\/2025\/10\/SAVE_20251006_221555-600x104.jpg 600w, https:\/\/newsinfoco.com.br\/inicio\/wp-content\/uploads\/2025\/10\/SAVE_20251006_221555-696x120.jpg 696w, https:\/\/newsinfoco.com.br\/inicio\/wp-content\/uploads\/2025\/10\/SAVE_20251006_221555-1068x185.jpg 1068w\" sizes=\"(max-width: 1140px) 100vw, 1140px\" width=\"1140\" height=\"197\"   \/><\/a><\/div>\n<p>Mesmo \u00e0 dist\u00e2ncia, ele \u00e9 suspeito de continuar ordenando crimes graves na Bahia, como sequestros e homic\u00eddios em Feira de Santana.<\/p>\n<div>\n<div>\n<div class=\"trv-player-container\">\n<div class=\"trv-wrapper\">\n<div id=\"br_video_player_c0bd3061da0c7d9f2e0bea147751da9dc3c659f9\" class=\"trvd_video_player trvdinstream\">\n<div class=\"media-player\">\n<div class=\"trv-video\">\n<div id=\"truvid_ima_container21957\" class=\"truvid_ima_container\">\n<div>\n<div>\n<div class=\"conteudo_post\">\n<p>A a\u00e7\u00e3o foi conduzida pelas For\u00e7as Integradas de Combate ao Crime Organizado (FICCO) da Bahia e de Santa Catarina, com apoio da Pol\u00edcia Militar baiana (PMBA). No momento da abordagem em Blumenau, o traficante tentou se passar por outra pessoa, apresentando um documento falso, mas foi identificado e detido.<\/p>\n<p>As for\u00e7as estaduais e federais que atuaram na pris\u00e3o seguem com a\u00e7\u00f5es de intelig\u00eancia estrat\u00e9gica para desarticular e identificar outros integrantes do grupo criminoso.<\/p>\n<\/div>\n<div id=\"author-info\" class=\"ui items\">\n<div class=\"item\">Bahia.Ba<\/div>\n<\/div>\n<\/div>\n<\/div>\n<\/div>\n<\/div>\n<\/div>\n<\/div>\n<\/div>\n<\/div>\n<\/div>\n<\/div>\n<div class='share-to-whatsapp-wrapper'><div class='share-on-whsp'>Share on: <\/div><a data-text='L\u00edder do tr\u00e1fico em Feira de Santana \u00e9 encontrado em casa de luxo em Santa Catarina' data-link='https:\/\/newsinfoco.com.br\/inicio\/lider-do-trafico-em-feira-de-santana-e-encontrado-em-casa-de-luxo-em-santa-catarina\/' class='whatsapp-button whatsapp-share'>WhatsApp<\/a><div class='clear '><\/div><\/div>","protected":false},"excerpt":{"rendered":"<p>Na manh\u00e3 desta quinta-feira (27), um l\u00edder de fac\u00e7\u00e3o criminosa que havia fugido h\u00e1 cinco anos do pres\u00eddio de Feira de Santana, foi preso na cidade de Blumenau, em Santa Catarina. Ele se escondia em uma casa de luxo no bairro da Ponta Aguda. Ele estava foragido desde 2020 ap\u00f3s serrar a grade e pular [&hellip;]<\/p>\n","protected":false},"author":1,"featured_media":47924,"comment_status":"closed","ping_status":"closed","sticky":false,"template":"","format":"standard","meta":{"om_disable_all_campaigns":false,"_exactmetrics_skip_tracking":false,"_exactmetrics_sitenote_active":false,"_exactmetrics_sitenote_note":"","_exactmetrics_sitenote_category":0,"footnotes":""},"categories":[19],"tags":[],"class_list":["post-47923","post","type-post","status-publish","format-standard","has-post-thumbnail","hentry","category-bahia"],"aioseo_notices":[],"_links":{"self":[{"href":"https:\/\/newsinfoco.com.br\/inicio\/wp-json\/wp\/v2\/posts\/47923","targetHints":{"allow":["GET"]}}],"collection":[{"href":"https:\/\/newsinfoco.com.br\/inicio\/wp-json\/wp\/v2\/posts"}],"about":[{"href":"https:\/\/newsinfoco.com.br\/inicio\/wp-json\/wp\/v2\/types\/post"}],"author":[{"embeddable":true,"href":"https:\/\/newsinfoco.com.br\/inicio\/wp-json\/wp\/v2\/users\/1"}],"replies":[{"embeddable":true,"href":"https:\/\/newsinfoco.com.br\/inicio\/wp-json\/wp\/v2\/comments?post=47923"}],"version-history":[{"count":1,"href":"https:\/\/newsinfoco.com.br\/inicio\/wp-json\/wp\/v2\/posts\/47923\/revisions"}],"predecessor-version":[{"id":47925,"href":"https:\/\/newsinfoco.com.br\/inicio\/wp-json\/wp\/v2\/posts\/47923\/revisions\/47925"}],"wp:featuredmedia":[{"embeddable":true,"href":"https:\/\/newsinfoco.com.br\/inicio\/wp-json\/wp\/v2\/media\/47924"}],"wp:attachment":[{"href":"https:\/\/newsinfoco.com.br\/inicio\/wp-json\/wp\/v2\/media?parent=47923"}],"wp:term":[{"taxonomy":"category","embeddable":true,"href":"https:\/\/newsinfoco.com.br\/inicio\/wp-json\/wp\/v2\/categories?post=47923"},{"taxonomy":"post_tag","embeddable":true,"href":"https:\/\/newsinfoco.com.br\/inicio\/wp-json\/wp\/v2\/tags?post=47923"}],"curies":[{"name":"wp","href":"https:\/\/api.w.org\/{rel}","templated":true}]}}