{"id":47926,"date":"2025-11-27T13:24:52","date_gmt":"2025-11-27T16:24:52","guid":{"rendered":"https:\/\/newsinfoco.com.br\/inicio\/?p=47926"},"modified":"2025-11-27T13:24:52","modified_gmt":"2025-11-27T16:24:52","slug":"salvador-registra-movimentacao-de-r-211-milhoes-no-feriado-da-consciencia-negra","status":"publish","type":"post","link":"https:\/\/newsinfoco.com.br\/inicio\/salvador-registra-movimentacao-de-r-211-milhoes-no-feriado-da-consciencia-negra\/","title":{"rendered":"Salvador registra movimenta\u00e7\u00e3o de R$ 211 milh\u00f5es no feriado da Consci\u00eancia Negra"},"content":{"rendered":"<p>Salvador registrou um ganho de R$ 211,5 milh\u00f5es em receita tur\u00edstica entre os dias 20 e 23 de novembro, per\u00edodo marcado pelo feriado da Consci\u00eancia Negra. O dado, atualizado pela Associa\u00e7\u00e3o Brasileira da Ind\u00fastria de Hot\u00e9is (ABIH-BA), confirma o avan\u00e7o cont\u00ednuo do setor na cidade ao longo de 2025, impulsionado pela amplia\u00e7\u00e3o da oferta cultural afrocentrada durante este m\u00eas, per\u00edodo em que Salvador se destaca como destino nacional e internacional.<\/p>\n<p>Para a vice-prefeita e secret\u00e1ria de Cultura e Turismo (Secult), Ana Paula Matos, o resultado demonstra que a capital baiana vive um ciclo crescente. \u201cEsse n\u00famero refor\u00e7a que Salvador est\u00e1 preparada para receber, encantar e manter o turista mais tempo na cidade. Temos investido na amplia\u00e7\u00e3o da infraestrutura tur\u00edstica e na promo\u00e7\u00e3o de experi\u00eancias culturais que s\u00f3 Salvador pode oferecer. A receita de R$ 211 milh\u00f5es mostra que o turismo \u00e9, de fato, um motor econ\u00f4mico fundamental, e os resultados aparecem quando a cidade se organiza para acolher bem\u201d, afirmou.<\/p><div class=\"newsi-conteudo_19\" id=\"newsi-4268236063\"><a href=\"https:\/\/www.instagram.com\/prefeituraalagoinhas?igsh=YzgzdDJ1bWR3aWI4\" aria-label=\"SAVE_20251006_221555\"><img loading=\"lazy\" decoding=\"async\" src=\"https:\/\/newsinfoco.com.br\/inicio\/wp-content\/uploads\/2025\/10\/SAVE_20251006_221555-rotated.jpg\" alt=\"\"  srcset=\"https:\/\/newsinfoco.com.br\/inicio\/wp-content\/uploads\/2025\/10\/SAVE_20251006_221555-rotated.jpg 1140w, https:\/\/newsinfoco.com.br\/inicio\/wp-content\/uploads\/2025\/10\/SAVE_20251006_221555-300x52.jpg 300w, https:\/\/newsinfoco.com.br\/inicio\/wp-content\/uploads\/2025\/10\/SAVE_20251006_221555-1024x177.jpg 1024w, https:\/\/newsinfoco.com.br\/inicio\/wp-content\/uploads\/2025\/10\/SAVE_20251006_221555-768x133.jpg 768w, https:\/\/newsinfoco.com.br\/inicio\/wp-content\/uploads\/2025\/10\/SAVE_20251006_221555-600x104.jpg 600w, https:\/\/newsinfoco.com.br\/inicio\/wp-content\/uploads\/2025\/10\/SAVE_20251006_221555-696x120.jpg 696w, https:\/\/newsinfoco.com.br\/inicio\/wp-content\/uploads\/2025\/10\/SAVE_20251006_221555-1068x185.jpg 1068w\" sizes=\"(max-width: 1140px) 100vw, 1140px\" width=\"1140\" height=\"197\"   \/><\/a><\/div>\n<p>Al\u00e9m da receita recorde, a capital registrou 76,19% de ocupa\u00e7\u00e3o hoteleira no per\u00edodo, confirmando a for\u00e7a do feriado prolongado e o crescente interesse do p\u00fablico no calend\u00e1rio cultural do Novembro Salvador Capital Afro.<\/p>\n<p>Ao todo, 124.452 turistas circularam pela cidade, sendo 118.615 brasileiros e 5.837 estrangeiros, n\u00fameros que refor\u00e7am a retomada do fluxo internacional e o aumento da frequ\u00eancia de visitantes de outros estados.<\/p>\n<div class=\"conteudo_post\">\n<p>Ana Paula Matos destaca que os dados refletem uma estrat\u00e9gia consistente da Prefeitura para valorizar a cultura afro-brasileira e converter essa pot\u00eancia identit\u00e1ria em desenvolvimento econ\u00f4mico.<\/p>\n<p>\u201cO feriado da Consci\u00eancia Negra tem um significado especial para Salvador, a cidade mais negra fora da \u00c1frica. \u00c9 o per\u00edodo em que celebramos nossa identidade, nossa ancestralidade e oferecemos ao visitante um conjunto de experi\u00eancias \u00fanicas, da m\u00fasica \u00e0 gastronomia, da mem\u00f3ria ancestral \u00e0s manifesta\u00e7\u00f5es contempor\u00e2neas, a exemplo do Festival Salvador Capital Afro. Cada turista que chega aqui gera renda, movimenta empregos e fortalece toda a cadeia produtiva do turismo\u201d, completou.<\/p>\n<\/div>\n<div id=\"div-share\">\n<div class=\"conteudo_post\"><\/div>\n<\/div>\n<div>\n<div>\n<div class=\"trv-player-container\">\n<div class=\"trv-wrapper\">\n<div id=\"br_video_player_1ae7a0f5958cf49b5664ea147751da9dc3c659f9\" class=\"trvd_video_player trvdinstream\">\n<div class=\"media-player\">\n<div class=\"trv-video\">\n<div id=\"truvid_ima_container44651\" class=\"truvid_ima_container\">\n<div>\n<div>\n<div>\n<div>\n<div>\n<div class=\"trv-player-container\">\n<div class=\"trv-wrapper\">\n<div id=\"br_video_player_1ae7a0f5958cf49b5664ea147751da9dc3c659f9\" class=\"trvd_video_player trvdinstream\">\n<div class=\"media-player\">\n<div class=\"trv-video\">\n<div id=\"truvid_ima_container44651\" class=\"truvid_ima_container\">\n<div>\n<div>\n<div>\n<div>\n<div>\n<div class=\"trv-player-container\">\n<div class=\"trv-wrapper\">\n<div id=\"br_video_player_1ae7a0f5958cf49b5664ea147751da9dc3c659f9\" class=\"trvd_video_player trvdinstream\">\n<div class=\"media-player\">\n<div class=\"trv-video\">\n<div id=\"truvid_ima_container44651\" class=\"truvid_ima_container\">\n<div>\n<div>\n<div>Bahia.Ba<\/div>\n<\/div>\n<\/div>\n<\/div>\n<\/div>\n<\/div>\n<\/div>\n<\/div>\n<\/div>\n<\/div>\n<\/div>\n<\/div>\n<\/div>\n<\/div>\n<\/div>\n<\/div>\n<\/div>\n<\/div>\n<\/div>\n<\/div>\n<\/div>\n<\/div>\n<\/div>\n<\/div>\n<\/div>\n<\/div>\n<\/div>\n<\/div>\n<\/div>\n<\/div>\n<\/div>\n<\/div>\n<\/div>\n<div class='share-to-whatsapp-wrapper'><div class='share-on-whsp'>Share on: <\/div><a data-text='Salvador registra movimenta\u00e7\u00e3o de R$ 211 milh\u00f5es no feriado da Consci\u00eancia Negra' data-link='https:\/\/newsinfoco.com.br\/inicio\/salvador-registra-movimentacao-de-r-211-milhoes-no-feriado-da-consciencia-negra\/' class='whatsapp-button whatsapp-share'>WhatsApp<\/a><div class='clear '><\/div><\/div>","protected":false},"excerpt":{"rendered":"<p>Salvador registrou um ganho de R$ 211,5 milh\u00f5es em receita tur\u00edstica entre os dias 20 e 23 de novembro, per\u00edodo marcado pelo feriado da Consci\u00eancia Negra. O dado, atualizado pela Associa\u00e7\u00e3o Brasileira da Ind\u00fastria de Hot\u00e9is (ABIH-BA), confirma o avan\u00e7o cont\u00ednuo do setor na cidade ao longo de 2025, impulsionado pela amplia\u00e7\u00e3o da oferta cultural [&hellip;]<\/p>\n","protected":false},"author":1,"featured_media":47927,"comment_status":"closed","ping_status":"closed","sticky":false,"template":"","format":"standard","meta":{"om_disable_all_campaigns":false,"_exactmetrics_skip_tracking":false,"_exactmetrics_sitenote_active":false,"_exactmetrics_sitenote_note":"","_exactmetrics_sitenote_category":0,"footnotes":""},"categories":[19],"tags":[],"class_list":["post-47926","post","type-post","status-publish","format-standard","has-post-thumbnail","hentry","category-bahia"],"aioseo_notices":[],"_links":{"self":[{"href":"https:\/\/newsinfoco.com.br\/inicio\/wp-json\/wp\/v2\/posts\/47926","targetHints":{"allow":["GET"]}}],"collection":[{"href":"https:\/\/newsinfoco.com.br\/inicio\/wp-json\/wp\/v2\/posts"}],"about":[{"href":"https:\/\/newsinfoco.com.br\/inicio\/wp-json\/wp\/v2\/types\/post"}],"author":[{"embeddable":true,"href":"https:\/\/newsinfoco.com.br\/inicio\/wp-json\/wp\/v2\/users\/1"}],"replies":[{"embeddable":true,"href":"https:\/\/newsinfoco.com.br\/inicio\/wp-json\/wp\/v2\/comments?post=47926"}],"version-history":[{"count":1,"href":"https:\/\/newsinfoco.com.br\/inicio\/wp-json\/wp\/v2\/posts\/47926\/revisions"}],"predecessor-version":[{"id":47928,"href":"https:\/\/newsinfoco.com.br\/inicio\/wp-json\/wp\/v2\/posts\/47926\/revisions\/47928"}],"wp:featuredmedia":[{"embeddable":true,"href":"https:\/\/newsinfoco.com.br\/inicio\/wp-json\/wp\/v2\/media\/47927"}],"wp:attachment":[{"href":"https:\/\/newsinfoco.com.br\/inicio\/wp-json\/wp\/v2\/media?parent=47926"}],"wp:term":[{"taxonomy":"category","embeddable":true,"href":"https:\/\/newsinfoco.com.br\/inicio\/wp-json\/wp\/v2\/categories?post=47926"},{"taxonomy":"post_tag","embeddable":true,"href":"https:\/\/newsinfoco.com.br\/inicio\/wp-json\/wp\/v2\/tags?post=47926"}],"curies":[{"name":"wp","href":"https:\/\/api.w.org\/{rel}","templated":true}]}}