{"id":47947,"date":"2025-11-27T14:03:18","date_gmt":"2025-11-27T17:03:18","guid":{"rendered":"https:\/\/newsinfoco.com.br\/inicio\/?p=47947"},"modified":"2025-11-27T14:03:18","modified_gmt":"2025-11-27T17:03:18","slug":"lula-anuncia-criacao-de-universidade-federal-indigena-saiba-onde-sera","status":"publish","type":"post","link":"https:\/\/newsinfoco.com.br\/inicio\/lula-anuncia-criacao-de-universidade-federal-indigena-saiba-onde-sera\/","title":{"rendered":"Lula anuncia cria\u00e7\u00e3o de Universidade Federal Ind\u00edgena; saiba onde ser\u00e1"},"content":{"rendered":"<p data-start=\"234\" data-end=\"431\">O presidente Lula (PT) anuncia, nesta quinta-feira (27), a cria\u00e7\u00e3o de duas novas institui\u00e7\u00f5es de ensino superior, a Unind (Universidade Federal Ind\u00edgena) e a UFEsporte (Universidade Federal do Esporte).<\/p>\n<p data-start=\"234\" data-end=\"431\">A futura Universidade Ind\u00edgena do Brasil ter\u00e1 sua sede principal em Bras\u00edlia (DF), conforme an\u00fancio do Minist\u00e9rio da Educa\u00e7\u00e3o (MEC) e do presidente Lula.<\/p><div class=\"newsi-conteudo_19\" id=\"newsi-1408738244\"><a href=\"https:\/\/www.instagram.com\/prefeituraalagoinhas?igsh=YzgzdDJ1bWR3aWI4\" aria-label=\"SAVE_20251006_221555\"><img loading=\"lazy\" decoding=\"async\" src=\"https:\/\/newsinfoco.com.br\/inicio\/wp-content\/uploads\/2025\/10\/SAVE_20251006_221555-rotated.jpg\" alt=\"\"  srcset=\"https:\/\/newsinfoco.com.br\/inicio\/wp-content\/uploads\/2025\/10\/SAVE_20251006_221555-rotated.jpg 1140w, https:\/\/newsinfoco.com.br\/inicio\/wp-content\/uploads\/2025\/10\/SAVE_20251006_221555-300x52.jpg 300w, https:\/\/newsinfoco.com.br\/inicio\/wp-content\/uploads\/2025\/10\/SAVE_20251006_221555-1024x177.jpg 1024w, https:\/\/newsinfoco.com.br\/inicio\/wp-content\/uploads\/2025\/10\/SAVE_20251006_221555-768x133.jpg 768w, https:\/\/newsinfoco.com.br\/inicio\/wp-content\/uploads\/2025\/10\/SAVE_20251006_221555-600x104.jpg 600w, https:\/\/newsinfoco.com.br\/inicio\/wp-content\/uploads\/2025\/10\/SAVE_20251006_221555-696x120.jpg 696w, https:\/\/newsinfoco.com.br\/inicio\/wp-content\/uploads\/2025\/10\/SAVE_20251006_221555-1068x185.jpg 1068w\" sizes=\"(max-width: 1140px) 100vw, 1140px\" width=\"1140\" height=\"197\"   \/><\/a><\/div>\n<p data-start=\"234\" data-end=\"431\">Al\u00e9m da sede na capital federal, a universidade contar\u00e1 com polos de extens\u00e3o em todos os estados do pa\u00eds para facilitar o acesso dos estudantes, de forma que n\u00e3o precisem se deslocar para Bras\u00edlia para estudar perto de suas resid\u00eancias.<\/p>\n<p data-start=\"234\" data-end=\"431\">O DF tem a segunda menor popula\u00e7\u00e3o ind\u00edgena do Brasil em n\u00fameros absolutos, ganhando somente de Sergipe.<\/p>\n<p data-start=\"433\" data-end=\"683\">A cerim\u00f4nia de envio dos projetos de lei contar\u00e1 com a presen\u00e7a dos ministros Camilo Santana (Educa\u00e7\u00e3o), Andr\u00e9 Fufuca (Esporte) e Sonia Guajajara (Povos Ind\u00edgenas). Ao lado de Lula, eles assinam os textos que ser\u00e3o encaminhados ao Congresso Nacional.<\/p>\n<p data-start=\"685\" data-end=\"861\">Os grupos t\u00e9cnicos interministeriais respons\u00e1veis pelo desenvolvimento das propostas atuar\u00e3o ao longo de 2026. A previs\u00e3o \u00e9 de que as universidades comecem a funcionar em 2027.<\/p>\n<p data-start=\"863\" data-end=\"1300\">A Universidade Federal Ind\u00edgena vem sendo discutida desde abril do ano passado, quando o governo instituiu um grupo de trabalho para orientar sua cria\u00e7\u00e3o. Para a ministra Sonia Guajajara, a iniciativa representa uma valoriza\u00e7\u00e3o dos conhecimentos ind\u00edgenas. Segundo ela, o debate sobre a Pol\u00edtica Nacional de Participa\u00e7\u00e3o Ind\u00edgena se arrasta h\u00e1 quase 30 anos, e o Minist\u00e9rio da Educa\u00e7\u00e3o ouviu lideran\u00e7as sobre a proposta antes de avan\u00e7ar.<\/p>\n<div>\n<div class=\"trv-player-container\">\n<div class=\"trv-wrapper\">\n<div id=\"br_video_player_83828103bdff49600357ea147751da9dc3c659f9\" class=\"trvd_video_player trvdfloater trv-right\">\n<div class=\"media-player\">\n<div class=\"trv-video\">J\u00e1 a Universidade Federal do Esporte come\u00e7ou a ser mencionada por Lula em maio deste ano. A institui\u00e7\u00e3o ser\u00e1 direcionada a jovens de baixa renda, oferecendo cursos variados e forma\u00e7\u00e3o com profissionais de diferentes modalidades esportivas. A ideia inicial previa uma faculdade focada apenas no futebol, mas o projeto foi ampliado.<\/div>\n<\/div>\n<div>\n<div class=\"trv-player-container\">\n<div class=\"trv-wrapper\">\n<div id=\"br_video_player_83828103bdff49600357ea147751da9dc3c659f9\" class=\"trvd_video_player trvdfloater trv-right\">\n<div class=\"conteudo_post\">\n<p data-start=\"1634\" data-end=\"1823\" data-is-last-node=\"\" data-is-only-node=\"\">Para o governo federal, ambas as iniciativas representam um avan\u00e7o na expans\u00e3o da educa\u00e7\u00e3o superior p\u00fablica e gratuita, refor\u00e7ando princ\u00edpios de inclus\u00e3o, equidade e desenvolvimento humano.<\/p>\n<p data-start=\"1634\" data-end=\"1823\" data-is-last-node=\"\" data-is-only-node=\"\">Bahia.Ba<\/p>\n<\/div>\n<div id=\"div-share\">\n<div class=\"conteudo_post\"><\/div>\n<div id=\"div-share\"><\/div>\n<\/div>\n<\/div>\n<\/div>\n<\/div>\n<\/div>\n<\/div>\n<\/div>\n<\/div>\n<\/div>\n<div class='share-to-whatsapp-wrapper'><div class='share-on-whsp'>Share on: <\/div><a data-text='Lula anuncia cria\u00e7\u00e3o de Universidade Federal Ind\u00edgena; saiba onde ser\u00e1' data-link='https:\/\/newsinfoco.com.br\/inicio\/lula-anuncia-criacao-de-universidade-federal-indigena-saiba-onde-sera\/' class='whatsapp-button whatsapp-share'>WhatsApp<\/a><div class='clear '><\/div><\/div>","protected":false},"excerpt":{"rendered":"<p>O presidente Lula (PT) anuncia, nesta quinta-feira (27), a cria\u00e7\u00e3o de duas novas institui\u00e7\u00f5es de ensino superior, a Unind (Universidade Federal Ind\u00edgena) e a UFEsporte (Universidade Federal do Esporte). A futura Universidade Ind\u00edgena do Brasil ter\u00e1 sua sede principal em Bras\u00edlia (DF), conforme an\u00fancio do Minist\u00e9rio da Educa\u00e7\u00e3o (MEC) e do presidente Lula. Al\u00e9m da [&hellip;]<\/p>\n","protected":false},"author":1,"featured_media":47948,"comment_status":"closed","ping_status":"closed","sticky":false,"template":"","format":"standard","meta":{"om_disable_all_campaigns":false,"_exactmetrics_skip_tracking":false,"_exactmetrics_sitenote_active":false,"_exactmetrics_sitenote_note":"","_exactmetrics_sitenote_category":0,"footnotes":""},"categories":[21],"tags":[],"class_list":["post-47947","post","type-post","status-publish","format-standard","has-post-thumbnail","hentry","category-brasil"],"aioseo_notices":[],"_links":{"self":[{"href":"https:\/\/newsinfoco.com.br\/inicio\/wp-json\/wp\/v2\/posts\/47947","targetHints":{"allow":["GET"]}}],"collection":[{"href":"https:\/\/newsinfoco.com.br\/inicio\/wp-json\/wp\/v2\/posts"}],"about":[{"href":"https:\/\/newsinfoco.com.br\/inicio\/wp-json\/wp\/v2\/types\/post"}],"author":[{"embeddable":true,"href":"https:\/\/newsinfoco.com.br\/inicio\/wp-json\/wp\/v2\/users\/1"}],"replies":[{"embeddable":true,"href":"https:\/\/newsinfoco.com.br\/inicio\/wp-json\/wp\/v2\/comments?post=47947"}],"version-history":[{"count":1,"href":"https:\/\/newsinfoco.com.br\/inicio\/wp-json\/wp\/v2\/posts\/47947\/revisions"}],"predecessor-version":[{"id":47949,"href":"https:\/\/newsinfoco.com.br\/inicio\/wp-json\/wp\/v2\/posts\/47947\/revisions\/47949"}],"wp:featuredmedia":[{"embeddable":true,"href":"https:\/\/newsinfoco.com.br\/inicio\/wp-json\/wp\/v2\/media\/47948"}],"wp:attachment":[{"href":"https:\/\/newsinfoco.com.br\/inicio\/wp-json\/wp\/v2\/media?parent=47947"}],"wp:term":[{"taxonomy":"category","embeddable":true,"href":"https:\/\/newsinfoco.com.br\/inicio\/wp-json\/wp\/v2\/categories?post=47947"},{"taxonomy":"post_tag","embeddable":true,"href":"https:\/\/newsinfoco.com.br\/inicio\/wp-json\/wp\/v2\/tags?post=47947"}],"curies":[{"name":"wp","href":"https:\/\/api.w.org\/{rel}","templated":true}]}}