{"id":47950,"date":"2025-11-27T14:59:41","date_gmt":"2025-11-27T17:59:41","guid":{"rendered":"https:\/\/newsinfoco.com.br\/inicio\/?p=47950"},"modified":"2025-11-27T14:59:41","modified_gmt":"2025-11-27T17:59:41","slug":"projeto-de-estudantes-baianos-e-finalista-em-premiacao-da-tv-globo","status":"publish","type":"post","link":"https:\/\/newsinfoco.com.br\/inicio\/projeto-de-estudantes-baianos-e-finalista-em-premiacao-da-tv-globo\/","title":{"rendered":"Projeto de estudantes baianos \u00e9 finalista em premia\u00e7\u00e3o da TV Globo"},"content":{"rendered":"<p>O projeto \u201cBiocimento: da Educa\u00e7\u00e3o T\u00e9cnica e Profissional ao Sistema Prisional do Munic\u00edpio de Serrinha \u2013 BA\u201d, desenvolvido por um grupo de estudantes do Centro Territorial de Educa\u00e7\u00e3o Profissional (CETEP) do Sisal, no munic\u00edpio de Serrinha, est\u00e1 entre os 15 finalistas do Pr\u00eamio LED \u2013 Luz na Educa\u00e7\u00e3o. A iniciativa da Globo e da Funda\u00e7\u00e3o Roberto Marinho, que integra o Movimento LED \u2013 Luz na Educa\u00e7\u00e3o, busca mapear, reconhecer e celebrar pr\u00e1ticas inovadoras em educa\u00e7\u00e3o em todo o pa\u00eds.<\/p>\n<p>O estudante Thiago Ferreira, 18 anos, do curso t\u00e9cnico em Administra\u00e7\u00e3o, que integra a equipe do projeto, comemorou o resultado. \u201cSer finalista refor\u00e7a que estamos no caminho certo: educar para transformar, inspirar e construir oportunidades reais. \u00c9 um s\u00edmbolo da for\u00e7a da escola p\u00fablica, da pot\u00eancia da nossa regi\u00e3o e do impacto que a Ci\u00eancia pode ter na vida das pessoas e de n\u00f3s estudantes. Seguimos firmes, com o cora\u00e7\u00e3o cheio de orgulho e a certeza de que esse \u00e9 s\u00f3 o come\u00e7o. A Bahia faz Ci\u00eancia, sim, e faz muito bem\u201d.<\/p><div class=\"newsi-conteudo_19\" id=\"newsi-2245387866\"><a href=\"https:\/\/www.instagram.com\/prefeituraalagoinhas?igsh=YzgzdDJ1bWR3aWI4\" aria-label=\"SAVE_20251006_221555\"><img loading=\"lazy\" decoding=\"async\" src=\"https:\/\/newsinfoco.com.br\/inicio\/wp-content\/uploads\/2025\/10\/SAVE_20251006_221555-rotated.jpg\" alt=\"\"  srcset=\"https:\/\/newsinfoco.com.br\/inicio\/wp-content\/uploads\/2025\/10\/SAVE_20251006_221555-rotated.jpg 1140w, https:\/\/newsinfoco.com.br\/inicio\/wp-content\/uploads\/2025\/10\/SAVE_20251006_221555-300x52.jpg 300w, https:\/\/newsinfoco.com.br\/inicio\/wp-content\/uploads\/2025\/10\/SAVE_20251006_221555-1024x177.jpg 1024w, https:\/\/newsinfoco.com.br\/inicio\/wp-content\/uploads\/2025\/10\/SAVE_20251006_221555-768x133.jpg 768w, https:\/\/newsinfoco.com.br\/inicio\/wp-content\/uploads\/2025\/10\/SAVE_20251006_221555-600x104.jpg 600w, https:\/\/newsinfoco.com.br\/inicio\/wp-content\/uploads\/2025\/10\/SAVE_20251006_221555-696x120.jpg 696w, https:\/\/newsinfoco.com.br\/inicio\/wp-content\/uploads\/2025\/10\/SAVE_20251006_221555-1068x185.jpg 1068w\" sizes=\"(max-width: 1140px) 100vw, 1140px\" width=\"1140\" height=\"197\"   \/><\/a><\/div>\n<p>Segundo o professor e orientador do projeto, Thales do Nascimento, estar entre os finalistas \u00e9 a prova de que a educa\u00e7\u00e3o baiana produz ci\u00eancia, inova\u00e7\u00e3o e transforma\u00e7\u00e3o social todos os dias. \u201c\u00c9 um daqueles momentos que marcam a minha vida, a dos meus estudantes e a da nossa escola. Como professor, ver um projeto nascer da curiosidade deles, crescer com estudo, esfor\u00e7o e esperan\u00e7a e, agora, alcan\u00e7ar um reconhecimento nacional como esse, \u00e9 indescrit\u00edvel. O nosso projeto n\u00e3o \u00e9 apenas uma atividade de sala de aula. Ele \u00e9 prop\u00f3sito, \u00e9 compromisso com a comunidade e com um futuro mais sustent\u00e1vel\u201d, afirmou.<\/p>\n<p>O projeto Biocimento desenvolve solu\u00e7\u00f5es sustent\u00e1veis para a constru\u00e7\u00e3o civil por meio da transforma\u00e7\u00e3o de res\u00edduos s\u00f3lidos como papel, fibras de coco em blocos ecol\u00f3gicos, pavimentos intertravados e elementos construtivos de baixo custo. Ao substituir a areia e outros agregados naturais por materiais recicl\u00e1veis, o projeto reduz significativamente a explora\u00e7\u00e3o de recursos n\u00e3o renov\u00e1veis, estimula a economia circular e minimiza o volume de res\u00edduos destinados a aterros e lix\u00f5es.<\/p>\n<p><strong>Pr\u00f3ximas etapas<\/strong><\/p>\n<div>\n<div>\n<div class=\"trv-player-container\">\n<div class=\"trv-wrapper\">\n<div id=\"br_video_player_5b2f46f2150981d938b5ea147751da9dc3c659f9\" class=\"trvd_video_player trvdinstream\">\n<div class=\"media-player\">\n<div class=\"trv-video\">\n<div id=\"truvid_ima_container13939\" class=\"truvid_ima_container\">\n<div>\n<div>\n<p>Foram 3.200 projetos inscritos de todo o pa\u00eds. Deste total, 80 foram semifinalistas e passaram por sele\u00e7\u00e3o de jurados at\u00e9 a escolha dos 15 finalistas. No m\u00eas de dezembro, os 15 finalistas apresentar\u00e3o, de forma virtual, as suas respectivas iniciativas a um j\u00fari especializado.<\/p>\n<p>J\u00e1 em abril de 2026, as seis iniciativas vencedoras (duas por categoria) ser\u00e3o divulgadas durante a exibi\u00e7\u00e3o do programa Especial LED \u2013 Luz na Educa\u00e7\u00e3o, na TV Globo. Cada projeto premiado receber\u00e1 o pr\u00eamio de R$ 200 mil e far\u00e1 parte da Comunidade LED.<\/p>\n<p>Bahia.Ba<\/p>\n<\/div>\n<\/div>\n<\/div>\n<\/div>\n<\/div>\n<\/div>\n<\/div>\n<\/div>\n<\/div>\n<\/div>\n<div class='share-to-whatsapp-wrapper'><div class='share-on-whsp'>Share on: <\/div><a data-text='Projeto de estudantes baianos \u00e9 finalista em premia\u00e7\u00e3o da TV Globo' data-link='https:\/\/newsinfoco.com.br\/inicio\/projeto-de-estudantes-baianos-e-finalista-em-premiacao-da-tv-globo\/' class='whatsapp-button whatsapp-share'>WhatsApp<\/a><div class='clear '><\/div><\/div>","protected":false},"excerpt":{"rendered":"<p>O projeto \u201cBiocimento: da Educa\u00e7\u00e3o T\u00e9cnica e Profissional ao Sistema Prisional do Munic\u00edpio de Serrinha \u2013 BA\u201d, desenvolvido por um grupo de estudantes do Centro Territorial de Educa\u00e7\u00e3o Profissional (CETEP) do Sisal, no munic\u00edpio de Serrinha, est\u00e1 entre os 15 finalistas do Pr\u00eamio LED \u2013 Luz na Educa\u00e7\u00e3o. A iniciativa da Globo e da Funda\u00e7\u00e3o [&hellip;]<\/p>\n","protected":false},"author":1,"featured_media":47951,"comment_status":"closed","ping_status":"closed","sticky":false,"template":"","format":"standard","meta":{"om_disable_all_campaigns":false,"_exactmetrics_skip_tracking":false,"_exactmetrics_sitenote_active":false,"_exactmetrics_sitenote_note":"","_exactmetrics_sitenote_category":0,"footnotes":""},"categories":[19],"tags":[],"class_list":["post-47950","post","type-post","status-publish","format-standard","has-post-thumbnail","hentry","category-bahia"],"aioseo_notices":[],"_links":{"self":[{"href":"https:\/\/newsinfoco.com.br\/inicio\/wp-json\/wp\/v2\/posts\/47950","targetHints":{"allow":["GET"]}}],"collection":[{"href":"https:\/\/newsinfoco.com.br\/inicio\/wp-json\/wp\/v2\/posts"}],"about":[{"href":"https:\/\/newsinfoco.com.br\/inicio\/wp-json\/wp\/v2\/types\/post"}],"author":[{"embeddable":true,"href":"https:\/\/newsinfoco.com.br\/inicio\/wp-json\/wp\/v2\/users\/1"}],"replies":[{"embeddable":true,"href":"https:\/\/newsinfoco.com.br\/inicio\/wp-json\/wp\/v2\/comments?post=47950"}],"version-history":[{"count":1,"href":"https:\/\/newsinfoco.com.br\/inicio\/wp-json\/wp\/v2\/posts\/47950\/revisions"}],"predecessor-version":[{"id":47952,"href":"https:\/\/newsinfoco.com.br\/inicio\/wp-json\/wp\/v2\/posts\/47950\/revisions\/47952"}],"wp:featuredmedia":[{"embeddable":true,"href":"https:\/\/newsinfoco.com.br\/inicio\/wp-json\/wp\/v2\/media\/47951"}],"wp:attachment":[{"href":"https:\/\/newsinfoco.com.br\/inicio\/wp-json\/wp\/v2\/media?parent=47950"}],"wp:term":[{"taxonomy":"category","embeddable":true,"href":"https:\/\/newsinfoco.com.br\/inicio\/wp-json\/wp\/v2\/categories?post=47950"},{"taxonomy":"post_tag","embeddable":true,"href":"https:\/\/newsinfoco.com.br\/inicio\/wp-json\/wp\/v2\/tags?post=47950"}],"curies":[{"name":"wp","href":"https:\/\/api.w.org\/{rel}","templated":true}]}}