{"id":47953,"date":"2025-11-27T15:06:46","date_gmt":"2025-11-27T18:06:46","guid":{"rendered":"https:\/\/newsinfoco.com.br\/inicio\/?p=47953"},"modified":"2025-11-27T15:06:46","modified_gmt":"2025-11-27T18:06:46","slug":"faxinaco-previne-contra-disseminacao-de-arboviroses","status":"publish","type":"post","link":"https:\/\/newsinfoco.com.br\/inicio\/faxinaco-previne-contra-disseminacao-de-arboviroses\/","title":{"rendered":"\u201cFaxina\u00e7o\u201d previne contra dissemina\u00e7\u00e3o de arboviroses\u201c"},"content":{"rendered":"<div>A Prefeitura Municipal de Alagoinhas promoveu, nesta quinta-feira, 27, um \u201cfaxina\u00e7o\u201d como parte de uma mobiliza\u00e7\u00e3o no combate \u00e0s arboviroses no munic\u00edpio. A a\u00e7\u00e3o contou com a participa\u00e7\u00e3o de oito agentes de limpeza da Secretaria de Manuten\u00e7\u00e3o (Seman) e de sete agentes de combate \u00e0s endemias. A equipe contou com o suporte de uma retroescavadeira, uma ca\u00e7amba e um caminh\u00e3o para a remo\u00e7\u00e3o de inserv\u00edveis das vias.<\/div>\n<div><\/div>\n<div>Durante toda a semana, a Secretaria Municipal de Sa\u00fade realizou diversas atividades em alus\u00e3o \u00e0 Semana Municipal de Combate \u00e0s Arboviroses, visando \u00e0 preven\u00e7\u00e3o e ao enfrentamento do mosquito Aedes aegypti, respons\u00e1vel pela transmiss\u00e3o de doen\u00e7as como dengue, zika e chikungunya.<\/div>\n<div><\/div>\n<div>O objetivo do evento foi conscientizar a popula\u00e7\u00e3o sobre o impacto do lixo urbano e do descarte irregular de res\u00edduos na prolifera\u00e7\u00e3o do mosquito. O faxina\u00e7o se concentrou nas localidades de Nulce Pereira, Parque Imaculada Concei\u00e7\u00e3o ate \u00e0s margens da linha f\u00e9rrea na Santa Terezinha.<\/div>\n<div><\/div>\n<div>\u201cIdentificamos alguns pontos cr\u00edticos e decidimos coletar materiais inserv\u00edveis e tudo o que for descartado irregularmente reduzindo o risco de prolifera\u00e7\u00e3o do mosquito\u201d, explica Jo\u00e3o Teixeira, gerente de Endemias da Vigil\u00e2ncia em Sa\u00fade da Secretaria Municipal de Sa\u00fade (Sesau).<\/div>\n<div><\/div>\n<div>Segundo ele, os agentes realizaram visitas domiciliares em toda a regi\u00e3o onde ocorreu a a\u00e7\u00e3o. \u201cTemos muitos terrenos e \u00e1reas de vegeta\u00e7\u00e3o onde h\u00e1 grande descarte irregular de lixo. Essa a\u00e7\u00e3o tem como objetivo eliminar focos do Aedes nesses locais, que podem acumular \u00e1gua e favorecer a reprodu\u00e7\u00e3o do mosquito\u201d, ressalta Jo\u00e3o.<\/div>\n<div>\n<div>\n<div>\n<div><\/div>\n<\/div>\n<\/div>\n<\/div>\n<div class='share-to-whatsapp-wrapper'><div class='share-on-whsp'>Share on: <\/div><a data-text='\u201cFaxina\u00e7o\u201d previne contra dissemina\u00e7\u00e3o de arboviroses\u201c' data-link='https:\/\/newsinfoco.com.br\/inicio\/faxinaco-previne-contra-disseminacao-de-arboviroses\/' class='whatsapp-button whatsapp-share'>WhatsApp<\/a><div class='clear '><\/div><\/div>","protected":false},"excerpt":{"rendered":"<p>A Prefeitura Municipal de Alagoinhas promoveu, nesta quinta-feira, 27, um \u201cfaxina\u00e7o\u201d como parte de uma mobiliza\u00e7\u00e3o no combate \u00e0s arboviroses no munic\u00edpio. A a\u00e7\u00e3o contou com a participa\u00e7\u00e3o de oito agentes de limpeza da Secretaria de Manuten\u00e7\u00e3o (Seman) e de sete agentes de combate \u00e0s endemias. A equipe contou com o suporte de uma retroescavadeira, [&hellip;]<\/p>\n","protected":false},"author":1,"featured_media":47954,"comment_status":"closed","ping_status":"closed","sticky":false,"template":"","format":"standard","meta":{"om_disable_all_campaigns":false,"_exactmetrics_skip_tracking":false,"_exactmetrics_sitenote_active":false,"_exactmetrics_sitenote_note":"","_exactmetrics_sitenote_category":0,"footnotes":""},"categories":[38,167],"tags":[],"class_list":["post-47953","post","type-post","status-publish","format-standard","has-post-thumbnail","hentry","category-alagoinhas-e-regiao","category-exclusivas"],"aioseo_notices":[],"_links":{"self":[{"href":"https:\/\/newsinfoco.com.br\/inicio\/wp-json\/wp\/v2\/posts\/47953","targetHints":{"allow":["GET"]}}],"collection":[{"href":"https:\/\/newsinfoco.com.br\/inicio\/wp-json\/wp\/v2\/posts"}],"about":[{"href":"https:\/\/newsinfoco.com.br\/inicio\/wp-json\/wp\/v2\/types\/post"}],"author":[{"embeddable":true,"href":"https:\/\/newsinfoco.com.br\/inicio\/wp-json\/wp\/v2\/users\/1"}],"replies":[{"embeddable":true,"href":"https:\/\/newsinfoco.com.br\/inicio\/wp-json\/wp\/v2\/comments?post=47953"}],"version-history":[{"count":1,"href":"https:\/\/newsinfoco.com.br\/inicio\/wp-json\/wp\/v2\/posts\/47953\/revisions"}],"predecessor-version":[{"id":47955,"href":"https:\/\/newsinfoco.com.br\/inicio\/wp-json\/wp\/v2\/posts\/47953\/revisions\/47955"}],"wp:featuredmedia":[{"embeddable":true,"href":"https:\/\/newsinfoco.com.br\/inicio\/wp-json\/wp\/v2\/media\/47954"}],"wp:attachment":[{"href":"https:\/\/newsinfoco.com.br\/inicio\/wp-json\/wp\/v2\/media?parent=47953"}],"wp:term":[{"taxonomy":"category","embeddable":true,"href":"https:\/\/newsinfoco.com.br\/inicio\/wp-json\/wp\/v2\/categories?post=47953"},{"taxonomy":"post_tag","embeddable":true,"href":"https:\/\/newsinfoco.com.br\/inicio\/wp-json\/wp\/v2\/tags?post=47953"}],"curies":[{"name":"wp","href":"https:\/\/api.w.org\/{rel}","templated":true}]}}