{"id":47956,"date":"2025-11-27T15:14:48","date_gmt":"2025-11-27T18:14:48","guid":{"rendered":"https:\/\/newsinfoco.com.br\/inicio\/?p=47956"},"modified":"2025-11-27T15:14:48","modified_gmt":"2025-11-27T18:14:48","slug":"curso-para-delegados-e-conselheiros-do-orcamento-participativo-encerra-atividades-com-intercambio-academico-e-avaliacao-participativa","status":"publish","type":"post","link":"https:\/\/newsinfoco.com.br\/inicio\/curso-para-delegados-e-conselheiros-do-orcamento-participativo-encerra-atividades-com-intercambio-academico-e-avaliacao-participativa\/","title":{"rendered":"Curso para Delegados e Conselheiros do Or\u00e7amento Participativo encerra atividades com interc\u00e2mbio acad\u00eamico e avalia\u00e7\u00e3o participativa"},"content":{"rendered":"<p>A aula de encerramento do Curso de Forma\u00e7\u00e3o de Delegados e Conselheiros do Or\u00e7amento Participativo e Conselhos Municipais foi realizada na quinta-feira, no Centro Diocesano, reunindo participantes da forma\u00e7\u00e3o e estudantes da Universidade Federal da Bahia (UFBA). O encontro marcou a conclus\u00e3o de um ciclo iniciado pela Superintend\u00eancia de Participa\u00e7\u00e3o Popular (SPP), em parceria com a UFBA e a Funda\u00e7\u00e3o Get\u00falio Vargas (FGV), para fortalecer a participa\u00e7\u00e3o social e ampliar o di\u00e1logo entre gest\u00e3o p\u00fablica e comunidade.<\/p>\n<p>A condu\u00e7\u00e3o da \u00faltima aula ficou a cargo da professora Luiza Teixeira, da Escola de Administra\u00e7\u00e3o da UFBA. Para este momento estiveram presentes tamb\u00e9m alunos do curso de gradua\u00e7\u00e3o em Administra\u00e7\u00e3o e mestrandos do Programa de Mestrado em Gest\u00e3o Social, num interc\u00e2mbio que aproximou o ambiente acad\u00eamico das pr\u00e1ticas de gest\u00e3o municipal. \u201cAo longo do curso, recebemos v\u00e1rios alunos, numa a\u00e7\u00e3o de interc\u00e2mbio entre a UFBA e a Superintend\u00eancia de Participa\u00e7\u00e3o Popular. Para marcar o encerramento do processo formativo, na aula de hoje contamos com a presen\u00e7a dos alunos de gradua\u00e7\u00e3o e p\u00f3s-gradua\u00e7\u00e3o, numa troca de experi\u00eancias e viv\u00eancias entre o ambiente acad\u00eamico e a pr\u00e1tica da gest\u00e3o p\u00fablica\u201d, destacou o superintendente da SPP, T\u00e1rcio Mota.<\/p><div class=\"newsi-conteudo_19\" id=\"newsi-2636098927\"><a href=\"https:\/\/www.instagram.com\/prefeituraalagoinhas?igsh=YzgzdDJ1bWR3aWI4\" aria-label=\"SAVE_20251006_221555\"><img loading=\"lazy\" decoding=\"async\" src=\"https:\/\/newsinfoco.com.br\/inicio\/wp-content\/uploads\/2025\/10\/SAVE_20251006_221555-rotated.jpg\" alt=\"\"  srcset=\"https:\/\/newsinfoco.com.br\/inicio\/wp-content\/uploads\/2025\/10\/SAVE_20251006_221555-rotated.jpg 1140w, https:\/\/newsinfoco.com.br\/inicio\/wp-content\/uploads\/2025\/10\/SAVE_20251006_221555-300x52.jpg 300w, https:\/\/newsinfoco.com.br\/inicio\/wp-content\/uploads\/2025\/10\/SAVE_20251006_221555-1024x177.jpg 1024w, https:\/\/newsinfoco.com.br\/inicio\/wp-content\/uploads\/2025\/10\/SAVE_20251006_221555-768x133.jpg 768w, https:\/\/newsinfoco.com.br\/inicio\/wp-content\/uploads\/2025\/10\/SAVE_20251006_221555-600x104.jpg 600w, https:\/\/newsinfoco.com.br\/inicio\/wp-content\/uploads\/2025\/10\/SAVE_20251006_221555-696x120.jpg 696w, https:\/\/newsinfoco.com.br\/inicio\/wp-content\/uploads\/2025\/10\/SAVE_20251006_221555-1068x185.jpg 1068w\" sizes=\"(max-width: 1140px) 100vw, 1140px\" width=\"1140\" height=\"197\"   \/><\/a><\/div>\n<p>Como parte das atividades de conclus\u00e3o, foi realizada uma din\u00e2mica de avalia\u00e7\u00e3o e registro do processo formativo. \u201cDividimos os alunos em grupos, para que eles fizessem um registro em v\u00eddeo do que foi aprendido ao longo dos m\u00f3dulos estudados. Assim, teremos um material audiovisual que permitir\u00e1 avaliar o curso e identificar o que pode ser aprimorado nas pr\u00f3ximas forma\u00e7\u00f5es\u201d, explicou a professora Luiza Teixeira.<\/p>\n<p>Para o vice-prefeito Luciano S\u00e9rgio, o saldo da forma\u00e7\u00e3o \u00e9 positivo e refor\u00e7a o compromisso da gest\u00e3o com a democracia participativa. \u201cEssa forma\u00e7\u00e3o \u00e9 uma demonstra\u00e7\u00e3o inequ\u00edvoca do pacto feito pela gest\u00e3o municipal com a participa\u00e7\u00e3o popular, com o reconhecimento da representatividade de diversas institui\u00e7\u00f5es e da popula\u00e7\u00e3o. Oferecemos um espa\u00e7o inovador de rela\u00e7\u00e3o entre poder p\u00fablico e sociedade, com a chancela de uma institui\u00e7\u00e3o de refer\u00eancia como a UFBA\u201d, afirmou.<\/p>\n<p>Durante a estadia em Alagoinhas, o grupo de estudantes da UFBA tamb\u00e9m realizou visitas a espa\u00e7os hist\u00f3ricos e culturais do munic\u00edpio, como o Projeto Esta\u00e7\u00e3o de Mem\u00f3rias, na Funda\u00e7\u00e3o Iraci Gama de Cultura, e a Igreja Inacabada. A iniciativa refor\u00e7ou o v\u00ednculo criado ao longo do interc\u00e2mbio. \u201cFoi uma forma deles conhecerem nossa cidade e fortalecerem o la\u00e7o que constru\u00edmos com a Universidade Federal da Bahia\u201d, acrescentou T\u00e1rcio.<\/p>\n<p>Para Luciana Mota, mestranda do Programa de Gest\u00e3o Social da UFBA, a experi\u00eancia foi marcante. \u201cPerceber que a cidade respeita e preserva sua mem\u00f3ria, e tem orgulho do seu passado, que tamb\u00e9m constr\u00f3i o presente, foi muito significativo. Chamou a minha aten\u00e7\u00e3o a participa\u00e7\u00e3o das mulheres em todas as etapas da hist\u00f3ria do crescimento de Alagoinhas em torno da linha f\u00e9rrea. Isso foi muito importante\u201d, afirmou.<\/p>\n<p>No dia 10 de dezembro haver\u00e1 a cerim\u00f4nia oficial de encerramento do curso, quando os alunos receber\u00e3o seus certificados de conclus\u00e3o emitidos pela Universidade Federal da Bahia.<\/p>\n<p>&nbsp;<\/p>\n<div class='share-to-whatsapp-wrapper'><div class='share-on-whsp'>Share on: <\/div><a data-text='Curso para Delegados e Conselheiros do Or\u00e7amento Participativo encerra atividades com interc\u00e2mbio acad\u00eamico e avalia\u00e7\u00e3o participativa' data-link='https:\/\/newsinfoco.com.br\/inicio\/curso-para-delegados-e-conselheiros-do-orcamento-participativo-encerra-atividades-com-intercambio-academico-e-avaliacao-participativa\/' class='whatsapp-button whatsapp-share'>WhatsApp<\/a><div class='clear '><\/div><\/div>","protected":false},"excerpt":{"rendered":"<p>A aula de encerramento do Curso de Forma\u00e7\u00e3o de Delegados e Conselheiros do Or\u00e7amento Participativo e Conselhos Municipais foi realizada na quinta-feira, no Centro Diocesano, reunindo participantes da forma\u00e7\u00e3o e estudantes da Universidade Federal da Bahia (UFBA). O encontro marcou a conclus\u00e3o de um ciclo iniciado pela Superintend\u00eancia de Participa\u00e7\u00e3o Popular (SPP), em parceria com [&hellip;]<\/p>\n","protected":false},"author":1,"featured_media":47957,"comment_status":"closed","ping_status":"closed","sticky":false,"template":"","format":"standard","meta":{"om_disable_all_campaigns":false,"_exactmetrics_skip_tracking":false,"_exactmetrics_sitenote_active":false,"_exactmetrics_sitenote_note":"","_exactmetrics_sitenote_category":0,"footnotes":""},"categories":[38,167],"tags":[],"class_list":["post-47956","post","type-post","status-publish","format-standard","has-post-thumbnail","hentry","category-alagoinhas-e-regiao","category-exclusivas"],"aioseo_notices":[],"_links":{"self":[{"href":"https:\/\/newsinfoco.com.br\/inicio\/wp-json\/wp\/v2\/posts\/47956","targetHints":{"allow":["GET"]}}],"collection":[{"href":"https:\/\/newsinfoco.com.br\/inicio\/wp-json\/wp\/v2\/posts"}],"about":[{"href":"https:\/\/newsinfoco.com.br\/inicio\/wp-json\/wp\/v2\/types\/post"}],"author":[{"embeddable":true,"href":"https:\/\/newsinfoco.com.br\/inicio\/wp-json\/wp\/v2\/users\/1"}],"replies":[{"embeddable":true,"href":"https:\/\/newsinfoco.com.br\/inicio\/wp-json\/wp\/v2\/comments?post=47956"}],"version-history":[{"count":1,"href":"https:\/\/newsinfoco.com.br\/inicio\/wp-json\/wp\/v2\/posts\/47956\/revisions"}],"predecessor-version":[{"id":47958,"href":"https:\/\/newsinfoco.com.br\/inicio\/wp-json\/wp\/v2\/posts\/47956\/revisions\/47958"}],"wp:featuredmedia":[{"embeddable":true,"href":"https:\/\/newsinfoco.com.br\/inicio\/wp-json\/wp\/v2\/media\/47957"}],"wp:attachment":[{"href":"https:\/\/newsinfoco.com.br\/inicio\/wp-json\/wp\/v2\/media?parent=47956"}],"wp:term":[{"taxonomy":"category","embeddable":true,"href":"https:\/\/newsinfoco.com.br\/inicio\/wp-json\/wp\/v2\/categories?post=47956"},{"taxonomy":"post_tag","embeddable":true,"href":"https:\/\/newsinfoco.com.br\/inicio\/wp-json\/wp\/v2\/tags?post=47956"}],"curies":[{"name":"wp","href":"https:\/\/api.w.org\/{rel}","templated":true}]}}