{"id":47959,"date":"2025-11-27T15:22:55","date_gmt":"2025-11-27T18:22:55","guid":{"rendered":"https:\/\/newsinfoco.com.br\/inicio\/?p=47959"},"modified":"2025-11-27T15:22:55","modified_gmt":"2025-11-27T18:22:55","slug":"caps-iii-realiza-programacao-especial-dedicada-ao-novembro-azul","status":"publish","type":"post","link":"https:\/\/newsinfoco.com.br\/inicio\/caps-iii-realiza-programacao-especial-dedicada-ao-novembro-azul\/","title":{"rendered":"CAPS III realiza programa\u00e7\u00e3o especial dedicada ao Novembro Azul"},"content":{"rendered":"<p>A Prefeitura de Alagoinhas, por meio da Secretaria Municipal de Sa\u00fade (SESAU), realizou uma programa\u00e7\u00e3o especial alusiva ao Novembro Azul no Centro de Aten\u00e7\u00e3o Psicossocial \u2013 CAPS III Tom Brasil.<\/p>\n<p>Realizada entre 24 e 26 de novembro, a a\u00e7\u00e3o fez parte do conjunto de atividades do Novembro Azul destinadas aos usu\u00e1rios do servi\u00e7o, com o objetivo de ampliar a conscientiza\u00e7\u00e3o sobre a sa\u00fade do homem, destacando a relev\u00e2ncia da preven\u00e7\u00e3o e do autocuidado.<\/p><div class=\"newsi-conteudo_19\" id=\"newsi-108256470\"><a href=\"https:\/\/www.instagram.com\/prefeituraalagoinhas?igsh=YzgzdDJ1bWR3aWI4\" aria-label=\"SAVE_20251006_221555\"><img loading=\"lazy\" decoding=\"async\" src=\"https:\/\/newsinfoco.com.br\/inicio\/wp-content\/uploads\/2025\/10\/SAVE_20251006_221555-rotated.jpg\" alt=\"\"  srcset=\"https:\/\/newsinfoco.com.br\/inicio\/wp-content\/uploads\/2025\/10\/SAVE_20251006_221555-rotated.jpg 1140w, https:\/\/newsinfoco.com.br\/inicio\/wp-content\/uploads\/2025\/10\/SAVE_20251006_221555-300x52.jpg 300w, https:\/\/newsinfoco.com.br\/inicio\/wp-content\/uploads\/2025\/10\/SAVE_20251006_221555-1024x177.jpg 1024w, https:\/\/newsinfoco.com.br\/inicio\/wp-content\/uploads\/2025\/10\/SAVE_20251006_221555-768x133.jpg 768w, https:\/\/newsinfoco.com.br\/inicio\/wp-content\/uploads\/2025\/10\/SAVE_20251006_221555-600x104.jpg 600w, https:\/\/newsinfoco.com.br\/inicio\/wp-content\/uploads\/2025\/10\/SAVE_20251006_221555-696x120.jpg 696w, https:\/\/newsinfoco.com.br\/inicio\/wp-content\/uploads\/2025\/10\/SAVE_20251006_221555-1068x185.jpg 1068w\" sizes=\"(max-width: 1140px) 100vw, 1140px\" width=\"1140\" height=\"197\"   \/><\/a><\/div>\n<p>A programa\u00e7\u00e3o contou com jogos interativos, cortes de cabelo, servi\u00e7os de manicure e um caf\u00e9 da manh\u00e3 acolhedor. Encerrando as atividades, foi realizada uma roda de conversa com palestras educativas sobre sa\u00fade do homem e sobre o uso racional de medicamentos, ministradas pelos farmac\u00eauticos Ruy Almeida e William Abreu.<\/p>\n<p>O secret\u00e1rio municipal de Sa\u00fade, Virg\u00ednio Pereira, destacou o compromisso da gest\u00e3o com o acolhimento e a aten\u00e7\u00e3o integral aos pacientes: \u201cNovembro Azul \u00e9 um m\u00eas de conscientiza\u00e7\u00e3o, no qual refor\u00e7amos a import\u00e2ncia do cuidado integral com a sa\u00fade do homem. Aqui no CAPS temos uma equipe dedicada, que abra\u00e7a essa causa com responsabilidade, planejamento e profissionalismo. \u00c9 gratificante participar de um momento que envolve bem-estar, inclus\u00e3o social e a partilha de conhecimento por meio de palestras t\u00e3o importantes\u201d, afirmou.<\/p>\n<p>A coordenadora geral do CAPS III, Valdimary Melo, ressaltou o prop\u00f3sito da a\u00e7\u00e3o: \u201cDurante toda a semana realizamos atividades voltadas para os nossos assistidos, refor\u00e7ando que a sa\u00fade do homem importa. Eles merecem aten\u00e7\u00e3o n\u00e3o apenas \u00e0 sa\u00fade mental, mas tamb\u00e9m \u00e0 apar\u00eancia, \u00e0 sa\u00fade f\u00edsica, ao autocuidado e ao lazer\u201d.<\/p>\n<p>Usu\u00e1rio do CAPS h\u00e1 mais de cinco anos, Jackson Oliveira participou da programa\u00e7\u00e3o e avaliou positivamente a experi\u00eancia: \u201cAdorei a a\u00e7\u00e3o. Aproveitei para cortar o cabelo e me informar mais nas palestras. O CAPS faz muita diferen\u00e7a no meu bem-estar e na minha sa\u00fade mental. As enfermeiras, t\u00e9cnicas e toda a equipe s\u00e3o muito acolhedoras e atenciosas conosco.\u201d<\/p>\n<p>&nbsp;<\/p>\n<div class='share-to-whatsapp-wrapper'><div class='share-on-whsp'>Share on: <\/div><a data-text='CAPS III realiza programa\u00e7\u00e3o especial dedicada ao Novembro Azul' data-link='https:\/\/newsinfoco.com.br\/inicio\/caps-iii-realiza-programacao-especial-dedicada-ao-novembro-azul\/' class='whatsapp-button whatsapp-share'>WhatsApp<\/a><div class='clear '><\/div><\/div>","protected":false},"excerpt":{"rendered":"<p>A Prefeitura de Alagoinhas, por meio da Secretaria Municipal de Sa\u00fade (SESAU), realizou uma programa\u00e7\u00e3o especial alusiva ao Novembro Azul no Centro de Aten\u00e7\u00e3o Psicossocial \u2013 CAPS III Tom Brasil. Realizada entre 24 e 26 de novembro, a a\u00e7\u00e3o fez parte do conjunto de atividades do Novembro Azul destinadas aos usu\u00e1rios do servi\u00e7o, com o [&hellip;]<\/p>\n","protected":false},"author":1,"featured_media":47960,"comment_status":"closed","ping_status":"closed","sticky":false,"template":"","format":"standard","meta":{"om_disable_all_campaigns":false,"_exactmetrics_skip_tracking":false,"_exactmetrics_sitenote_active":false,"_exactmetrics_sitenote_note":"","_exactmetrics_sitenote_category":0,"footnotes":""},"categories":[38,167],"tags":[],"class_list":["post-47959","post","type-post","status-publish","format-standard","has-post-thumbnail","hentry","category-alagoinhas-e-regiao","category-exclusivas"],"aioseo_notices":[],"_links":{"self":[{"href":"https:\/\/newsinfoco.com.br\/inicio\/wp-json\/wp\/v2\/posts\/47959","targetHints":{"allow":["GET"]}}],"collection":[{"href":"https:\/\/newsinfoco.com.br\/inicio\/wp-json\/wp\/v2\/posts"}],"about":[{"href":"https:\/\/newsinfoco.com.br\/inicio\/wp-json\/wp\/v2\/types\/post"}],"author":[{"embeddable":true,"href":"https:\/\/newsinfoco.com.br\/inicio\/wp-json\/wp\/v2\/users\/1"}],"replies":[{"embeddable":true,"href":"https:\/\/newsinfoco.com.br\/inicio\/wp-json\/wp\/v2\/comments?post=47959"}],"version-history":[{"count":1,"href":"https:\/\/newsinfoco.com.br\/inicio\/wp-json\/wp\/v2\/posts\/47959\/revisions"}],"predecessor-version":[{"id":47961,"href":"https:\/\/newsinfoco.com.br\/inicio\/wp-json\/wp\/v2\/posts\/47959\/revisions\/47961"}],"wp:featuredmedia":[{"embeddable":true,"href":"https:\/\/newsinfoco.com.br\/inicio\/wp-json\/wp\/v2\/media\/47960"}],"wp:attachment":[{"href":"https:\/\/newsinfoco.com.br\/inicio\/wp-json\/wp\/v2\/media?parent=47959"}],"wp:term":[{"taxonomy":"category","embeddable":true,"href":"https:\/\/newsinfoco.com.br\/inicio\/wp-json\/wp\/v2\/categories?post=47959"},{"taxonomy":"post_tag","embeddable":true,"href":"https:\/\/newsinfoco.com.br\/inicio\/wp-json\/wp\/v2\/tags?post=47959"}],"curies":[{"name":"wp","href":"https:\/\/api.w.org\/{rel}","templated":true}]}}