{"id":47968,"date":"2025-11-27T15:44:56","date_gmt":"2025-11-27T18:44:56","guid":{"rendered":"https:\/\/newsinfoco.com.br\/inicio\/?p=47968"},"modified":"2025-11-27T15:44:56","modified_gmt":"2025-11-27T18:44:56","slug":"vereador-thor-de-ninha-defende-responsabilizacao-de-bolsonaro-e-faz-balanco-historico-sobre-ataques-a-democracia","status":"publish","type":"post","link":"https:\/\/newsinfoco.com.br\/inicio\/vereador-thor-de-ninha-defende-responsabilizacao-de-bolsonaro-e-faz-balanco-historico-sobre-ataques-a-democracia\/","title":{"rendered":"Vereador Thor de Ninha defende responsabiliza\u00e7\u00e3o de Bolsonaro e faz balan\u00e7o hist\u00f3rico sobre ataques \u00e0 democracia"},"content":{"rendered":"<div class=\"elementor-column elementor-col-50 elementor-top-column elementor-element elementor-element-166fa74c\" data-id=\"166fa74c\" data-element_type=\"column\">\n<div class=\"elementor-widget-wrap elementor-element-populated\">\n<div class=\"elementor-element elementor-element-8956c80 elementor-widget elementor-widget-theme-post-content\" data-id=\"8956c80\" data-element_type=\"widget\" data-widget_type=\"theme-post-content.default\">\n<div class=\"elementor-widget-container\">\n<p>Na sess\u00e3o realizada nesta ter\u00e7a-feira (25), o vereador Thor de Ninha fez um pronunciamento enf\u00e1tico sobre a pris\u00e3o do ex-presidente Jair Bolsonaro, afirmando que o momento n\u00e3o deve ser encarado com celebra\u00e7\u00e3o, mas como parte de um processo necess\u00e1rio de responsabiliza\u00e7\u00e3o.<\/p>\n<p>\u201cN\u00e3o h\u00e1 felicidade nenhuma quando qualquer cidad\u00e3o ou qualquer cidad\u00e3 \u00e9 preso neste pa\u00eds. A pris\u00e3o do ex-presidente Bolsonaro n\u00e3o \u00e9 motivo de alegria para ningu\u00e9m, mas h\u00e1 uma necessidade de se fazer justi\u00e7a\u201d, declarou.<\/p><div class=\"newsi-conteudo_19\" id=\"newsi-2518629116\"><a href=\"https:\/\/www.instagram.com\/prefeituraalagoinhas?igsh=YzgzdDJ1bWR3aWI4\" aria-label=\"SAVE_20251006_221555\"><img loading=\"lazy\" decoding=\"async\" src=\"https:\/\/newsinfoco.com.br\/inicio\/wp-content\/uploads\/2025\/10\/SAVE_20251006_221555-rotated.jpg\" alt=\"\"  srcset=\"https:\/\/newsinfoco.com.br\/inicio\/wp-content\/uploads\/2025\/10\/SAVE_20251006_221555-rotated.jpg 1140w, https:\/\/newsinfoco.com.br\/inicio\/wp-content\/uploads\/2025\/10\/SAVE_20251006_221555-300x52.jpg 300w, https:\/\/newsinfoco.com.br\/inicio\/wp-content\/uploads\/2025\/10\/SAVE_20251006_221555-1024x177.jpg 1024w, https:\/\/newsinfoco.com.br\/inicio\/wp-content\/uploads\/2025\/10\/SAVE_20251006_221555-768x133.jpg 768w, https:\/\/newsinfoco.com.br\/inicio\/wp-content\/uploads\/2025\/10\/SAVE_20251006_221555-600x104.jpg 600w, https:\/\/newsinfoco.com.br\/inicio\/wp-content\/uploads\/2025\/10\/SAVE_20251006_221555-696x120.jpg 696w, https:\/\/newsinfoco.com.br\/inicio\/wp-content\/uploads\/2025\/10\/SAVE_20251006_221555-1068x185.jpg 1068w\" sizes=\"(max-width: 1140px) 100vw, 1140px\" width=\"1140\" height=\"197\"   \/><\/a><\/div>\n<p>O vereador reconstruiu, em seu pronunciamento, uma linha do tempo pol\u00edtica que, segundo ele, ajuda a compreender a atual conjuntura. Relembrou as manifesta\u00e7\u00f5es de 2013, marcadas pelo movimento Vem Pra Rua, que, segundo Thor, foi impulsionado por interesses que ultrapassavam o discurso anticorrup\u00e7\u00e3o e, naquele momento, contribu\u00edram para fortalecer uma narrativa contr\u00e1ria \u00e0 presidenta Dilma Rousseff. \u201cEm 2013, a luta era pelo combate \u00e0 corrup\u00e7\u00e3o, por um momento diferente da pol\u00edtica brasileira, mas era tamb\u00e9m claramente contra a presidenta Dilma\u201d, afirmou.<\/p>\n<p>Thor destacou que o cen\u00e1rio se acirrou nas elei\u00e7\u00f5es de 2014, quando o ent\u00e3o candidato A\u00e9cio Neves trouxe, em suas palavras, \u201ca pior das campanhas pol\u00edticas\u201d, centrada em pautas de costumes. Para o vereador, essa estrat\u00e9gia, somada ao clima constru\u00eddo desde as manifesta\u00e7\u00f5es, dividiu o pa\u00eds e abriu caminho para o impeachment da presidenta Dilma Rousseff em 2016, epis\u00f3dio que classificou como \u201co ano do golpe\u201d. Ele criticou tamb\u00e9m o governo Michel Temer, que, segundo Thor, assumiu esperando se consolidar como candidato em 2018, mas n\u00e3o conseguiu protagonizar a sucess\u00e3o.<\/p>\n<p>Em sua argumenta\u00e7\u00e3o, o vereador afirmou que, com a fragilidade da direita em apresentar um nome competitivo naquele momento, surgiu a figura de Jair Bolsonaro, apresentada, por ele, como resultado de uma ruptura democr\u00e1tica. Thor o descreveu como um pol\u00edtico sem projeto nacional, propagador de discursos racistas e defensor da ditadura militar. \u201cSurge no pa\u00eds um nome declaradamente preconceituoso, racista, a favor dos ditadores. Citou in\u00fameras vezes o Carlos Brilhante Ustra, um dos maiores torturadores da ditadura\u201d, destacou.<\/p>\n<p><strong>Justi\u00e7a<\/strong><\/p>\n<p>Ao abordar a pandemia de Covid-19, Thor criticou duramente a condu\u00e7\u00e3o do governo Bolsonaro, afirmando que o presidente negou a ci\u00eancia e contribuiu para a morte de centenas de milhares de brasileiros. \u201cSetecentas mil pessoas morreram aqui no Brasil. A maioria poderia n\u00e3o ter sobrevivido\u201d, disse. Ele tamb\u00e9m mencionou ataques \u00e0 imprensa, tentativas de intimida\u00e7\u00e3o institucional e epis\u00f3dios que classificou como amea\u00e7as autorit\u00e1rias.<\/p>\n<p>O vereador relembrou ainda a pris\u00e3o do presidente Luiz In\u00e1cio Lula da Silva em 2018, que, segundo ele, ocorreu para impedir sua participa\u00e7\u00e3o no processo eleitoral daquele ano. Destacou que Lula perdeu familiares enquanto estava preso e recusou o uso de tornozeleira eletr\u00f4nica por considerar injustas as acusa\u00e7\u00f5es: \u201cLula foi e continua sendo grande um guerreiro\u201d.<\/p>\n<p>Ao chegar aos eventos de 2023, Thor comentou o acampamento em frente a quart\u00e9is e o ataque \u00e0s sedes dos Tr\u00eas Poderes em 8 de janeiro, indicando sua percep\u00e7\u00e3o de que Bolsonaro e aliados teriam articulado a\u00e7\u00f5es antidemocr\u00e1ticas ap\u00f3s a derrota eleitoral. \u201cInvadiram o Congresso Nacional, o Supremo Tribunal Federal, os poderes da Rep\u00fablica, com a inten\u00e7\u00e3o de que o Ex\u00e9rcito tomasse o comando do Brasil\u201d, disse.<\/p>\n<p>Na sequ\u00eancia, citou investiga\u00e7\u00f5es sobre um suposto plano para assassinar o presidente Lula, o vice-presidente Geraldo Alckmin e o ministro Alexandre de Moraes, apontando que diversos colaboradores teriam entregues provas e dela\u00e7\u00f5es. Ele concluiu sua explana\u00e7\u00e3o afirmando que a pris\u00e3o de Bolsonaro, oficializada em 2025, ocorre ap\u00f3s amplo direito de defesa. \u201cO ex-presidente cometeu crimes e n\u00e3o pode passar impune. N\u00e3o pode mais acontecer anistia como antes. Isso \u00e9 um recado para a sociedade: o crime n\u00e3o compensa\u201d, sustentou.<\/p>\n<p>O vereador encerrou defendendo a preserva\u00e7\u00e3o da democracia e a responsabilidade penal para quem atentar contra o Estado Democr\u00e1tico de Direito. \u201cViva a justi\u00e7a brasileira. Pris\u00e3o para Jair Messias Bolsonaro porque foi um criminoso\u201d, finalizou.<\/p>\n<p><strong>Para assistir a sess\u00e3o na \u00edntegra, clique no link:\u00a0<\/strong><a href=\"https:\/\/www.youtube.com\/watch?v=hXr_AUNLDcI&amp;t=3900s\" target=\"_blank\" rel=\"noreferrer noopener\"><strong>TV C\u00e2mara Alagoinhas<\/strong><\/a><\/p>\n<p><strong>Ascom \u2013 C\u00e2mara Municipal de Alagoinhas<\/strong><\/p>\n<p><strong>Fotos \u2013 Jh\u00f4 Paz<\/strong><\/p>\n<\/div>\n<\/div>\n<\/div>\n<\/div>\n<div class=\"elementor-column elementor-col-50 elementor-top-column elementor-element elementor-element-263f143b\" data-id=\"263f143b\" data-element_type=\"column\">\n<div class=\"elementor-widget-wrap elementor-element-populated\">\n<div class=\"elementor-element elementor-element-19118fd7 elementor-widget elementor-widget-heading\" data-id=\"19118fd7\" data-element_type=\"widget\" data-widget_type=\"heading.default\">\n<div class=\"elementor-widget-container\"><\/div>\n<\/div>\n<\/div>\n<\/div>\n<div class='share-to-whatsapp-wrapper'><div class='share-on-whsp'>Share on: <\/div><a data-text='Vereador Thor de Ninha defende responsabiliza\u00e7\u00e3o de Bolsonaro e faz balan\u00e7o hist\u00f3rico sobre ataques \u00e0 democracia' data-link='https:\/\/newsinfoco.com.br\/inicio\/vereador-thor-de-ninha-defende-responsabilizacao-de-bolsonaro-e-faz-balanco-historico-sobre-ataques-a-democracia\/' class='whatsapp-button whatsapp-share'>WhatsApp<\/a><div class='clear '><\/div><\/div>","protected":false},"excerpt":{"rendered":"<p>Na sess\u00e3o realizada nesta ter\u00e7a-feira (25), o vereador Thor de Ninha fez um pronunciamento enf\u00e1tico sobre a pris\u00e3o do ex-presidente Jair Bolsonaro, afirmando que o momento n\u00e3o deve ser encarado com celebra\u00e7\u00e3o, mas como parte de um processo necess\u00e1rio de responsabiliza\u00e7\u00e3o. \u201cN\u00e3o h\u00e1 felicidade nenhuma quando qualquer cidad\u00e3o ou qualquer cidad\u00e3 \u00e9 preso neste pa\u00eds. [&hellip;]<\/p>\n","protected":false},"author":1,"featured_media":47969,"comment_status":"closed","ping_status":"closed","sticky":false,"template":"","format":"standard","meta":{"om_disable_all_campaigns":false,"_exactmetrics_skip_tracking":false,"_exactmetrics_sitenote_active":false,"_exactmetrics_sitenote_note":"","_exactmetrics_sitenote_category":0,"footnotes":""},"categories":[19],"tags":[],"class_list":["post-47968","post","type-post","status-publish","format-standard","has-post-thumbnail","hentry","category-bahia"],"aioseo_notices":[],"_links":{"self":[{"href":"https:\/\/newsinfoco.com.br\/inicio\/wp-json\/wp\/v2\/posts\/47968","targetHints":{"allow":["GET"]}}],"collection":[{"href":"https:\/\/newsinfoco.com.br\/inicio\/wp-json\/wp\/v2\/posts"}],"about":[{"href":"https:\/\/newsinfoco.com.br\/inicio\/wp-json\/wp\/v2\/types\/post"}],"author":[{"embeddable":true,"href":"https:\/\/newsinfoco.com.br\/inicio\/wp-json\/wp\/v2\/users\/1"}],"replies":[{"embeddable":true,"href":"https:\/\/newsinfoco.com.br\/inicio\/wp-json\/wp\/v2\/comments?post=47968"}],"version-history":[{"count":1,"href":"https:\/\/newsinfoco.com.br\/inicio\/wp-json\/wp\/v2\/posts\/47968\/revisions"}],"predecessor-version":[{"id":47970,"href":"https:\/\/newsinfoco.com.br\/inicio\/wp-json\/wp\/v2\/posts\/47968\/revisions\/47970"}],"wp:featuredmedia":[{"embeddable":true,"href":"https:\/\/newsinfoco.com.br\/inicio\/wp-json\/wp\/v2\/media\/47969"}],"wp:attachment":[{"href":"https:\/\/newsinfoco.com.br\/inicio\/wp-json\/wp\/v2\/media?parent=47968"}],"wp:term":[{"taxonomy":"category","embeddable":true,"href":"https:\/\/newsinfoco.com.br\/inicio\/wp-json\/wp\/v2\/categories?post=47968"},{"taxonomy":"post_tag","embeddable":true,"href":"https:\/\/newsinfoco.com.br\/inicio\/wp-json\/wp\/v2\/tags?post=47968"}],"curies":[{"name":"wp","href":"https:\/\/api.w.org\/{rel}","templated":true}]}}