{"id":47972,"date":"2025-11-27T21:27:31","date_gmt":"2025-11-28T00:27:31","guid":{"rendered":"https:\/\/newsinfoco.com.br\/inicio\/?p=47972"},"modified":"2025-11-27T21:27:31","modified_gmt":"2025-11-28T00:27:31","slug":"inscricoes-para-o-minha-casa-minha-vida-acontecem-ate-esta-sexta-28","status":"publish","type":"post","link":"https:\/\/newsinfoco.com.br\/inicio\/inscricoes-para-o-minha-casa-minha-vida-acontecem-ate-esta-sexta-28\/","title":{"rendered":"Inscri\u00e7\u00f5es para o Minha Casa, Minha Vida acontecem at\u00e9 esta sexta, 28"},"content":{"rendered":"<p>As inscri\u00e7\u00f5es para o programa Doce Lar Habita\u00e7\u00e3o \u2013 Minha Casa, Minha Vida acontecem at\u00e9 esta sexta-feira, dia 28, no\u00a0site oficial do programa: habitacao.alagoinhas.ba.gov.br. Tamb\u00e9m \u00e9 poss\u00edvel se inscrever presencialmente nos CRAS de cada regi\u00e3o ou no T\u00eanis Clube de Alagoinhas, na Rua Professora Maria Feij\u00f3, n\u00famero 33, Centro.<\/p>\n<p>O Doce Lar Habita\u00e7\u00e3o \u2013Programa Minha Casa, Minha Vida vai selecionar as fam\u00edlias benefici\u00e1rias de 418 novas unidades habitacionais, com entrega prevista para o ano de 2026. As unidades estar\u00e3o divididas em dois conjuntos: o Residencial Curi\u00f3, na Baixa da Candeia, com 250 casas; e o Conjunto Filgueiras I, na Rua do Catu, com 168 im\u00f3veis.<\/p><div class=\"newsi-conteudo_19\" id=\"newsi-2922740495\"><a href=\"https:\/\/www.instagram.com\/prefeituraalagoinhas?igsh=YzgzdDJ1bWR3aWI4\" aria-label=\"SAVE_20251006_221555\"><img loading=\"lazy\" decoding=\"async\" src=\"https:\/\/newsinfoco.com.br\/inicio\/wp-content\/uploads\/2025\/10\/SAVE_20251006_221555-rotated.jpg\" alt=\"\"  srcset=\"https:\/\/newsinfoco.com.br\/inicio\/wp-content\/uploads\/2025\/10\/SAVE_20251006_221555-rotated.jpg 1140w, https:\/\/newsinfoco.com.br\/inicio\/wp-content\/uploads\/2025\/10\/SAVE_20251006_221555-300x52.jpg 300w, https:\/\/newsinfoco.com.br\/inicio\/wp-content\/uploads\/2025\/10\/SAVE_20251006_221555-1024x177.jpg 1024w, https:\/\/newsinfoco.com.br\/inicio\/wp-content\/uploads\/2025\/10\/SAVE_20251006_221555-768x133.jpg 768w, https:\/\/newsinfoco.com.br\/inicio\/wp-content\/uploads\/2025\/10\/SAVE_20251006_221555-600x104.jpg 600w, https:\/\/newsinfoco.com.br\/inicio\/wp-content\/uploads\/2025\/10\/SAVE_20251006_221555-696x120.jpg 696w, https:\/\/newsinfoco.com.br\/inicio\/wp-content\/uploads\/2025\/10\/SAVE_20251006_221555-1068x185.jpg 1068w\" sizes=\"(max-width: 1140px) 100vw, 1140px\" width=\"1140\" height=\"197\"   \/><\/a><\/div>\n<p>Podem se inscrever as fam\u00edlias que atendam aos crit\u00e9rios de elegibilidade previstos na legisla\u00e7\u00e3o federal do Programa Minha Casa, Minha Vida, observando-se o limite de renda familiar, as veda\u00e7\u00f5es legais \u00e0 participa\u00e7\u00e3o e o enquadramento no d\u00e9ficit habitacional do munic\u00edpio.<\/p>\n<p>No momento da inscri\u00e7\u00e3o, o candidato dever\u00e1 informar CPF, endere\u00e7o residencial, n\u00famero do NIS e documento de identidade. Nesta primeira etapa, n\u00e3o ser\u00e1 necess\u00e1ria a apresenta\u00e7\u00e3o imediata de documentos comprobat\u00f3rios.<\/p>\n<p>O cadastramento e a sele\u00e7\u00e3o das fam\u00edlias ser\u00e3o conduzidos pela Secretaria Municipal de Desenvolvimento Social (Sedes), que garantir\u00e1 transpar\u00eancia e ampla divulga\u00e7\u00e3o de todas as etapas do processo, desde a inscri\u00e7\u00e3o at\u00e9 a assinatura dos contratos com os agentes financeiros.<\/p>\n<p>O processo seguir\u00e1 as seguintes etapas:<\/p>\n<p>1. Cadastro Habitacional: inscri\u00e7\u00f5es presenciais e on-line;<\/p>\n<p>2. Elegibilidade das Fam\u00edlias: verifica\u00e7\u00e3o do cumprimento dos crit\u00e9rios legais;<\/p>\n<p>3. Hierarquiza\u00e7\u00e3o: classifica\u00e7\u00e3o das fam\u00edlias conforme crit\u00e9rios de prioriza\u00e7\u00e3o previstos em lei;<\/p>\n<p>4. Verifica\u00e7\u00e3o Documental: convoca\u00e7\u00e3o dos pr\u00e9-selecionados para apresenta\u00e7\u00e3o de documentos e poss\u00edveis visitas domiciliares;<\/p>\n<p>5. An\u00e1lise dos Agentes Financeiros: enquadramento das fam\u00edlias pela Caixa Econ\u00f4mica Federal ou Banco do Brasil;<\/p>\n<p>6. Assinatura de Contrato: formaliza\u00e7\u00e3o do benef\u00edcio habitacional.<\/p>\n<div class='share-to-whatsapp-wrapper'><div class='share-on-whsp'>Share on: <\/div><a data-text='Inscri\u00e7\u00f5es para o Minha Casa, Minha Vida acontecem at\u00e9 esta sexta, 28' data-link='https:\/\/newsinfoco.com.br\/inicio\/inscricoes-para-o-minha-casa-minha-vida-acontecem-ate-esta-sexta-28\/' class='whatsapp-button whatsapp-share'>WhatsApp<\/a><div class='clear '><\/div><\/div>","protected":false},"excerpt":{"rendered":"<p>As inscri\u00e7\u00f5es para o programa Doce Lar Habita\u00e7\u00e3o \u2013 Minha Casa, Minha Vida acontecem at\u00e9 esta sexta-feira, dia 28, no\u00a0site oficial do programa: habitacao.alagoinhas.ba.gov.br. Tamb\u00e9m \u00e9 poss\u00edvel se inscrever presencialmente nos CRAS de cada regi\u00e3o ou no T\u00eanis Clube de Alagoinhas, na Rua Professora Maria Feij\u00f3, n\u00famero 33, Centro. O Doce Lar Habita\u00e7\u00e3o \u2013Programa Minha [&hellip;]<\/p>\n","protected":false},"author":1,"featured_media":47973,"comment_status":"closed","ping_status":"closed","sticky":false,"template":"","format":"standard","meta":{"om_disable_all_campaigns":false,"_exactmetrics_skip_tracking":false,"_exactmetrics_sitenote_active":false,"_exactmetrics_sitenote_note":"","_exactmetrics_sitenote_category":0,"footnotes":""},"categories":[38,167],"tags":[],"class_list":["post-47972","post","type-post","status-publish","format-standard","has-post-thumbnail","hentry","category-alagoinhas-e-regiao","category-exclusivas"],"aioseo_notices":[],"_links":{"self":[{"href":"https:\/\/newsinfoco.com.br\/inicio\/wp-json\/wp\/v2\/posts\/47972","targetHints":{"allow":["GET"]}}],"collection":[{"href":"https:\/\/newsinfoco.com.br\/inicio\/wp-json\/wp\/v2\/posts"}],"about":[{"href":"https:\/\/newsinfoco.com.br\/inicio\/wp-json\/wp\/v2\/types\/post"}],"author":[{"embeddable":true,"href":"https:\/\/newsinfoco.com.br\/inicio\/wp-json\/wp\/v2\/users\/1"}],"replies":[{"embeddable":true,"href":"https:\/\/newsinfoco.com.br\/inicio\/wp-json\/wp\/v2\/comments?post=47972"}],"version-history":[{"count":1,"href":"https:\/\/newsinfoco.com.br\/inicio\/wp-json\/wp\/v2\/posts\/47972\/revisions"}],"predecessor-version":[{"id":47974,"href":"https:\/\/newsinfoco.com.br\/inicio\/wp-json\/wp\/v2\/posts\/47972\/revisions\/47974"}],"wp:featuredmedia":[{"embeddable":true,"href":"https:\/\/newsinfoco.com.br\/inicio\/wp-json\/wp\/v2\/media\/47973"}],"wp:attachment":[{"href":"https:\/\/newsinfoco.com.br\/inicio\/wp-json\/wp\/v2\/media?parent=47972"}],"wp:term":[{"taxonomy":"category","embeddable":true,"href":"https:\/\/newsinfoco.com.br\/inicio\/wp-json\/wp\/v2\/categories?post=47972"},{"taxonomy":"post_tag","embeddable":true,"href":"https:\/\/newsinfoco.com.br\/inicio\/wp-json\/wp\/v2\/tags?post=47972"}],"curies":[{"name":"wp","href":"https:\/\/api.w.org\/{rel}","templated":true}]}}