{"id":47976,"date":"2025-11-28T12:22:33","date_gmt":"2025-11-28T15:22:33","guid":{"rendered":"https:\/\/newsinfoco.com.br\/inicio\/?p=47976"},"modified":"2025-11-28T12:22:33","modified_gmt":"2025-11-28T15:22:33","slug":"lula-nao-tem-a-mesma-forca-politica-que-tinha-em-2022-diz-bruno-reis-sobre-eleicoes","status":"publish","type":"post","link":"https:\/\/newsinfoco.com.br\/inicio\/lula-nao-tem-a-mesma-forca-politica-que-tinha-em-2022-diz-bruno-reis-sobre-eleicoes\/","title":{"rendered":"Lula n\u00e3o tem a mesma for\u00e7a pol\u00edtica que tinha em 2022, diz Bruno Reis sobre elei\u00e7\u00f5es"},"content":{"rendered":"<p>O prefeito Bruno Reis (Uni\u00e3o Brasil) afirmou nesta sexta-feira (28) que o presidente Luiz In\u00e1cio Lula da Silva (PT) \u201cn\u00e3o tem a mesma for\u00e7a\u201d pol\u00edtica que tinha em 2022, e que sua influ\u00eancia nas elei\u00e7\u00f5es da Bahia deve ser reduzida em 2026. \u201cO atual presidente n\u00e3o vai chegar com os \u00edndices de aceita\u00e7\u00e3o que tinha a quatro anos atr\u00e1s\u201d, afirmou o gestor municipal.<\/p>\n<p>\u201cA gente percebe uma decep\u00e7\u00e3o, uma frustra\u00e7\u00e3o das pessoas, porque, infelizmente, o sal\u00e1rio-m\u00ednimo de 1.500 e poucos reais n\u00e3o est\u00e1 sendo o suficiente para as pessoas sobreviverem, o dinheiro perdeu o valor, as pessoas v\u00e3o no mercado e n\u00e3o conseguem comprar as mesmas coisas, como antes, e isso, naturalmente, cria uma frustra\u00e7\u00e3o nas pessoas, at\u00e9 porque se criou uma expectativa, de que as pessoas iam poder comprar cerveja, picanha, com esse dinheirinho, e hoje n\u00e3o podem comprar nem o caf\u00e9, o ovo ou a laranja\u201d, avaliou o prefeito.<\/p><div class=\"newsi-conteudo_19\" id=\"newsi-3855520276\"><a href=\"https:\/\/www.instagram.com\/prefeituraalagoinhas?igsh=YzgzdDJ1bWR3aWI4\" aria-label=\"SAVE_20251006_221555\"><img loading=\"lazy\" decoding=\"async\" src=\"https:\/\/newsinfoco.com.br\/inicio\/wp-content\/uploads\/2025\/10\/SAVE_20251006_221555-rotated.jpg\" alt=\"\"  srcset=\"https:\/\/newsinfoco.com.br\/inicio\/wp-content\/uploads\/2025\/10\/SAVE_20251006_221555-rotated.jpg 1140w, https:\/\/newsinfoco.com.br\/inicio\/wp-content\/uploads\/2025\/10\/SAVE_20251006_221555-300x52.jpg 300w, https:\/\/newsinfoco.com.br\/inicio\/wp-content\/uploads\/2025\/10\/SAVE_20251006_221555-1024x177.jpg 1024w, https:\/\/newsinfoco.com.br\/inicio\/wp-content\/uploads\/2025\/10\/SAVE_20251006_221555-768x133.jpg 768w, https:\/\/newsinfoco.com.br\/inicio\/wp-content\/uploads\/2025\/10\/SAVE_20251006_221555-600x104.jpg 600w, https:\/\/newsinfoco.com.br\/inicio\/wp-content\/uploads\/2025\/10\/SAVE_20251006_221555-696x120.jpg 696w, https:\/\/newsinfoco.com.br\/inicio\/wp-content\/uploads\/2025\/10\/SAVE_20251006_221555-1068x185.jpg 1068w\" sizes=\"(max-width: 1140px) 100vw, 1140px\" width=\"1140\" height=\"197\"   \/><\/a><\/div>\n<p>Segundo Bruno, as recentes pesquisas evidenciam o enfraquecimento do presidente, que teria perdido \u201ca for\u00e7a, o reconhecimento e o carinho das pessoas\u201d. \u201cE isso, sem d\u00favidas, favorece o campo de quem faz a oposi\u00e7\u00e3o\u201d, completou o prefeito.<\/p>\n<div>\n<div>\n<div class=\"trv-player-container\">\n<div class=\"trv-wrapper\">\n<div id=\"br_video_player_2436410bc6347722df31ea147751da9dc3c659f9\" class=\"trvd_video_player trvdinstream\">\n<div class=\"media-player\">\n<div class=\"trv-video\">\n<div id=\"truvid_ima_container9809\" class=\"truvid_ima_container\">\n<div>\n<div>\n<div>\n<div>\n<div>\n<div class=\"trv-player-container\">\n<div class=\"trv-wrapper\">\n<div id=\"br_video_player_2436410bc6347722df31ea147751da9dc3c659f9\" class=\"trvd_video_player trvdinstream\">\n<div class=\"media-player\">\n<div class=\"trv-video\">\n<div id=\"truvid_ima_container9809\" class=\"truvid_ima_container\">\n<div>\n<div>\n<div>\n<div>\n<div>\n<div class=\"trv-player-container\">\n<div class=\"trv-wrapper\">\n<div id=\"br_video_player_2436410bc6347722df31ea147751da9dc3c659f9\" class=\"trvd_video_player trvdinstream\">\n<div class=\"media-player\">\n<div class=\"trv-video\">\n<div id=\"truvid_ima_container9809\" class=\"truvid_ima_container\">\n<div>\n<div>\n<div>\n<div class=\"conteudo_post\">\n<p>Recentemente, o prefeito j\u00e1 havia expressado seu\u00a0<a href=\"https:\/\/bahia.ba\/politica\/bruno-projeta-influencia-da-eleicao-nacional-na-bahia-em-2026-precisa-mudar\/\">descontentamento com a influ\u00eancia que o pleito nacional tende a ter sobre as elei\u00e7\u00f5es na Bahia<\/a>. \u201cVai ser sempre a elei\u00e7\u00e3o nacional que vai decidir a elei\u00e7\u00e3o na Bahia? Ser\u00e1 que uma hora o povo n\u00e3o vai acordar?\u201d, questionou em uma recente coletiva.<\/p>\n<p>As declara\u00e7\u00f5es do prefeito foram feitas em entrevista coletiva durante o evento de lan\u00e7amento da programa\u00e7\u00e3o do Natal de Salvador, pela Prefeitura.<\/p>\n<\/div>\n<div id=\"div-share\">\n<div class=\"conteudo_post\"><\/div>\n<div id=\"div-share\">\n<div id=\"div-share\">\n<div id=\"div-share\">\n<div id=\"div-share\">Bahia.Ba<\/div>\n<\/div>\n<\/div>\n<\/div>\n<\/div>\n<\/div>\n<\/div>\n<\/div>\n<\/div>\n<\/div>\n<\/div>\n<\/div>\n<\/div>\n<\/div>\n<\/div>\n<\/div>\n<\/div>\n<\/div>\n<\/div>\n<\/div>\n<\/div>\n<\/div>\n<\/div>\n<\/div>\n<\/div>\n<\/div>\n<\/div>\n<\/div>\n<\/div>\n<\/div>\n<\/div>\n<\/div>\n<\/div>\n<\/div>\n<\/div>\n<\/div>\n<\/div>\n<\/div>\n<div class='share-to-whatsapp-wrapper'><div class='share-on-whsp'>Share on: <\/div><a data-text='Lula n\u00e3o tem a mesma for\u00e7a pol\u00edtica que tinha em 2022, diz Bruno Reis sobre elei\u00e7\u00f5es' data-link='https:\/\/newsinfoco.com.br\/inicio\/lula-nao-tem-a-mesma-forca-politica-que-tinha-em-2022-diz-bruno-reis-sobre-eleicoes\/' class='whatsapp-button whatsapp-share'>WhatsApp<\/a><div class='clear '><\/div><\/div>","protected":false},"excerpt":{"rendered":"<p>O prefeito Bruno Reis (Uni\u00e3o Brasil) afirmou nesta sexta-feira (28) que o presidente Luiz In\u00e1cio Lula da Silva (PT) \u201cn\u00e3o tem a mesma for\u00e7a\u201d pol\u00edtica que tinha em 2022, e que sua influ\u00eancia nas elei\u00e7\u00f5es da Bahia deve ser reduzida em 2026. \u201cO atual presidente n\u00e3o vai chegar com os \u00edndices de aceita\u00e7\u00e3o que tinha [&hellip;]<\/p>\n","protected":false},"author":1,"featured_media":47977,"comment_status":"closed","ping_status":"closed","sticky":false,"template":"","format":"standard","meta":{"om_disable_all_campaigns":false,"_exactmetrics_skip_tracking":false,"_exactmetrics_sitenote_active":false,"_exactmetrics_sitenote_note":"","_exactmetrics_sitenote_category":0,"footnotes":""},"categories":[19],"tags":[],"class_list":["post-47976","post","type-post","status-publish","format-standard","has-post-thumbnail","hentry","category-bahia"],"aioseo_notices":[],"_links":{"self":[{"href":"https:\/\/newsinfoco.com.br\/inicio\/wp-json\/wp\/v2\/posts\/47976","targetHints":{"allow":["GET"]}}],"collection":[{"href":"https:\/\/newsinfoco.com.br\/inicio\/wp-json\/wp\/v2\/posts"}],"about":[{"href":"https:\/\/newsinfoco.com.br\/inicio\/wp-json\/wp\/v2\/types\/post"}],"author":[{"embeddable":true,"href":"https:\/\/newsinfoco.com.br\/inicio\/wp-json\/wp\/v2\/users\/1"}],"replies":[{"embeddable":true,"href":"https:\/\/newsinfoco.com.br\/inicio\/wp-json\/wp\/v2\/comments?post=47976"}],"version-history":[{"count":1,"href":"https:\/\/newsinfoco.com.br\/inicio\/wp-json\/wp\/v2\/posts\/47976\/revisions"}],"predecessor-version":[{"id":47978,"href":"https:\/\/newsinfoco.com.br\/inicio\/wp-json\/wp\/v2\/posts\/47976\/revisions\/47978"}],"wp:featuredmedia":[{"embeddable":true,"href":"https:\/\/newsinfoco.com.br\/inicio\/wp-json\/wp\/v2\/media\/47977"}],"wp:attachment":[{"href":"https:\/\/newsinfoco.com.br\/inicio\/wp-json\/wp\/v2\/media?parent=47976"}],"wp:term":[{"taxonomy":"category","embeddable":true,"href":"https:\/\/newsinfoco.com.br\/inicio\/wp-json\/wp\/v2\/categories?post=47976"},{"taxonomy":"post_tag","embeddable":true,"href":"https:\/\/newsinfoco.com.br\/inicio\/wp-json\/wp\/v2\/tags?post=47976"}],"curies":[{"name":"wp","href":"https:\/\/api.w.org\/{rel}","templated":true}]}}