{"id":47979,"date":"2025-11-28T12:33:42","date_gmt":"2025-11-28T15:33:42","guid":{"rendered":"https:\/\/newsinfoco.com.br\/inicio\/?p=47979"},"modified":"2025-11-28T12:33:42","modified_gmt":"2025-11-28T15:33:42","slug":"lula-sanciona-lei-que-beneficia-300-mil-taxistas-no-pais-saiba-o-que-muda","status":"publish","type":"post","link":"https:\/\/newsinfoco.com.br\/inicio\/lula-sanciona-lei-que-beneficia-300-mil-taxistas-no-pais-saiba-o-que-muda\/","title":{"rendered":"Lula sanciona lei que beneficia 300 mil taxistas no pa\u00eds; saiba o que muda"},"content":{"rendered":"<p>O presidente Lula (PT) sancionou a Lei n\u00ba 15.271\/25, sem vetos, que altera diversas leis federais para regulamentar e modernizar a presta\u00e7\u00e3o do servi\u00e7o de t\u00e1xi no Brasil. A medida autoriza a transfer\u00eancia do direito de outorga para terceiros, concede isen\u00e7\u00e3o da taxa de verifica\u00e7\u00e3o de tax\u00edmetros por cinco anos, permite a realiza\u00e7\u00e3o de cursos obrigat\u00f3rios na modalidade a dist\u00e2ncia e institui o Dia Nacional do Taxista em 26 de agosto.<\/p>\n<p>As mudan\u00e7as devem beneficiar cerca de 300 mil taxistas em todo o pa\u00eds, 7 mil s\u00f3 em Salvador.<\/p><div class=\"newsi-conteudo_19\" id=\"newsi-3884830949\"><a href=\"https:\/\/www.instagram.com\/prefeituraalagoinhas?igsh=YzgzdDJ1bWR3aWI4\" aria-label=\"SAVE_20251006_221555\"><img loading=\"lazy\" decoding=\"async\" src=\"https:\/\/newsinfoco.com.br\/inicio\/wp-content\/uploads\/2025\/10\/SAVE_20251006_221555-rotated.jpg\" alt=\"\"  srcset=\"https:\/\/newsinfoco.com.br\/inicio\/wp-content\/uploads\/2025\/10\/SAVE_20251006_221555-rotated.jpg 1140w, https:\/\/newsinfoco.com.br\/inicio\/wp-content\/uploads\/2025\/10\/SAVE_20251006_221555-300x52.jpg 300w, https:\/\/newsinfoco.com.br\/inicio\/wp-content\/uploads\/2025\/10\/SAVE_20251006_221555-1024x177.jpg 1024w, https:\/\/newsinfoco.com.br\/inicio\/wp-content\/uploads\/2025\/10\/SAVE_20251006_221555-768x133.jpg 768w, https:\/\/newsinfoco.com.br\/inicio\/wp-content\/uploads\/2025\/10\/SAVE_20251006_221555-600x104.jpg 600w, https:\/\/newsinfoco.com.br\/inicio\/wp-content\/uploads\/2025\/10\/SAVE_20251006_221555-696x120.jpg 696w, https:\/\/newsinfoco.com.br\/inicio\/wp-content\/uploads\/2025\/10\/SAVE_20251006_221555-1068x185.jpg 1068w\" sizes=\"(max-width: 1140px) 100vw, 1140px\" width=\"1140\" height=\"197\"   \/><\/a><\/div>\n<p>Publicada no Di\u00e1rio Oficial da Uni\u00e3o nesta quinta-feira (27), a lei teve origem na Medida Provis\u00f3ria (MP) n\u00ba 1.305\/25 apresentada pelo Minist\u00e9rio do Desenvolvimento, Ind\u00fastria, Com\u00e9rcio e Servi\u00e7os (MDIC).<\/p>\n<p><b>Isen\u00e7\u00e3o da taxa do tax\u00edmetro<\/b><\/p>\n<p>A isen\u00e7\u00e3o da taxa de servi\u00e7os metrol\u00f3gicos \u00e9 v\u00e1lida tanto para a verifica\u00e7\u00e3o inicial quanto para a subsequente do tax\u00edmetro, com validade de cinco anos a partir da publica\u00e7\u00e3o da lei. A verifica\u00e7\u00e3o do equipamento, que \u00e9 obrigat\u00f3ria em munic\u00edpios com mais de 50 mil habitantes, passar\u00e1 a ser realizada a cada dois anos pelo Instituto Nacional de Metrologia, Qualidade e Tecnologia (Inmetro).<\/p>\n<p><b>Turismo\u00a0<\/b><\/p>\n<p>Os taxistas e as cooperativas de t\u00e1xi tamb\u00e9m passam a ser inclu\u00eddos no Cadastro de Prestadores de Servi\u00e7os Tur\u00edsticos (Cadastur), o que pode abrir novas oportunidades de atua\u00e7\u00e3o e parcerias para a categoria.<\/p>\n<p><b>EAD<\/b><\/p>\n<p>Fica autorizada a modalidade a dist\u00e2ncia para a realiza\u00e7\u00e3o dos cursos obrigat\u00f3rios para a profiss\u00e3o, como os de rela\u00e7\u00f5es humanas, dire\u00e7\u00e3o defensiva, primeiros socorros, e mec\u00e2nica e el\u00e9trica b\u00e1sica de ve\u00edculos.<\/p>\n<p><b>Cess\u00e3o da outorga<\/b><\/p>\n<p>A nova legisla\u00e7\u00e3o permite a cess\u00e3o dos direitos decorrentes da outorga para explora\u00e7\u00e3o do servi\u00e7o de t\u00e1xi. O cession\u00e1rio, aquele que recebe a outorga, ser\u00e1 sub-rogado nos mesmos termos e condi\u00e7\u00f5es originais e pelo prazo restante. Para que a transfer\u00eancia seja validada pelo poder p\u00fablico, o cession\u00e1rio deve comprovar que atende a todos os requisitos e condi\u00e7\u00f5es exigidos pela legisla\u00e7\u00e3o espec\u00edfica, com documenta\u00e7\u00e3o regularizada.<\/p>\n<p>Em caso de falecimento do taxista, o c\u00f4njuge, companheiro ou os filhos ter\u00e3o o prazo de um ano, a contar da data do \u00f3bito, para solicitar a cess\u00e3o da outorga em seu favor. Eles devem atender aos requisitos legais ou, alternativamente, indicar uma terceira pessoa que os cumpra para receber a outorga.<\/p>\n<p>A lei tamb\u00e9m concede um prazo de seis meses para que o taxista que estiver em atraso com a realiza\u00e7\u00e3o da vistoria ou com a renova\u00e7\u00e3o da licen\u00e7a possa regularizar a sua situa\u00e7\u00e3o.<\/p>\n<p><b>Descontinuidade do servi\u00e7o<\/b><\/p>\n<p>A Lei n\u00ba 15.271\/25 pro\u00edbe o taxista de encerrar a presta\u00e7\u00e3o do servi\u00e7o de t\u00e1xi sem uma justificativa v\u00e1lida ou sem autoriza\u00e7\u00e3o expressa do poder p\u00fablico outorgante. A descontinuidade do servi\u00e7o ser\u00e1 considerada caso o taxista n\u00e3o cumpra as exig\u00eancias de vistoria ou de renova\u00e7\u00e3o da licen\u00e7a por um per\u00edodo de dois anos.<\/p>\n<p>Caso a ociosidade seja comprovada por culpa do taxista, ele poder\u00e1 ser multado, perder o direito de outorga e ficar impedido de obter uma nova outorga pelo prazo de tr\u00eas anos.<\/p>\n<div>\n<div>\n<div class=\"trv-player-container\">\n<div class=\"trv-wrapper\">\n<div id=\"br_video_player_24c0228ed17647f1c00dea147751da9dc3c659f9\" class=\"trvd_video_player trvdinstream\">\n<div class=\"media-player\">\n<div class=\"trv-video\">\n<div id=\"truvid_ima_container13383\" class=\"truvid_ima_container\">\n<div>\n<div>\n<div>\n<div>\n<div>\n<div class=\"trv-player-container\">\n<div class=\"trv-wrapper\">\n<div id=\"br_video_player_24c0228ed17647f1c00dea147751da9dc3c659f9\" class=\"trvd_video_player trvdinstream\">\n<div class=\"media-player\">\n<div class=\"trv-video\">\n<div id=\"truvid_ima_container13383\" class=\"truvid_ima_container\">\n<div>\n<div>\n<div>\n<div>\n<div>\n<div class=\"trv-player-container\">\n<div class=\"trv-wrapper\">\n<div id=\"br_video_player_24c0228ed17647f1c00dea147751da9dc3c659f9\" class=\"trvd_video_player trvdinstream\">\n<div class=\"media-player\">\n<div class=\"trv-video\">\n<div id=\"truvid_ima_container13383\" class=\"truvid_ima_container\">\n<div>\n<div>\n<div>\n<div class=\"conteudo_post\">\n<p><b>N\u00e3o ser\u00e3o considerados casos de descontinuidade do servi\u00e7o:\u00a0<\/b><\/p>\n<p>\u2013 Per\u00edodos de f\u00e9rias, folgas ou licen\u00e7as regulares do titular;<br \/>\n\u2013\u00a0 Licen\u00e7as ou afastamentos por problemas de sa\u00fade do taxista ou de seus dependentes diretos<br \/>\n\u2013 Necessidades de reparo, manuten\u00e7\u00e3o, substitui\u00e7\u00e3o de ve\u00edculo ou sinistros que impossibilitem a opera\u00e7\u00e3o<br \/>\n\u2013 Participa\u00e7\u00e3o em movimentos coletivos da categoria, desde que previamente comunicados ao \u00f3rg\u00e3o competente<br \/>\n\u2013 Situa\u00e7\u00f5es de for\u00e7a maior devidamente comprovadas e comunicadas.<\/p>\n<\/div>\n<div id=\"author-info\" class=\"ui items\">\n<div class=\"item\">Bahia.Ba<\/div>\n<\/div>\n<\/div>\n<\/div>\n<\/div>\n<\/div>\n<\/div>\n<\/div>\n<\/div>\n<\/div>\n<\/div>\n<\/div>\n<\/div>\n<\/div>\n<\/div>\n<\/div>\n<\/div>\n<\/div>\n<\/div>\n<\/div>\n<\/div>\n<\/div>\n<\/div>\n<\/div>\n<\/div>\n<\/div>\n<\/div>\n<\/div>\n<\/div>\n<\/div>\n<\/div>\n<\/div>\n<\/div>\n<\/div>\n<\/div>\n<div class='share-to-whatsapp-wrapper'><div class='share-on-whsp'>Share on: <\/div><a data-text='Lula sanciona lei que beneficia 300 mil taxistas no pa\u00eds; saiba o que muda' data-link='https:\/\/newsinfoco.com.br\/inicio\/lula-sanciona-lei-que-beneficia-300-mil-taxistas-no-pais-saiba-o-que-muda\/' class='whatsapp-button whatsapp-share'>WhatsApp<\/a><div class='clear '><\/div><\/div>","protected":false},"excerpt":{"rendered":"<p>O presidente Lula (PT) sancionou a Lei n\u00ba 15.271\/25, sem vetos, que altera diversas leis federais para regulamentar e modernizar a presta\u00e7\u00e3o do servi\u00e7o de t\u00e1xi no Brasil. A medida autoriza a transfer\u00eancia do direito de outorga para terceiros, concede isen\u00e7\u00e3o da taxa de verifica\u00e7\u00e3o de tax\u00edmetros por cinco anos, permite a realiza\u00e7\u00e3o de cursos [&hellip;]<\/p>\n","protected":false},"author":1,"featured_media":47981,"comment_status":"closed","ping_status":"closed","sticky":false,"template":"","format":"standard","meta":{"om_disable_all_campaigns":false,"_exactmetrics_skip_tracking":false,"_exactmetrics_sitenote_active":false,"_exactmetrics_sitenote_note":"","_exactmetrics_sitenote_category":0,"footnotes":""},"categories":[21],"tags":[],"class_list":["post-47979","post","type-post","status-publish","format-standard","has-post-thumbnail","hentry","category-brasil"],"aioseo_notices":[],"_links":{"self":[{"href":"https:\/\/newsinfoco.com.br\/inicio\/wp-json\/wp\/v2\/posts\/47979","targetHints":{"allow":["GET"]}}],"collection":[{"href":"https:\/\/newsinfoco.com.br\/inicio\/wp-json\/wp\/v2\/posts"}],"about":[{"href":"https:\/\/newsinfoco.com.br\/inicio\/wp-json\/wp\/v2\/types\/post"}],"author":[{"embeddable":true,"href":"https:\/\/newsinfoco.com.br\/inicio\/wp-json\/wp\/v2\/users\/1"}],"replies":[{"embeddable":true,"href":"https:\/\/newsinfoco.com.br\/inicio\/wp-json\/wp\/v2\/comments?post=47979"}],"version-history":[{"count":1,"href":"https:\/\/newsinfoco.com.br\/inicio\/wp-json\/wp\/v2\/posts\/47979\/revisions"}],"predecessor-version":[{"id":47982,"href":"https:\/\/newsinfoco.com.br\/inicio\/wp-json\/wp\/v2\/posts\/47979\/revisions\/47982"}],"wp:featuredmedia":[{"embeddable":true,"href":"https:\/\/newsinfoco.com.br\/inicio\/wp-json\/wp\/v2\/media\/47981"}],"wp:attachment":[{"href":"https:\/\/newsinfoco.com.br\/inicio\/wp-json\/wp\/v2\/media?parent=47979"}],"wp:term":[{"taxonomy":"category","embeddable":true,"href":"https:\/\/newsinfoco.com.br\/inicio\/wp-json\/wp\/v2\/categories?post=47979"},{"taxonomy":"post_tag","embeddable":true,"href":"https:\/\/newsinfoco.com.br\/inicio\/wp-json\/wp\/v2\/tags?post=47979"}],"curies":[{"name":"wp","href":"https:\/\/api.w.org\/{rel}","templated":true}]}}