{"id":47983,"date":"2025-11-28T12:40:45","date_gmt":"2025-11-28T15:40:45","guid":{"rendered":"https:\/\/newsinfoco.com.br\/inicio\/?p=47983"},"modified":"2025-11-28T12:40:45","modified_gmt":"2025-11-28T15:40:45","slug":"frei-gilson-celebrara-missa-de-natal-em-salvador-saiba-detalhes","status":"publish","type":"post","link":"https:\/\/newsinfoco.com.br\/inicio\/frei-gilson-celebrara-missa-de-natal-em-salvador-saiba-detalhes\/","title":{"rendered":"Frei Gilson celebrar\u00e1 missa de Natal em Salvador; saiba detalhes"},"content":{"rendered":"<p>O Frei Gilson far\u00e1 uma apresenta\u00e7\u00e3o em celebra\u00e7\u00e3o ao Natal em Salvador. O evento gratuito ser\u00e1 realizado em 25 de dezembro, na Arena O Canto da Cidade, na Boca do Rio, a partir das 19h.<\/p>\n<p>A prefeitura de Salvador, chefiada por Bruno Reis (Uni\u00e3o Brasil), confirmou a apresenta\u00e7\u00e3o de Frei Gilson como parte da programa\u00e7\u00e3o de fim de ano na capital baiana.<\/p><div class=\"newsi-conteudo_19\" id=\"newsi-1845359370\"><a href=\"https:\/\/www.instagram.com\/prefeituraalagoinhas?igsh=YzgzdDJ1bWR3aWI4\" aria-label=\"SAVE_20251006_221555\"><img loading=\"lazy\" decoding=\"async\" src=\"https:\/\/newsinfoco.com.br\/inicio\/wp-content\/uploads\/2025\/10\/SAVE_20251006_221555-rotated.jpg\" alt=\"\"  srcset=\"https:\/\/newsinfoco.com.br\/inicio\/wp-content\/uploads\/2025\/10\/SAVE_20251006_221555-rotated.jpg 1140w, https:\/\/newsinfoco.com.br\/inicio\/wp-content\/uploads\/2025\/10\/SAVE_20251006_221555-300x52.jpg 300w, https:\/\/newsinfoco.com.br\/inicio\/wp-content\/uploads\/2025\/10\/SAVE_20251006_221555-1024x177.jpg 1024w, https:\/\/newsinfoco.com.br\/inicio\/wp-content\/uploads\/2025\/10\/SAVE_20251006_221555-768x133.jpg 768w, https:\/\/newsinfoco.com.br\/inicio\/wp-content\/uploads\/2025\/10\/SAVE_20251006_221555-600x104.jpg 600w, https:\/\/newsinfoco.com.br\/inicio\/wp-content\/uploads\/2025\/10\/SAVE_20251006_221555-696x120.jpg 696w, https:\/\/newsinfoco.com.br\/inicio\/wp-content\/uploads\/2025\/10\/SAVE_20251006_221555-1068x185.jpg 1068w\" sizes=\"(max-width: 1140px) 100vw, 1140px\" width=\"1140\" height=\"197\"   \/><\/a><\/div>\n<p>De acordo com o chefe do Executivo municipal, o show foi um pedido feito pela Arquidiocese de Salvador.<\/p>\n<p>\u201cQue alegria poder contar essa novidade pra voc\u00eas: no dia 25 de dezembro, momento maior em que celebramos a fam\u00edlia e o amor de Cristo, Salvador ter\u00e1 a felicidade de receber Frei Gilson para a missa do Natal\u201d, disse Bruno Reis no Instagram.<\/p>\n<p>\u201cEu, que me acalento com as palavras de Frei Gilson diariamente, estou muito grato a Deus e emocionado pela oportunidade de receb\u00ea-lo aqui, em pleno Natal. Anotem a\u00ed: dia 25\/12, a partir das 15 horas, na Boca do Rio, temos um encontro marcado com muita f\u00e9!\u201d, acrescentou.<\/p>\n<p>Com 11 milh\u00f5es de seguidores no Instagram, Frei Gilson \u00e9 um nome conhecido da comunidade cat\u00f3lica no Brasil. O religioso faz, todas \u00e0s sextas-feiras, a ora\u00e7\u00e3o Santo Ros\u00e1rio, \u00e0s 4h da manh\u00e3.<\/p>\n<blockquote class=\"instagram-media\" data-instgrm-captioned=\"\" data-instgrm-permalink=\"https:\/\/www.instagram.com\/p\/DRmOMYNDf2C\/?utm_source=ig_embed&amp;utm_campaign=loading\" data-instgrm-version=\"14\">\n<div><\/div>\n<\/blockquote>\n<div class='share-to-whatsapp-wrapper'><div class='share-on-whsp'>Share on: <\/div><a data-text='Frei Gilson celebrar\u00e1 missa de Natal em Salvador; saiba detalhes' data-link='https:\/\/newsinfoco.com.br\/inicio\/frei-gilson-celebrara-missa-de-natal-em-salvador-saiba-detalhes\/' class='whatsapp-button whatsapp-share'>WhatsApp<\/a><div class='clear '><\/div><\/div>","protected":false},"excerpt":{"rendered":"<p>O Frei Gilson far\u00e1 uma apresenta\u00e7\u00e3o em celebra\u00e7\u00e3o ao Natal em Salvador. O evento gratuito ser\u00e1 realizado em 25 de dezembro, na Arena O Canto da Cidade, na Boca do Rio, a partir das 19h. A prefeitura de Salvador, chefiada por Bruno Reis (Uni\u00e3o Brasil), confirmou a apresenta\u00e7\u00e3o de Frei Gilson como parte da programa\u00e7\u00e3o [&hellip;]<\/p>\n","protected":false},"author":1,"featured_media":47984,"comment_status":"closed","ping_status":"closed","sticky":false,"template":"","format":"standard","meta":{"om_disable_all_campaigns":false,"_exactmetrics_skip_tracking":false,"_exactmetrics_sitenote_active":false,"_exactmetrics_sitenote_note":"","_exactmetrics_sitenote_category":0,"footnotes":""},"categories":[19],"tags":[],"class_list":["post-47983","post","type-post","status-publish","format-standard","has-post-thumbnail","hentry","category-bahia"],"aioseo_notices":[],"_links":{"self":[{"href":"https:\/\/newsinfoco.com.br\/inicio\/wp-json\/wp\/v2\/posts\/47983","targetHints":{"allow":["GET"]}}],"collection":[{"href":"https:\/\/newsinfoco.com.br\/inicio\/wp-json\/wp\/v2\/posts"}],"about":[{"href":"https:\/\/newsinfoco.com.br\/inicio\/wp-json\/wp\/v2\/types\/post"}],"author":[{"embeddable":true,"href":"https:\/\/newsinfoco.com.br\/inicio\/wp-json\/wp\/v2\/users\/1"}],"replies":[{"embeddable":true,"href":"https:\/\/newsinfoco.com.br\/inicio\/wp-json\/wp\/v2\/comments?post=47983"}],"version-history":[{"count":1,"href":"https:\/\/newsinfoco.com.br\/inicio\/wp-json\/wp\/v2\/posts\/47983\/revisions"}],"predecessor-version":[{"id":47985,"href":"https:\/\/newsinfoco.com.br\/inicio\/wp-json\/wp\/v2\/posts\/47983\/revisions\/47985"}],"wp:featuredmedia":[{"embeddable":true,"href":"https:\/\/newsinfoco.com.br\/inicio\/wp-json\/wp\/v2\/media\/47984"}],"wp:attachment":[{"href":"https:\/\/newsinfoco.com.br\/inicio\/wp-json\/wp\/v2\/media?parent=47983"}],"wp:term":[{"taxonomy":"category","embeddable":true,"href":"https:\/\/newsinfoco.com.br\/inicio\/wp-json\/wp\/v2\/categories?post=47983"},{"taxonomy":"post_tag","embeddable":true,"href":"https:\/\/newsinfoco.com.br\/inicio\/wp-json\/wp\/v2\/tags?post=47983"}],"curies":[{"name":"wp","href":"https:\/\/api.w.org\/{rel}","templated":true}]}}