{"id":47986,"date":"2025-11-28T12:54:02","date_gmt":"2025-11-28T15:54:02","guid":{"rendered":"https:\/\/newsinfoco.com.br\/inicio\/?p=47986"},"modified":"2025-11-28T12:54:02","modified_gmt":"2025-11-28T15:54:02","slug":"jeronimo-volta-a-defender-pedidos-de-emprestimo-e-afirma-que-bahia-mantem-capacidade-de-pagamento","status":"publish","type":"post","link":"https:\/\/newsinfoco.com.br\/inicio\/jeronimo-volta-a-defender-pedidos-de-emprestimo-e-afirma-que-bahia-mantem-capacidade-de-pagamento\/","title":{"rendered":"Jer\u00f4nimo volta a defender pedidos de empr\u00e9stimo e afirma que Bahia mant\u00e9m capacidade de pagamento"},"content":{"rendered":"<p>O governador Jer\u00f4nimo Rodrigues (PT) voltou a defender, nesta quinta-feira (27), a s\u00e9rie de pedidos de empr\u00e9stimo enviados \u00e0 Assembleia Legislativa da Bahia (AL-BA) desde o in\u00edcio de sua gest\u00e3o. Ele reafirmou que o Estado possui bons \u00edndices de endividamento e destacou que a capacidade de pagamento da Bahia \u00e9 reconhecida pelo Minist\u00e9rio da Economia.<\/p>\n<p>Ao comentar cr\u00edticas sobre o volume de financiamentos solicitados, Jer\u00f4nimo retomou compara\u00e7\u00f5es com a gest\u00e3o do ex-governador Rui Costa (PT). Segundo ele, a aus\u00eancia de empr\u00e9stimos durante seis anos n\u00e3o ocorreu por falta de necessidade, mas por entraves federais.<\/p><div class=\"newsi-conteudo_19\" id=\"newsi-1888289241\"><a href=\"https:\/\/www.instagram.com\/prefeituraalagoinhas?igsh=YzgzdDJ1bWR3aWI4\" aria-label=\"SAVE_20251006_221555\"><img loading=\"lazy\" decoding=\"async\" src=\"https:\/\/newsinfoco.com.br\/inicio\/wp-content\/uploads\/2025\/10\/SAVE_20251006_221555-rotated.jpg\" alt=\"\"  srcset=\"https:\/\/newsinfoco.com.br\/inicio\/wp-content\/uploads\/2025\/10\/SAVE_20251006_221555-rotated.jpg 1140w, https:\/\/newsinfoco.com.br\/inicio\/wp-content\/uploads\/2025\/10\/SAVE_20251006_221555-300x52.jpg 300w, https:\/\/newsinfoco.com.br\/inicio\/wp-content\/uploads\/2025\/10\/SAVE_20251006_221555-1024x177.jpg 1024w, https:\/\/newsinfoco.com.br\/inicio\/wp-content\/uploads\/2025\/10\/SAVE_20251006_221555-768x133.jpg 768w, https:\/\/newsinfoco.com.br\/inicio\/wp-content\/uploads\/2025\/10\/SAVE_20251006_221555-600x104.jpg 600w, https:\/\/newsinfoco.com.br\/inicio\/wp-content\/uploads\/2025\/10\/SAVE_20251006_221555-696x120.jpg 696w, https:\/\/newsinfoco.com.br\/inicio\/wp-content\/uploads\/2025\/10\/SAVE_20251006_221555-1068x185.jpg 1068w\" sizes=\"(max-width: 1140px) 100vw, 1140px\" width=\"1140\" height=\"197\"   \/><\/a><\/div>\n<p>\u201cOs pedidos que Rui enviava n\u00e3o tinham respaldo no governo federal. Dois deles foram barrados pelo Banco do Brasil e pela Caixa. Rui queria contrair empr\u00e9stimos, mas n\u00e3o conseguia autoriza\u00e7\u00e3o\u201d, afirmou. O governador disse ainda que, se a Bahia tivesse obtido financiamentos anteriores, parte das demandas atuais j\u00e1 estaria suprida, especialmente em \u00e1reas como sa\u00fade, educa\u00e7\u00e3o e infraestrutura.<\/p>\n<p>Jer\u00f4nimo refor\u00e7ou que todos os pedidos passam previamente por an\u00e1lise t\u00e9cnica e se baseiam na capacidade de pagamento do Estado, certificada por \u00f3rg\u00e3os federais. \u201cA nossa CAPAG n\u00e3o \u00e9 definida pela Secretaria da Fazenda. Quem nos d\u00e1 o relat\u00f3rio de capacidade de pagamento \u00e9 o Minist\u00e9rio da Economia\u201d, destacou.<\/p>\n<p><strong>Gest\u00e3o atinge 22\u00ba pedido de empr\u00e9stimo<\/strong><\/p>\n<p>Com o envio de uma nova solicita\u00e7\u00e3o \u00e0 AL-BA na \u00faltima ter\u00e7a-feira (25), Jer\u00f4nimo Rodrigues alcan\u00e7ou o 22\u00ba pedido de empr\u00e9stimo desde 2023. A proposta mais recente, encaminhada em regime de urg\u00eancia, prev\u00ea a contrata\u00e7\u00e3o de R$ 650 milh\u00f5es junto ao Banco do Brasil. Apenas em novembro, o governo encaminhou tr\u00eas pedidos que, somados, chegam a R$ 2,9 bilh\u00f5es.<\/p>\n<div>\n<div>\n<div class=\"trv-player-container\">\n<div class=\"trv-wrapper\">\n<div id=\"br_video_player_e59c9b693ac491c2c7ebea147751da9dc3c659f9\" class=\"trvd_video_player trvdinstream\">\n<div class=\"media-player\">\n<div class=\"trv-video\">\n<div id=\"truvid_ima_container77401\" class=\"truvid_ima_container\">\n<div>\n<div>\n<div>\n<div>\n<div class=\"trv-player-container\">\n<div class=\"trv-wrapper\">\n<div id=\"br_video_player_e59c9b693ac491c2c7ebea147751da9dc3c659f9\" class=\"trvd_video_player trvdinstream\">\n<div class=\"media-player\">\n<div class=\"trv-video\">\n<div id=\"truvid_ima_container77401\" class=\"truvid_ima_container\">\n<div>\n<div>\n<div class=\"conteudo_post\">\n<p>De acordo com o governador, o\u00a0<a href=\"https:\/\/bahia.ba\/politica\/aliviar-a-divida-afirma-jeronimo-sobre-22o-pedido-de-emprestimo-na-sua-gestao\/\" target=\"_blank\" rel=\"noopener\">novo financiamento ser\u00e1 direcionado para investimentos<\/a>\u00a0em parcerias p\u00fablico-privadas (PPPs). Ele n\u00e3o detalhou, entretanto, quais projetos devem receber os recursos. O envio em car\u00e1ter urgente reduz o prazo para que os deputados analisem e votem a mat\u00e9ria, o que j\u00e1 gerou cr\u00edticas de parlamentares da oposi\u00e7\u00e3o nas \u00faltimas semanas.<\/p>\n<p>Bahia.Ba<\/p>\n<\/div>\n<div id=\"author-info\" class=\"ui items\">\n<div class=\"item\"><\/div>\n<\/div>\n<\/div>\n<\/div>\n<\/div>\n<\/div>\n<\/div>\n<\/div>\n<\/div>\n<\/div>\n<\/div>\n<\/div>\n<\/div>\n<\/div>\n<\/div>\n<\/div>\n<\/div>\n<\/div>\n<\/div>\n<\/div>\n<\/div>\n<\/div>\n<div class='share-to-whatsapp-wrapper'><div class='share-on-whsp'>Share on: <\/div><a data-text='Jer\u00f4nimo volta a defender pedidos de empr\u00e9stimo e afirma que Bahia mant\u00e9m capacidade de pagamento' data-link='https:\/\/newsinfoco.com.br\/inicio\/jeronimo-volta-a-defender-pedidos-de-emprestimo-e-afirma-que-bahia-mantem-capacidade-de-pagamento\/' class='whatsapp-button whatsapp-share'>WhatsApp<\/a><div class='clear '><\/div><\/div>","protected":false},"excerpt":{"rendered":"<p>O governador Jer\u00f4nimo Rodrigues (PT) voltou a defender, nesta quinta-feira (27), a s\u00e9rie de pedidos de empr\u00e9stimo enviados \u00e0 Assembleia Legislativa da Bahia (AL-BA) desde o in\u00edcio de sua gest\u00e3o. Ele reafirmou que o Estado possui bons \u00edndices de endividamento e destacou que a capacidade de pagamento da Bahia \u00e9 reconhecida pelo Minist\u00e9rio da Economia. [&hellip;]<\/p>\n","protected":false},"author":1,"featured_media":47987,"comment_status":"closed","ping_status":"closed","sticky":false,"template":"","format":"standard","meta":{"om_disable_all_campaigns":false,"_exactmetrics_skip_tracking":false,"_exactmetrics_sitenote_active":false,"_exactmetrics_sitenote_note":"","_exactmetrics_sitenote_category":0,"footnotes":""},"categories":[19],"tags":[],"class_list":["post-47986","post","type-post","status-publish","format-standard","has-post-thumbnail","hentry","category-bahia"],"aioseo_notices":[],"_links":{"self":[{"href":"https:\/\/newsinfoco.com.br\/inicio\/wp-json\/wp\/v2\/posts\/47986","targetHints":{"allow":["GET"]}}],"collection":[{"href":"https:\/\/newsinfoco.com.br\/inicio\/wp-json\/wp\/v2\/posts"}],"about":[{"href":"https:\/\/newsinfoco.com.br\/inicio\/wp-json\/wp\/v2\/types\/post"}],"author":[{"embeddable":true,"href":"https:\/\/newsinfoco.com.br\/inicio\/wp-json\/wp\/v2\/users\/1"}],"replies":[{"embeddable":true,"href":"https:\/\/newsinfoco.com.br\/inicio\/wp-json\/wp\/v2\/comments?post=47986"}],"version-history":[{"count":1,"href":"https:\/\/newsinfoco.com.br\/inicio\/wp-json\/wp\/v2\/posts\/47986\/revisions"}],"predecessor-version":[{"id":47988,"href":"https:\/\/newsinfoco.com.br\/inicio\/wp-json\/wp\/v2\/posts\/47986\/revisions\/47988"}],"wp:featuredmedia":[{"embeddable":true,"href":"https:\/\/newsinfoco.com.br\/inicio\/wp-json\/wp\/v2\/media\/47987"}],"wp:attachment":[{"href":"https:\/\/newsinfoco.com.br\/inicio\/wp-json\/wp\/v2\/media?parent=47986"}],"wp:term":[{"taxonomy":"category","embeddable":true,"href":"https:\/\/newsinfoco.com.br\/inicio\/wp-json\/wp\/v2\/categories?post=47986"},{"taxonomy":"post_tag","embeddable":true,"href":"https:\/\/newsinfoco.com.br\/inicio\/wp-json\/wp\/v2\/tags?post=47986"}],"curies":[{"name":"wp","href":"https:\/\/api.w.org\/{rel}","templated":true}]}}