{"id":47989,"date":"2025-11-28T13:04:52","date_gmt":"2025-11-28T16:04:52","guid":{"rendered":"https:\/\/newsinfoco.com.br\/inicio\/?p=47989"},"modified":"2025-11-28T13:04:52","modified_gmt":"2025-11-28T16:04:52","slug":"isidorio-associa-anistia-ao-perdao-biblico-e-descarta-voto-contrario","status":"publish","type":"post","link":"https:\/\/newsinfoco.com.br\/inicio\/isidorio-associa-anistia-ao-perdao-biblico-e-descarta-voto-contrario\/","title":{"rendered":"Isid\u00f3rio associa anistia ao perd\u00e3o b\u00edblico e descarta voto contr\u00e1rio"},"content":{"rendered":"<div class=\"conteudo_post\">\n<article class=\"text-token-text-primary w-full focus:outline-none [--shadow-height:45px] has-data-writing-block:pointer-events-none has-data-writing-block:-mt-(--shadow-height) has-data-writing-block:pt-(--shadow-height) [&amp;:has([data-writing-block])&gt;*]:pointer-events-auto scroll-mt-[calc(var(--header-height)+min(200px,max(70px,20svh)))]\" dir=\"auto\" tabindex=\"-1\" data-turn-id=\"request-WEB:35ea94aa-1cb8-4897-94b2-e78437aa80d0-15\" data-testid=\"conversation-turn-32\" data-scroll-anchor=\"true\" data-turn=\"assistant\">\n<div class=\"text-base my-auto mx-auto pb-10 [--thread-content-margin:--spacing(4)] thread-sm:[--thread-content-margin:--spacing(6)] thread-lg:[--thread-content-margin:--spacing(16)] px-(--thread-content-margin)\">\n<div class=\"[--thread-content-max-width:40rem] thread-lg:[--thread-content-max-width:48rem] mx-auto max-w-(--thread-content-max-width) flex-1 group\/turn-messages focus-visible:outline-hidden relative flex w-full min-w-0 flex-col agent-turn\" tabindex=\"-1\">\n<div class=\"z-0 flex min-h-[46px] justify-start\">\n<p>O deputado federal<b>\u00a0Pastor Sargento Isid\u00f3rio<\/b>\u00a0(Avante-BA) afirmou que\u00a0<b>n\u00e3o votar\u00e1 contra uma eventual proposta de anistia no Congresso<\/b>. Segundo ele, o instituto representa perd\u00e3o, conceito que associa a princ\u00edpios b\u00edblicos e \u00e0 pr\u00e1tica de recupera\u00e7\u00e3o de internos de sua comunidade terap\u00eautica. O parlamentar tamb\u00e9m comentou a pris\u00e3o do ex-presidente\u00a0<b>Jair Bolsonaro<\/b>\u00a0(PL) e criticou privil\u00e9gios no cumprimento de penas.<\/p>\n<p>Isid\u00f3rio afirmou que, caso o tema chegue ao plen\u00e1rio,\u00a0<b>n\u00e3o h\u00e1 possibilidade de rejeitar a proposta<\/b>. Ele declarou que \u201c<b>n\u00e3o tem como votar contra a anistia\u201d<\/b>\u00a0porque, em sua interpreta\u00e7\u00e3o, \u201ca anistia \u00e9 perd\u00e3o de pecado\u201d. O deputado recorreu a passagens b\u00edblicas para justificar sua posi\u00e7\u00e3o e citou personalidades religiosas que, segundo ele, teriam sido perdoadas ap\u00f3s cometer faltas.<\/p><div class=\"newsi-conteudo_19\" id=\"newsi-347188496\"><a href=\"https:\/\/www.instagram.com\/prefeituraalagoinhas?igsh=YzgzdDJ1bWR3aWI4\" aria-label=\"SAVE_20251006_221555\"><img loading=\"lazy\" decoding=\"async\" src=\"https:\/\/newsinfoco.com.br\/inicio\/wp-content\/uploads\/2025\/10\/SAVE_20251006_221555-rotated.jpg\" alt=\"\"  srcset=\"https:\/\/newsinfoco.com.br\/inicio\/wp-content\/uploads\/2025\/10\/SAVE_20251006_221555-rotated.jpg 1140w, https:\/\/newsinfoco.com.br\/inicio\/wp-content\/uploads\/2025\/10\/SAVE_20251006_221555-300x52.jpg 300w, https:\/\/newsinfoco.com.br\/inicio\/wp-content\/uploads\/2025\/10\/SAVE_20251006_221555-1024x177.jpg 1024w, https:\/\/newsinfoco.com.br\/inicio\/wp-content\/uploads\/2025\/10\/SAVE_20251006_221555-768x133.jpg 768w, https:\/\/newsinfoco.com.br\/inicio\/wp-content\/uploads\/2025\/10\/SAVE_20251006_221555-600x104.jpg 600w, https:\/\/newsinfoco.com.br\/inicio\/wp-content\/uploads\/2025\/10\/SAVE_20251006_221555-696x120.jpg 696w, https:\/\/newsinfoco.com.br\/inicio\/wp-content\/uploads\/2025\/10\/SAVE_20251006_221555-1068x185.jpg 1068w\" sizes=\"(max-width: 1140px) 100vw, 1140px\" width=\"1140\" height=\"197\"   \/><\/a><\/div>\n<p>O parlamentar mencionou a atua\u00e7\u00e3o da Funda\u00e7\u00e3o Dr. Jesus, comunidade terap\u00eautica que mant\u00e9m em Sim\u00f5es Filho. Ele afirmou que o espa\u00e7o acolhe \u201c2.180 internados\u201d, entre dependentes qu\u00edmicos e pessoas que \u201cquerem mudar de vida\u201d, o que considera uma forma cotidiana de anistia. Isid\u00f3rio afirmou que \u201ca miseric\u00f3rdia de Deus \u00e9 a causa de n\u00f3s n\u00e3o sermos consumidos\u201d e declarou que n\u00e3o votaria contra qualquer medida que, em seu entendimento, represente perd\u00e3o.<\/p>\n<p>O deputado acrescentou que a an\u00e1lise de responsabilidade penal compete ao Poder Judici\u00e1rio. Ele disse que \u201cquem resolve crime \u00e9 o STF\u201d e avaliou que a Corte tem atuado com rigor ao determinar pris\u00f5es de militares de alta patente. Segundo ele, circulam \u201cmuitas fake news, muita mentira\u201d envolvendo especula\u00e7\u00f5es de interfer\u00eancia internacional ou de instabilidade institucional.<\/p>\n<p><b>Pris\u00e3o de Bolsonaro<\/b><\/p>\n<p>Ao comentar a pris\u00e3o preventiva de\u00a0<b>Jair Bolsonaro,<\/b>\u00a0Isid\u00f3rio afirmou que processos criminais devem ser tratados exclusivamente pelo Judici\u00e1rio. O deputado disse que \u201cn\u00e3o gosta de se envolver\u201d em discuss\u00f5es sobre pris\u00f5es, mas defendeu isonomia no cumprimento das penas.<\/p>\n<p>Ele destacou um projeto de sua autoria que prop\u00f5e regras espec\u00edficas para pris\u00e3o domiciliar de condenados com mais recursos. \u201cCriamos um modelo em que o preso n\u00e3o fique em mans\u00e3o, cobertura ou fazenda\u201d, afirmou. O texto prev\u00ea estruturas simples, pr\u00f3ximas a pres\u00eddios e fiscalizadas pela pol\u00edcia penal. De acordo com o parlamentar, conceder pris\u00e3o domiciliar em resid\u00eancias de luxo \u00e9 \u201cdar trof\u00e9u ao criminoso\u201d.<\/p>\n<p>Sobre Bolsonaro, ele afirmou que \u201cquem tem de responder \u00e9 o STF\u201d, reiterando que \u201ctodos s\u00e3o iguais perante a lei\u201d.<\/p>\n<p><b>Sa\u00eddas tempor\u00e1rias e tratamento igualit\u00e1rio<\/b><\/p>\n<p>Isid\u00f3rio tamb\u00e9m comentou a possibilidade de veto \u00e0s sa\u00eddas tempor\u00e1rias, ap\u00f3s press\u00f5es de parlamentares governistas e oposicionistas. Ele afirmou que o direito penal deve ser aplicado de forma igual. \u201cO pau que d\u00e1 em Chico precisa dar em Francisco\u201d, disse. O deputado declarou ter votado contra a blindagem parlamentar para manter parlamentares sujeitos \u00e0s mesmas regras aplicadas \u00e0 popula\u00e7\u00e3o.<\/p>\n<p>Ele criticou comportamentos criminosos atribu\u00eddos a agentes pol\u00edticos e defendeu que qualquer delito cometido por autoridades deve ser punido. \u201cO povo n\u00e3o nos elege para virar ladr\u00e3o\u201d, afirmou, acrescentando que o mandato deve ser usado para servir \u00e0 popula\u00e7\u00e3o e n\u00e3o para buscar privil\u00e9gios.<\/p>\n<p>Bahia.Ba<\/p>\n<\/div>\n<\/div>\n<\/div>\n<\/article>\n<\/div>\n<div id=\"author-info\" class=\"ui items\">\n<div class=\"item\">\n<div class=\"conteudo_post\">\n<article class=\"text-token-text-primary w-full focus:outline-none [--shadow-height:45px] has-data-writing-block:pointer-events-none has-data-writing-block:-mt-(--shadow-height) has-data-writing-block:pt-(--shadow-height) [&amp;:has([data-writing-block])&gt;*]:pointer-events-auto scroll-mt-[calc(var(--header-height)+min(200px,max(70px,20svh)))]\" dir=\"auto\" tabindex=\"-1\" data-turn-id=\"request-WEB:35ea94aa-1cb8-4897-94b2-e78437aa80d0-15\" data-testid=\"conversation-turn-32\" data-scroll-anchor=\"true\" data-turn=\"assistant\">\n<div class=\"text-base my-auto mx-auto pb-10 [--thread-content-margin:--spacing(4)] thread-sm:[--thread-content-margin:--spacing(6)] thread-lg:[--thread-content-margin:--spacing(16)] px-(--thread-content-margin)\">\n<div class=\"[--thread-content-max-width:40rem] thread-lg:[--thread-content-max-width:48rem] mx-auto max-w-(--thread-content-max-width) flex-1 group\/turn-messages focus-visible:outline-hidden relative flex w-full min-w-0 flex-col agent-turn\" tabindex=\"-1\">\n<div class=\"z-0 flex min-h-[46px] justify-start\"><\/div>\n<\/div>\n<\/div>\n<\/article>\n<\/div>\n<div id=\"author-info\" class=\"ui items\">\n<div class=\"item\"><\/div>\n<\/div>\n<\/div>\n<\/div>\n<div class='share-to-whatsapp-wrapper'><div class='share-on-whsp'>Share on: <\/div><a data-text='Isid\u00f3rio associa anistia ao perd\u00e3o b\u00edblico e descarta voto contr\u00e1rio' data-link='https:\/\/newsinfoco.com.br\/inicio\/isidorio-associa-anistia-ao-perdao-biblico-e-descarta-voto-contrario\/' class='whatsapp-button whatsapp-share'>WhatsApp<\/a><div class='clear '><\/div><\/div>","protected":false},"excerpt":{"rendered":"<p>O deputado federal\u00a0Pastor Sargento Isid\u00f3rio\u00a0(Avante-BA) afirmou que\u00a0n\u00e3o votar\u00e1 contra uma eventual proposta de anistia no Congresso. Segundo ele, o instituto representa perd\u00e3o, conceito que associa a princ\u00edpios b\u00edblicos e \u00e0 pr\u00e1tica de recupera\u00e7\u00e3o de internos de sua comunidade terap\u00eautica. O parlamentar tamb\u00e9m comentou a pris\u00e3o do ex-presidente\u00a0Jair Bolsonaro\u00a0(PL) e criticou privil\u00e9gios no cumprimento de penas. [&hellip;]<\/p>\n","protected":false},"author":1,"featured_media":47990,"comment_status":"closed","ping_status":"closed","sticky":false,"template":"","format":"standard","meta":{"om_disable_all_campaigns":false,"_exactmetrics_skip_tracking":false,"_exactmetrics_sitenote_active":false,"_exactmetrics_sitenote_note":"","_exactmetrics_sitenote_category":0,"footnotes":""},"categories":[19],"tags":[],"class_list":["post-47989","post","type-post","status-publish","format-standard","has-post-thumbnail","hentry","category-bahia"],"aioseo_notices":[],"_links":{"self":[{"href":"https:\/\/newsinfoco.com.br\/inicio\/wp-json\/wp\/v2\/posts\/47989","targetHints":{"allow":["GET"]}}],"collection":[{"href":"https:\/\/newsinfoco.com.br\/inicio\/wp-json\/wp\/v2\/posts"}],"about":[{"href":"https:\/\/newsinfoco.com.br\/inicio\/wp-json\/wp\/v2\/types\/post"}],"author":[{"embeddable":true,"href":"https:\/\/newsinfoco.com.br\/inicio\/wp-json\/wp\/v2\/users\/1"}],"replies":[{"embeddable":true,"href":"https:\/\/newsinfoco.com.br\/inicio\/wp-json\/wp\/v2\/comments?post=47989"}],"version-history":[{"count":1,"href":"https:\/\/newsinfoco.com.br\/inicio\/wp-json\/wp\/v2\/posts\/47989\/revisions"}],"predecessor-version":[{"id":47991,"href":"https:\/\/newsinfoco.com.br\/inicio\/wp-json\/wp\/v2\/posts\/47989\/revisions\/47991"}],"wp:featuredmedia":[{"embeddable":true,"href":"https:\/\/newsinfoco.com.br\/inicio\/wp-json\/wp\/v2\/media\/47990"}],"wp:attachment":[{"href":"https:\/\/newsinfoco.com.br\/inicio\/wp-json\/wp\/v2\/media?parent=47989"}],"wp:term":[{"taxonomy":"category","embeddable":true,"href":"https:\/\/newsinfoco.com.br\/inicio\/wp-json\/wp\/v2\/categories?post=47989"},{"taxonomy":"post_tag","embeddable":true,"href":"https:\/\/newsinfoco.com.br\/inicio\/wp-json\/wp\/v2\/tags?post=47989"}],"curies":[{"name":"wp","href":"https:\/\/api.w.org\/{rel}","templated":true}]}}