{"id":47992,"date":"2025-11-28T13:15:15","date_gmt":"2025-11-28T16:15:15","guid":{"rendered":"https:\/\/newsinfoco.com.br\/inicio\/?p=47992"},"modified":"2025-11-28T13:15:15","modified_gmt":"2025-11-28T16:15:15","slug":"feira-de-empreendedorismo-de-alagoinhas-celebra-4a-edicao-com-foco-na-autonomia-financeira","status":"publish","type":"post","link":"https:\/\/newsinfoco.com.br\/inicio\/feira-de-empreendedorismo-de-alagoinhas-celebra-4a-edicao-com-foco-na-autonomia-financeira\/","title":{"rendered":"Feira de Empreendedorismo de Alagoinhas celebra 4\u00aa edi\u00e7\u00e3o com foco na autonomia financeira"},"content":{"rendered":"<p>A Prefeitura Municipal de Alagoinhas, por meio da Secretaria de Desenvolvimento Econ\u00f4mico e Emprego (SDEE), iniciou nesta quinta-feira, 27, a 4\u00aa edi\u00e7\u00e3o da Feira de Empreendedorismo de Alagoinhas. A Feira, institu\u00edda por um projeto de lei de autoria da vereadora Jaldice Nunes, \u00a0com emenda parlamentar da mesma, tem como foco o fortalecimento dos neg\u00f3cios e a amplia\u00e7\u00e3o da gera\u00e7\u00e3o de renda.<\/p>\n<p>Deraldo Carlos, gestor da SDEE, falou da import\u00e2ncia em promover um evento que beneficia diretamente os empreendedores. \u201cEssa \u00e9 uma atividade que entendemos a import\u00e2ncia de fomentar o empreendedor trazendo o aperfei\u00e7oamento e buscando maior conhecimento, que \u00e9 o que oferecemos aqui. \u00c9 isso que vai garantir resultados positivos e bons neg\u00f3cios\u201d, avalia.<\/p><div class=\"newsi-conteudo_19\" id=\"newsi-3116326769\"><a href=\"https:\/\/www.instagram.com\/prefeituraalagoinhas?igsh=YzgzdDJ1bWR3aWI4\" aria-label=\"SAVE_20251006_221555\"><img loading=\"lazy\" decoding=\"async\" src=\"https:\/\/newsinfoco.com.br\/inicio\/wp-content\/uploads\/2025\/10\/SAVE_20251006_221555-rotated.jpg\" alt=\"\"  srcset=\"https:\/\/newsinfoco.com.br\/inicio\/wp-content\/uploads\/2025\/10\/SAVE_20251006_221555-rotated.jpg 1140w, https:\/\/newsinfoco.com.br\/inicio\/wp-content\/uploads\/2025\/10\/SAVE_20251006_221555-300x52.jpg 300w, https:\/\/newsinfoco.com.br\/inicio\/wp-content\/uploads\/2025\/10\/SAVE_20251006_221555-1024x177.jpg 1024w, https:\/\/newsinfoco.com.br\/inicio\/wp-content\/uploads\/2025\/10\/SAVE_20251006_221555-768x133.jpg 768w, https:\/\/newsinfoco.com.br\/inicio\/wp-content\/uploads\/2025\/10\/SAVE_20251006_221555-600x104.jpg 600w, https:\/\/newsinfoco.com.br\/inicio\/wp-content\/uploads\/2025\/10\/SAVE_20251006_221555-696x120.jpg 696w, https:\/\/newsinfoco.com.br\/inicio\/wp-content\/uploads\/2025\/10\/SAVE_20251006_221555-1068x185.jpg 1068w\" sizes=\"(max-width: 1140px) 100vw, 1140px\" width=\"1140\" height=\"197\"   \/><\/a><\/div>\n<p>A vereadora Jaldice Nunes destacou a import\u00e2ncia do empreendedorismo como caminho de autonomia econ\u00f4mica, especialmente para as mulheres. \u201cAcreditamos que o apoio ao empreendedorismo \u00e9 algo muito potente, que deve ser visto de uma forma diferente pelos gestores p\u00fablicos. Diante da falta de empregos com carteira assinada e da falta de concursos p\u00fablicos, enxergamos no empreendedorismo uma ferramenta poderosa de renda. Na condi\u00e7\u00e3o de mulher e de m\u00e3e, vejo tamb\u00e9m uma oportunidade de voc\u00ea ter sua renda, de estudar, se realizar profissionalmente, ter independ\u00eancia financeira, mas tamb\u00e9m cuidar da fam\u00edlia\u201d, afirma.<\/p>\n<p>O evento traz uma grande variedade de produtos, incluindo artesanato, itens aliment\u00edcios, plantas, confec\u00e7\u00f5es, cosm\u00e9ticos, acess\u00f3rios e itens de decora\u00e7\u00e3o Aine Nayala de Santana, propriet\u00e1ria da loja Menina Fina, que exp\u00f5e t-shirts 100% algod\u00e3o e semijoias, participa do evento h\u00e1 quatro anos. \u201cA exposi\u00e7\u00e3o na feira traz visibilidade. O cliente que passa aqui se interessa, pode levar o produto na hora; e h\u00e1 tem aqueles que entram em contato depois para a gente fazer a entrega. Ent\u00e3o, sempre tem um retorno positivo\u201d, afirmou a empreendedora.<\/p>\n<p>Julieta de Souza trouxe sabonetes artesanais e escalda-p\u00e9s, produzidos por ela mesma sob a marca Ametista. \u201c\u00c9 muito gratificante ver que tem pessoas que nos apoiam, nos incentivam, nos d\u00e3o essa oportunidade de expor, de apresentar nossos produtos para outras pessoas,\u201d disse Julieta, que j\u00e1 participou de outras edi\u00e7\u00f5es. A produtora destacou que seu trabalho \u00e9 focado na energia e em cristais, com produtos para prosperidade, boas vibra\u00e7\u00f5es e alinhamento de chakras.<\/p>\n<p>A programa\u00e7\u00e3o da Semana de Empreendedorismo contou com um ciclo de capacita\u00e7\u00f5es para quem j\u00e1 possui pequenos neg\u00f3cios ou deseja iniciar neste caminho, com oficinas espec\u00edficas voltadas para as mulheres que exp\u00f5em na Feira. O evento, que se estende at\u00e9 sexta-feira, 28, faz parte da Semana de Empreendedorismo, fomentando o mercado local e celebrando o esp\u00edrito empreendedor de Alagoinhas.<\/p>\n<p>Bahia.Ba<\/p>\n<div class='share-to-whatsapp-wrapper'><div class='share-on-whsp'>Share on: <\/div><a data-text='Feira de Empreendedorismo de Alagoinhas celebra 4\u00aa edi\u00e7\u00e3o com foco na autonomia financeira' data-link='https:\/\/newsinfoco.com.br\/inicio\/feira-de-empreendedorismo-de-alagoinhas-celebra-4a-edicao-com-foco-na-autonomia-financeira\/' class='whatsapp-button whatsapp-share'>WhatsApp<\/a><div class='clear '><\/div><\/div>","protected":false},"excerpt":{"rendered":"<p>A Prefeitura Municipal de Alagoinhas, por meio da Secretaria de Desenvolvimento Econ\u00f4mico e Emprego (SDEE), iniciou nesta quinta-feira, 27, a 4\u00aa edi\u00e7\u00e3o da Feira de Empreendedorismo de Alagoinhas. A Feira, institu\u00edda por um projeto de lei de autoria da vereadora Jaldice Nunes, \u00a0com emenda parlamentar da mesma, tem como foco o fortalecimento dos neg\u00f3cios e [&hellip;]<\/p>\n","protected":false},"author":1,"featured_media":47993,"comment_status":"closed","ping_status":"closed","sticky":false,"template":"","format":"standard","meta":{"om_disable_all_campaigns":false,"_exactmetrics_skip_tracking":false,"_exactmetrics_sitenote_active":false,"_exactmetrics_sitenote_note":"","_exactmetrics_sitenote_category":0,"footnotes":""},"categories":[38,167],"tags":[],"class_list":["post-47992","post","type-post","status-publish","format-standard","has-post-thumbnail","hentry","category-alagoinhas-e-regiao","category-exclusivas"],"aioseo_notices":[],"_links":{"self":[{"href":"https:\/\/newsinfoco.com.br\/inicio\/wp-json\/wp\/v2\/posts\/47992","targetHints":{"allow":["GET"]}}],"collection":[{"href":"https:\/\/newsinfoco.com.br\/inicio\/wp-json\/wp\/v2\/posts"}],"about":[{"href":"https:\/\/newsinfoco.com.br\/inicio\/wp-json\/wp\/v2\/types\/post"}],"author":[{"embeddable":true,"href":"https:\/\/newsinfoco.com.br\/inicio\/wp-json\/wp\/v2\/users\/1"}],"replies":[{"embeddable":true,"href":"https:\/\/newsinfoco.com.br\/inicio\/wp-json\/wp\/v2\/comments?post=47992"}],"version-history":[{"count":1,"href":"https:\/\/newsinfoco.com.br\/inicio\/wp-json\/wp\/v2\/posts\/47992\/revisions"}],"predecessor-version":[{"id":47994,"href":"https:\/\/newsinfoco.com.br\/inicio\/wp-json\/wp\/v2\/posts\/47992\/revisions\/47994"}],"wp:featuredmedia":[{"embeddable":true,"href":"https:\/\/newsinfoco.com.br\/inicio\/wp-json\/wp\/v2\/media\/47993"}],"wp:attachment":[{"href":"https:\/\/newsinfoco.com.br\/inicio\/wp-json\/wp\/v2\/media?parent=47992"}],"wp:term":[{"taxonomy":"category","embeddable":true,"href":"https:\/\/newsinfoco.com.br\/inicio\/wp-json\/wp\/v2\/categories?post=47992"},{"taxonomy":"post_tag","embeddable":true,"href":"https:\/\/newsinfoco.com.br\/inicio\/wp-json\/wp\/v2\/tags?post=47992"}],"curies":[{"name":"wp","href":"https:\/\/api.w.org\/{rel}","templated":true}]}}