{"id":47998,"date":"2025-11-28T13:28:44","date_gmt":"2025-11-28T16:28:44","guid":{"rendered":"https:\/\/newsinfoco.com.br\/inicio\/?p=47998"},"modified":"2025-11-28T13:28:44","modified_gmt":"2025-11-28T16:28:44","slug":"creche-municipal-sao-jose-realiza-caminhada-educativa-sobre-antirracismo-identidade-e-o-direito-de-brincar","status":"publish","type":"post","link":"https:\/\/newsinfoco.com.br\/inicio\/creche-municipal-sao-jose-realiza-caminhada-educativa-sobre-antirracismo-identidade-e-o-direito-de-brincar\/","title":{"rendered":"Creche Municipal S\u00e3o Jos\u00e9 realiza caminhada educativa sobre antirracismo, identidade e o direito de brincar"},"content":{"rendered":"<p>A Creche Municipal S\u00e3o Jos\u00e9, localizada no Miguel Velho, promoveu uma caminhada educativa no bairro, com foco na educa\u00e7\u00e3o antirracista, na import\u00e2ncia do brincar e no projeto institucional Alagod\u00e9, que valoriza os tons, saberes, sabores e fazeres de Alagoinhas. A atividade ocorreu na manh\u00e3 desta sexta-feira, 28, e envolveu 42 alunos dos Grupos 2 e 3, acompanhados pela equipe escolar, familiares e pela comunidade.<\/p>\n<p>Durante todo o ano letivo, as crian\u00e7as trabalharam os tr\u00eas temas apresentados na caminhada, que fizeram parte da proposta pedag\u00f3gica da creche. A caminhada marcou o encerramento dessas atividades, levando \u00e0s ruas do bairro cartazes e figurinos especiais relacionados aos temas estudados. Os alunos do Grupo 2 representaram a luta antirracista na educa\u00e7\u00e3o, enquanto os estudantes do Grupo 3 simbolizaram elementos da hist\u00f3ria do Miguel Velho.<\/p><div class=\"newsi-conteudo_19\" id=\"newsi-1899053538\"><a href=\"https:\/\/www.instagram.com\/prefeituraalagoinhas?igsh=YzgzdDJ1bWR3aWI4\" aria-label=\"SAVE_20251006_221555\"><img loading=\"lazy\" decoding=\"async\" src=\"https:\/\/newsinfoco.com.br\/inicio\/wp-content\/uploads\/2025\/10\/SAVE_20251006_221555-rotated.jpg\" alt=\"\"  srcset=\"https:\/\/newsinfoco.com.br\/inicio\/wp-content\/uploads\/2025\/10\/SAVE_20251006_221555-rotated.jpg 1140w, https:\/\/newsinfoco.com.br\/inicio\/wp-content\/uploads\/2025\/10\/SAVE_20251006_221555-300x52.jpg 300w, https:\/\/newsinfoco.com.br\/inicio\/wp-content\/uploads\/2025\/10\/SAVE_20251006_221555-1024x177.jpg 1024w, https:\/\/newsinfoco.com.br\/inicio\/wp-content\/uploads\/2025\/10\/SAVE_20251006_221555-768x133.jpg 768w, https:\/\/newsinfoco.com.br\/inicio\/wp-content\/uploads\/2025\/10\/SAVE_20251006_221555-600x104.jpg 600w, https:\/\/newsinfoco.com.br\/inicio\/wp-content\/uploads\/2025\/10\/SAVE_20251006_221555-696x120.jpg 696w, https:\/\/newsinfoco.com.br\/inicio\/wp-content\/uploads\/2025\/10\/SAVE_20251006_221555-1068x185.jpg 1068w\" sizes=\"(max-width: 1140px) 100vw, 1140px\" width=\"1140\" height=\"197\"   \/><\/a><\/div>\n<p>A gestora da creche, Alice Silva, destacou a relev\u00e2ncia da abordagem na primeira inf\u00e2ncia. \u201cN\u00f3s entendemos que a educa\u00e7\u00e3o antirracista na inf\u00e2ncia contribui para que o preconceito seja combatido ainda nesta fase, promovendo uma sociedade mais justa, que respeita as diferen\u00e7as. Sobre o brincar, sabemos que esse \u00e9 um direito que toda crian\u00e7a tem. A Educa\u00e7\u00e3o Infantil \u00e9 o momento crucial para isso\u201d, afirmou.<\/p>\n<p>Outro ponto trabalhado ao longo do ano foi o fortalecimento da identidade por meio do estudo da hist\u00f3ria do bairro. \u201cEntender a hist\u00f3ria do bairro \u00e9 fundamental para a constru\u00e7\u00e3o da identidade, do sentimento de cidadania e de presen\u00e7a. Assim, os alunos entendem por que as coisas s\u00e3o como s\u00e3o e aprendem a valorizar a hist\u00f3ria da cidade\u201d, completou Alice.<\/p>\n<p>O eletricista Arthur Santos acompanhou o filho, Arthur Vicente, de 3 anos, e destacou o impacto positivo da a\u00e7\u00e3o. \u201cAtitudes como essa contribuem para melhorar a visibilidade do nosso bairro e tamb\u00e9m a forma como os pr\u00f3prios moradores aqui se veem\u201d, disse.<\/p>\n<p>A caminhada contou ainda com o apoio dos alunos da Escola Municipal Jos\u00e9 Honorato, vizinha \u00e0 creche, que se juntaram ao percurso e refor\u00e7aram o car\u00e1ter comunit\u00e1rio da atividade.<\/p>\n<p>&nbsp;<\/p>\n<div class='share-to-whatsapp-wrapper'><div class='share-on-whsp'>Share on: <\/div><a data-text='Creche Municipal S\u00e3o Jos\u00e9 realiza caminhada educativa sobre antirracismo, identidade e o direito de brincar' data-link='https:\/\/newsinfoco.com.br\/inicio\/creche-municipal-sao-jose-realiza-caminhada-educativa-sobre-antirracismo-identidade-e-o-direito-de-brincar\/' class='whatsapp-button whatsapp-share'>WhatsApp<\/a><div class='clear '><\/div><\/div>","protected":false},"excerpt":{"rendered":"<p>A Creche Municipal S\u00e3o Jos\u00e9, localizada no Miguel Velho, promoveu uma caminhada educativa no bairro, com foco na educa\u00e7\u00e3o antirracista, na import\u00e2ncia do brincar e no projeto institucional Alagod\u00e9, que valoriza os tons, saberes, sabores e fazeres de Alagoinhas. A atividade ocorreu na manh\u00e3 desta sexta-feira, 28, e envolveu 42 alunos dos Grupos 2 e [&hellip;]<\/p>\n","protected":false},"author":1,"featured_media":47999,"comment_status":"closed","ping_status":"closed","sticky":false,"template":"","format":"standard","meta":{"om_disable_all_campaigns":false,"_exactmetrics_skip_tracking":false,"_exactmetrics_sitenote_active":false,"_exactmetrics_sitenote_note":"","_exactmetrics_sitenote_category":0,"footnotes":""},"categories":[38,167],"tags":[],"class_list":["post-47998","post","type-post","status-publish","format-standard","has-post-thumbnail","hentry","category-alagoinhas-e-regiao","category-exclusivas"],"aioseo_notices":[],"_links":{"self":[{"href":"https:\/\/newsinfoco.com.br\/inicio\/wp-json\/wp\/v2\/posts\/47998","targetHints":{"allow":["GET"]}}],"collection":[{"href":"https:\/\/newsinfoco.com.br\/inicio\/wp-json\/wp\/v2\/posts"}],"about":[{"href":"https:\/\/newsinfoco.com.br\/inicio\/wp-json\/wp\/v2\/types\/post"}],"author":[{"embeddable":true,"href":"https:\/\/newsinfoco.com.br\/inicio\/wp-json\/wp\/v2\/users\/1"}],"replies":[{"embeddable":true,"href":"https:\/\/newsinfoco.com.br\/inicio\/wp-json\/wp\/v2\/comments?post=47998"}],"version-history":[{"count":1,"href":"https:\/\/newsinfoco.com.br\/inicio\/wp-json\/wp\/v2\/posts\/47998\/revisions"}],"predecessor-version":[{"id":48000,"href":"https:\/\/newsinfoco.com.br\/inicio\/wp-json\/wp\/v2\/posts\/47998\/revisions\/48000"}],"wp:featuredmedia":[{"embeddable":true,"href":"https:\/\/newsinfoco.com.br\/inicio\/wp-json\/wp\/v2\/media\/47999"}],"wp:attachment":[{"href":"https:\/\/newsinfoco.com.br\/inicio\/wp-json\/wp\/v2\/media?parent=47998"}],"wp:term":[{"taxonomy":"category","embeddable":true,"href":"https:\/\/newsinfoco.com.br\/inicio\/wp-json\/wp\/v2\/categories?post=47998"},{"taxonomy":"post_tag","embeddable":true,"href":"https:\/\/newsinfoco.com.br\/inicio\/wp-json\/wp\/v2\/tags?post=47998"}],"curies":[{"name":"wp","href":"https:\/\/api.w.org\/{rel}","templated":true}]}}