{"id":48001,"date":"2025-11-28T13:36:24","date_gmt":"2025-11-28T16:36:24","guid":{"rendered":"https:\/\/newsinfoco.com.br\/inicio\/?p=48001"},"modified":"2025-11-28T13:36:24","modified_gmt":"2025-11-28T16:36:24","slug":"prefeitura-de-alagoinhas-realiza-curso-de-letramento-racial-com-foco-nas-infancias-e-adolescencias-negras","status":"publish","type":"post","link":"https:\/\/newsinfoco.com.br\/inicio\/prefeitura-de-alagoinhas-realiza-curso-de-letramento-racial-com-foco-nas-infancias-e-adolescencias-negras\/","title":{"rendered":"Prefeitura de Alagoinhas realiza Curso de Letramento Racial com foco nas inf\u00e2ncias e adolesc\u00eancias negras"},"content":{"rendered":"<p>Buscando fortalecer o compromisso do munic\u00edpio com a equidade racial e avan\u00e7ar na constru\u00e7\u00e3o de uma rede de prote\u00e7\u00e3o antirracista, a Prefeitura de Alagoinhas realizou, nesta quinta-feira, 27, o Curso de Letramento Racial com foco nas Inf\u00e2ncias e Adolesc\u00eancias Negras. A forma\u00e7\u00e3o acontece no audit\u00f3rio do Col\u00e9gio Modelo Lu\u00eds Eduardo Magalh\u00e3es, nos dias 27, das 8h \u00e0s 18h, e 28 de novembro das 8h \u00e0s 12h.<\/p>\n<p>A iniciativa \u00e9 promovida pelo Conselho Municipal dos Direitos da Crian\u00e7a e do Adolescente (CMDCA), em parceria com a Ger\u00eancia de Pol\u00edticas Raciais, Povos Origin\u00e1rios, Comunidades Tradicionais e Popula\u00e7\u00e3o Negra, vinculada \u00e0 Secretaria Municipal de Desenvolvimento Social (Sedes).<\/p><div class=\"newsi-conteudo_19\" id=\"newsi-2722801282\"><a href=\"https:\/\/www.instagram.com\/prefeituraalagoinhas?igsh=YzgzdDJ1bWR3aWI4\" aria-label=\"SAVE_20251006_221555\"><img loading=\"lazy\" decoding=\"async\" src=\"https:\/\/newsinfoco.com.br\/inicio\/wp-content\/uploads\/2025\/10\/SAVE_20251006_221555-rotated.jpg\" alt=\"\"  srcset=\"https:\/\/newsinfoco.com.br\/inicio\/wp-content\/uploads\/2025\/10\/SAVE_20251006_221555-rotated.jpg 1140w, https:\/\/newsinfoco.com.br\/inicio\/wp-content\/uploads\/2025\/10\/SAVE_20251006_221555-300x52.jpg 300w, https:\/\/newsinfoco.com.br\/inicio\/wp-content\/uploads\/2025\/10\/SAVE_20251006_221555-1024x177.jpg 1024w, https:\/\/newsinfoco.com.br\/inicio\/wp-content\/uploads\/2025\/10\/SAVE_20251006_221555-768x133.jpg 768w, https:\/\/newsinfoco.com.br\/inicio\/wp-content\/uploads\/2025\/10\/SAVE_20251006_221555-600x104.jpg 600w, https:\/\/newsinfoco.com.br\/inicio\/wp-content\/uploads\/2025\/10\/SAVE_20251006_221555-696x120.jpg 696w, https:\/\/newsinfoco.com.br\/inicio\/wp-content\/uploads\/2025\/10\/SAVE_20251006_221555-1068x185.jpg 1068w\" sizes=\"(max-width: 1140px) 100vw, 1140px\" width=\"1140\" height=\"197\"   \/><\/a><\/div>\n<p>A forma\u00e7\u00e3o \u00e9 destinada a profissionais da rede de prote\u00e7\u00e3o \u00e0 crian\u00e7a e ao adolescente, bem como \u00e0 popula\u00e7\u00e3o em geral, contando com carga hor\u00e1ria de 12 horas e certifica\u00e7\u00e3o. O curso aborda temas essenciais para o enfrentamento ao racismo, entre eles \u201cRacismo Estrutural e o Apagamento das Narrativas Negras na Hist\u00f3ria\u201d, \u201cInf\u00e2ncias e Adolesc\u00eancias Negras: Hist\u00f3rias, Nega\u00e7\u00e3o e Resist\u00eancias\u201d e \u201cAntirracismo na Pr\u00e1tica\u201d.<\/p>\n<p>A forma\u00e7\u00e3o \u00e9 ministrada pela Dra. Aline Najara, CEO da Umoja Ensino e Consultoria, que conduziu um espa\u00e7o de di\u00e1logo e constru\u00e7\u00e3o coletiva voltado \u00e0 promo\u00e7\u00e3o de uma sociedade mais justa, inclusiva e antirracista.<\/p>\n<p>Aline ressalta a urg\u00eancia de compreender e enfrentar o impacto do racismo estrutural sobre crian\u00e7as e adolescentes negros. \u201cTrabalhar o letramento racial e compreender os impactos do racismo estrutural sobre as crian\u00e7as e adolescentes \u00e9 um passo fundamental n\u00e3o apenas para o poder p\u00fablico, mas para toda a sociedade. S\u00f3 assim seremos capazes de transformar essa realidade e promover mudan\u00e7as efetivas, sustentadas por pol\u00edticas p\u00fablicas comprometidas com a equidade\u201d, diz.<\/p>\n<p>O coordenador do Sistema de Prote\u00e7\u00e3o aos Direitos da Crian\u00e7a e do Adolescente (CPCA), Vanderlon de Ara\u00fajo, destaca que \u201ca proposta deste curso \u00e9 garantir que o que est\u00e1 previsto no Estatuto da Crian\u00e7a e do Adolescente seja efetivado, assegurando que as especificidades de cada crian\u00e7a sejam, de fato, atendidas \u2014 neste caso, as crian\u00e7as e adolescentes negros. Al\u00e9m de ampliar o entendimento sobre as din\u00e2micas do racismo, buscamos fomentar pr\u00e1ticas profissionais na rede de prote\u00e7\u00e3o que estejam alinhadas \u00e0 equidade racial.\u201d<\/p>\n<p>Para Bruno Santos, \u201cparticipar desse curso est\u00e1 sendo transformador. Muitas vezes, no dia a dia, n\u00e3o percebemos como o racismo atravessa nossas pr\u00e1ticas profissionais e at\u00e9 nossa forma de olhar para as inf\u00e2ncias\u201d.<\/p>\n<p>&nbsp;<\/p>\n<div class='share-to-whatsapp-wrapper'><div class='share-on-whsp'>Share on: <\/div><a data-text='Prefeitura de Alagoinhas realiza Curso de Letramento Racial com foco nas inf\u00e2ncias e adolesc\u00eancias negras' data-link='https:\/\/newsinfoco.com.br\/inicio\/prefeitura-de-alagoinhas-realiza-curso-de-letramento-racial-com-foco-nas-infancias-e-adolescencias-negras\/' class='whatsapp-button whatsapp-share'>WhatsApp<\/a><div class='clear '><\/div><\/div>","protected":false},"excerpt":{"rendered":"<p>Buscando fortalecer o compromisso do munic\u00edpio com a equidade racial e avan\u00e7ar na constru\u00e7\u00e3o de uma rede de prote\u00e7\u00e3o antirracista, a Prefeitura de Alagoinhas realizou, nesta quinta-feira, 27, o Curso de Letramento Racial com foco nas Inf\u00e2ncias e Adolesc\u00eancias Negras. A forma\u00e7\u00e3o acontece no audit\u00f3rio do Col\u00e9gio Modelo Lu\u00eds Eduardo Magalh\u00e3es, nos dias 27, das [&hellip;]<\/p>\n","protected":false},"author":1,"featured_media":48002,"comment_status":"closed","ping_status":"closed","sticky":false,"template":"","format":"standard","meta":{"om_disable_all_campaigns":false,"_exactmetrics_skip_tracking":false,"_exactmetrics_sitenote_active":false,"_exactmetrics_sitenote_note":"","_exactmetrics_sitenote_category":0,"footnotes":""},"categories":[38,167],"tags":[],"class_list":["post-48001","post","type-post","status-publish","format-standard","has-post-thumbnail","hentry","category-alagoinhas-e-regiao","category-exclusivas"],"aioseo_notices":[],"_links":{"self":[{"href":"https:\/\/newsinfoco.com.br\/inicio\/wp-json\/wp\/v2\/posts\/48001","targetHints":{"allow":["GET"]}}],"collection":[{"href":"https:\/\/newsinfoco.com.br\/inicio\/wp-json\/wp\/v2\/posts"}],"about":[{"href":"https:\/\/newsinfoco.com.br\/inicio\/wp-json\/wp\/v2\/types\/post"}],"author":[{"embeddable":true,"href":"https:\/\/newsinfoco.com.br\/inicio\/wp-json\/wp\/v2\/users\/1"}],"replies":[{"embeddable":true,"href":"https:\/\/newsinfoco.com.br\/inicio\/wp-json\/wp\/v2\/comments?post=48001"}],"version-history":[{"count":1,"href":"https:\/\/newsinfoco.com.br\/inicio\/wp-json\/wp\/v2\/posts\/48001\/revisions"}],"predecessor-version":[{"id":48003,"href":"https:\/\/newsinfoco.com.br\/inicio\/wp-json\/wp\/v2\/posts\/48001\/revisions\/48003"}],"wp:featuredmedia":[{"embeddable":true,"href":"https:\/\/newsinfoco.com.br\/inicio\/wp-json\/wp\/v2\/media\/48002"}],"wp:attachment":[{"href":"https:\/\/newsinfoco.com.br\/inicio\/wp-json\/wp\/v2\/media?parent=48001"}],"wp:term":[{"taxonomy":"category","embeddable":true,"href":"https:\/\/newsinfoco.com.br\/inicio\/wp-json\/wp\/v2\/categories?post=48001"},{"taxonomy":"post_tag","embeddable":true,"href":"https:\/\/newsinfoco.com.br\/inicio\/wp-json\/wp\/v2\/tags?post=48001"}],"curies":[{"name":"wp","href":"https:\/\/api.w.org\/{rel}","templated":true}]}}