{"id":48004,"date":"2025-11-28T13:48:04","date_gmt":"2025-11-28T16:48:04","guid":{"rendered":"https:\/\/newsinfoco.com.br\/inicio\/?p=48004"},"modified":"2025-11-28T13:48:04","modified_gmt":"2025-11-28T16:48:04","slug":"em-reuniao-legislativo-e-executivo-debatem-destinacao-de-emendas-para-fundacao-anjo-de-quatro-patas","status":"publish","type":"post","link":"https:\/\/newsinfoco.com.br\/inicio\/em-reuniao-legislativo-e-executivo-debatem-destinacao-de-emendas-para-fundacao-anjo-de-quatro-patas\/","title":{"rendered":"Em reuni\u00e3o, Legislativo e Executivo debatem destina\u00e7\u00e3o de emendas para Funda\u00e7\u00e3o Anjo de Quatro Patas"},"content":{"rendered":"<p>Na manh\u00e3 desta quinta-feira (27), foi realizada, na C\u00e2mara Municipal, uma reuni\u00e3o entre representantes da Funda\u00e7\u00e3o Anjo de Quatro Patas, Bruno Carneiro, secret\u00e1rio municipal de Planejamento e Capta\u00e7\u00e3o de Recursos, e o colegiado de vereadores e vereadoras. No encontro a organiza\u00e7\u00e3o sem fins lucrativos refor\u00e7ou a necessidade de emendas parlamentares para manuten\u00e7\u00e3o do servi\u00e7o voltado aos animais do munic\u00edpio.<\/p>\n<p>A Funda\u00e7\u00e3o foi representada por sua vice-presidente, Ivonildes Mendes, e pelo conselheiro fiscal, Ivanilton Mendes, que apresentaram a situa\u00e7\u00e3o do im\u00f3vel atualmente utilizado como sede da entidade. Localizado em \u00e1rea residencial e sujeito a ordem de despejo, o espa\u00e7o n\u00e3o oferece condi\u00e7\u00f5es adequadas para o acolhimento de animais, especialmente dos mais de cinquenta gatos acometidos por esporotricose que hoje est\u00e3o sob responsabilidade da institui\u00e7\u00e3o.<\/p><div class=\"newsi-conteudo_19\" id=\"newsi-3887519055\"><a href=\"https:\/\/www.instagram.com\/prefeituraalagoinhas?igsh=YzgzdDJ1bWR3aWI4\" aria-label=\"SAVE_20251006_221555\"><img loading=\"lazy\" decoding=\"async\" src=\"https:\/\/newsinfoco.com.br\/inicio\/wp-content\/uploads\/2025\/10\/SAVE_20251006_221555-rotated.jpg\" alt=\"\"  srcset=\"https:\/\/newsinfoco.com.br\/inicio\/wp-content\/uploads\/2025\/10\/SAVE_20251006_221555-rotated.jpg 1140w, https:\/\/newsinfoco.com.br\/inicio\/wp-content\/uploads\/2025\/10\/SAVE_20251006_221555-300x52.jpg 300w, https:\/\/newsinfoco.com.br\/inicio\/wp-content\/uploads\/2025\/10\/SAVE_20251006_221555-1024x177.jpg 1024w, https:\/\/newsinfoco.com.br\/inicio\/wp-content\/uploads\/2025\/10\/SAVE_20251006_221555-768x133.jpg 768w, https:\/\/newsinfoco.com.br\/inicio\/wp-content\/uploads\/2025\/10\/SAVE_20251006_221555-600x104.jpg 600w, https:\/\/newsinfoco.com.br\/inicio\/wp-content\/uploads\/2025\/10\/SAVE_20251006_221555-696x120.jpg 696w, https:\/\/newsinfoco.com.br\/inicio\/wp-content\/uploads\/2025\/10\/SAVE_20251006_221555-1068x185.jpg 1068w\" sizes=\"(max-width: 1140px) 100vw, 1140px\" width=\"1140\" height=\"197\"   \/><\/a><\/div>\n<p>Ivonildes explicou que a Funda\u00e7\u00e3o j\u00e1 possui um terreno pr\u00f3prio e um projeto arquitet\u00f4nico pronto. \u201cN\u00f3s precisamos sair dali, pois a qualquer momento podemos ser despejados. Temos o terreno e o projeto, e queremos iniciar a constru\u00e7\u00e3o com o apoio das emendas\u201d, afirmou.<\/p>\n<div class=\"wp-block-image\">\n<p>O conselheiro fiscal Ivanilton Mendes detalhou a planta apresentada, explicando a necessidade de espa\u00e7os como consult\u00f3rios, recep\u00e7\u00e3o, \u00e1reas de isolamento e setores de atendimento cl\u00ednico.<\/p>\n<div class=\"wp-block-image\">\n<div class=\"elementor-column elementor-col-50 elementor-top-column elementor-element elementor-element-166fa74c\" data-id=\"166fa74c\" data-element_type=\"column\">\n<div class=\"elementor-widget-wrap elementor-element-populated\">\n<div class=\"elementor-element elementor-element-8956c80 elementor-widget elementor-widget-theme-post-content\" data-id=\"8956c80\" data-element_type=\"widget\" data-widget_type=\"theme-post-content.default\">\n<div class=\"elementor-widget-container\">\n<p>Na oportunidade, o vereador Jos\u00e9 Ed\u00e9sio destacou que a pauta envolve diretamente a sa\u00fade p\u00fablica do munic\u00edpio. \u201c\u00c9 uma a\u00e7\u00e3o conjunta que precisamos garantir para proteger animais e pessoas\u201d, afirmou. Ele refor\u00e7ou que o Legislativo est\u00e1 comprometido em apoiar a continuidade do trabalho da entidade. \u201cN\u00e3o vamos medir esfor\u00e7os para assegurar que a Funda\u00e7\u00e3o siga cumprindo seu papel\u201d, completou.<\/p>\n<p><strong>Legalidade<\/strong><\/p>\n<p>O secret\u00e1rio Bruno Carneiro, o presidente Cleto da Banana, a vereadora Juci Cardoso e o vereador Luciano Almeida refor\u00e7aram que emendas parlamentares n\u00e3o podem ser destinadas a obras de constru\u00e7\u00e3o em im\u00f3veis privados, mesmo quando pertencentes a institui\u00e7\u00f5es sem fins lucrativos.<\/p>\n<p>O vereador Luciano Almeida ressaltou que essa restri\u00e7\u00e3o afeta outras institui\u00e7\u00f5es filantr\u00f3picas do munic\u00edpio. \u201cA lei impede esse tipo de constru\u00e7\u00e3o em im\u00f3vel privado, e isso vale para entidades como a Pestalozzi e a Pastoral do Menor\u201d, afirmou. Ele lembrou que a Funda\u00e7\u00e3o j\u00e1 foi beneficiada por emendas anteriores, incluindo o repasse de R$ 55 mil, destinado na \u00e9poca para a compra de ra\u00e7\u00e3o, medicamentos, material de limpeza e, posteriormente, equipamentos.<\/p>\n<p>A vereadora Juci Cardoso refor\u00e7ou o compromisso do Legislativo em atuar dentro da legalidade. \u201cQueremos apoiar, mas sempre respeitando o que a lei permite\u201d, destacou, reconhecendo a relev\u00e2ncia do servi\u00e7o prestado pela Funda\u00e7\u00e3o.<\/p>\n<p>Na sequ\u00eancia, Bruno Carneiro complementou explicando que, embora obras n\u00e3o possam ser financiadas, h\u00e1 possibilidade de apoiar a entidade com equipamentos, insumos, materiais e itens necess\u00e1rios ao atendimento cl\u00ednico.<\/p>\n<p>O presidente Cleto da Banana informou que, a partir da pr\u00f3xima semana, ter\u00e1 in\u00edcio a discuss\u00e3o sobre a distribui\u00e7\u00e3o das emendas coletivas e individuais do or\u00e7amento municipal. \u201cAssim que tivermos a defini\u00e7\u00e3o das rubricas, a Funda\u00e7\u00e3o ser\u00e1 informada\u201d, afirmou.<\/p>\n<p>A vice-presidente Ivonildes Mendes agradeceu a abertura para o di\u00e1logo e refor\u00e7ou a import\u00e2ncia do apoio. \u201cA Funda\u00e7\u00e3o faz muito al\u00e9m do que est\u00e1 contratada a fazer. As emendas para custeio aliviam nossas dificuldades e garantem o cuidado aos animais que dependem da gente\u201d, destacou.<\/p>\n<p>Ao final, ficou alinhado que a C\u00e2mara e a Secretaria de Planejamento dar\u00e3o continuidade ao processo de organiza\u00e7\u00e3o das emendas municipais, visando assegurar, dentro dos par\u00e2metros legais, o atendimento a institui\u00e7\u00f5es essenciais ao munic\u00edpio de Alagoinhas.<\/p>\n<p><strong>Ascom \u2013 C\u00e2mara Municipal de Alagoinhas<\/strong><\/p>\n<p><strong>Fotos \u2013 Jh\u00f4 Paz<\/strong><\/p>\n<\/div>\n<\/div>\n<\/div>\n<\/div>\n<\/div>\n<\/div>\n<div class='share-to-whatsapp-wrapper'><div class='share-on-whsp'>Share on: <\/div><a data-text='Em reuni\u00e3o, Legislativo e Executivo debatem destina\u00e7\u00e3o de emendas para Funda\u00e7\u00e3o Anjo de Quatro Patas' data-link='https:\/\/newsinfoco.com.br\/inicio\/em-reuniao-legislativo-e-executivo-debatem-destinacao-de-emendas-para-fundacao-anjo-de-quatro-patas\/' class='whatsapp-button whatsapp-share'>WhatsApp<\/a><div class='clear '><\/div><\/div>","protected":false},"excerpt":{"rendered":"<p>Na manh\u00e3 desta quinta-feira (27), foi realizada, na C\u00e2mara Municipal, uma reuni\u00e3o entre representantes da Funda\u00e7\u00e3o Anjo de Quatro Patas, Bruno Carneiro, secret\u00e1rio municipal de Planejamento e Capta\u00e7\u00e3o de Recursos, e o colegiado de vereadores e vereadoras. No encontro a organiza\u00e7\u00e3o sem fins lucrativos refor\u00e7ou a necessidade de emendas parlamentares para manuten\u00e7\u00e3o do servi\u00e7o voltado [&hellip;]<\/p>\n","protected":false},"author":1,"featured_media":48005,"comment_status":"closed","ping_status":"closed","sticky":false,"template":"","format":"standard","meta":{"om_disable_all_campaigns":false,"_exactmetrics_skip_tracking":false,"_exactmetrics_sitenote_active":false,"_exactmetrics_sitenote_note":"","_exactmetrics_sitenote_category":0,"footnotes":""},"categories":[38,167],"tags":[],"class_list":["post-48004","post","type-post","status-publish","format-standard","has-post-thumbnail","hentry","category-alagoinhas-e-regiao","category-exclusivas"],"aioseo_notices":[],"_links":{"self":[{"href":"https:\/\/newsinfoco.com.br\/inicio\/wp-json\/wp\/v2\/posts\/48004","targetHints":{"allow":["GET"]}}],"collection":[{"href":"https:\/\/newsinfoco.com.br\/inicio\/wp-json\/wp\/v2\/posts"}],"about":[{"href":"https:\/\/newsinfoco.com.br\/inicio\/wp-json\/wp\/v2\/types\/post"}],"author":[{"embeddable":true,"href":"https:\/\/newsinfoco.com.br\/inicio\/wp-json\/wp\/v2\/users\/1"}],"replies":[{"embeddable":true,"href":"https:\/\/newsinfoco.com.br\/inicio\/wp-json\/wp\/v2\/comments?post=48004"}],"version-history":[{"count":1,"href":"https:\/\/newsinfoco.com.br\/inicio\/wp-json\/wp\/v2\/posts\/48004\/revisions"}],"predecessor-version":[{"id":48006,"href":"https:\/\/newsinfoco.com.br\/inicio\/wp-json\/wp\/v2\/posts\/48004\/revisions\/48006"}],"wp:featuredmedia":[{"embeddable":true,"href":"https:\/\/newsinfoco.com.br\/inicio\/wp-json\/wp\/v2\/media\/48005"}],"wp:attachment":[{"href":"https:\/\/newsinfoco.com.br\/inicio\/wp-json\/wp\/v2\/media?parent=48004"}],"wp:term":[{"taxonomy":"category","embeddable":true,"href":"https:\/\/newsinfoco.com.br\/inicio\/wp-json\/wp\/v2\/categories?post=48004"},{"taxonomy":"post_tag","embeddable":true,"href":"https:\/\/newsinfoco.com.br\/inicio\/wp-json\/wp\/v2\/tags?post=48004"}],"curies":[{"name":"wp","href":"https:\/\/api.w.org\/{rel}","templated":true}]}}