{"id":48007,"date":"2025-11-28T14:02:48","date_gmt":"2025-11-28T17:02:48","guid":{"rendered":"https:\/\/newsinfoco.com.br\/inicio\/?p=48007"},"modified":"2025-11-28T14:02:48","modified_gmt":"2025-11-28T17:02:48","slug":"vereador-claudio-abiude-promove-aulao-de-mobilidade-na-camara-municipal","status":"publish","type":"post","link":"https:\/\/newsinfoco.com.br\/inicio\/vereador-claudio-abiude-promove-aulao-de-mobilidade-na-camara-municipal\/","title":{"rendered":"Vereador Cl\u00e1udio Abi\u00fade promove Aul\u00e3o de Mobilidade na C\u00e2mara Municipal"},"content":{"rendered":"<p>Na manh\u00e3 de quarta-feira (26), foi realizado, na C\u00e2mara Municipal, um Aul\u00e3o de Mobilidade, iniciativa do vereador Cl\u00e1udio Abi\u00fade, dentro das a\u00e7\u00f5es do Novembro Azul. O momento foi conduzido pela fisioterapeuta Adriana Reis de Jesus, propriet\u00e1ria da Cl\u00ednica Ideal Fisio, reunindo participantes em uma atividade dedicada \u00e0 mobilidade, ao autocuidado e \u00e0 preven\u00e7\u00e3o de dores.<\/p>\n<p>Aluno da profissional, o vereador Cl\u00e1udio Abi\u00fade destacou que sua pr\u00f3pria experi\u00eancia com o m\u00e9todo motivou a realiza\u00e7\u00e3o da atividade. \u201cAntes de come\u00e7ar o acompanhamento, eu sentia dores constantes na coluna e na lombar e j\u00e1 n\u00e3o conseguia realizar movimentos simples do dia a dia. Com as pr\u00e1ticas orientadas, j\u00e1 perdi quase 10 quilos, recuperei minha mobilidade e voltei a correr. Essa transforma\u00e7\u00e3o me motivou a trazer essa iniciativa para a C\u00e2mara\u201d, relatou.<\/p><div class=\"newsi-conteudo_19\" id=\"newsi-4226589798\"><a href=\"https:\/\/www.instagram.com\/prefeituraalagoinhas?igsh=YzgzdDJ1bWR3aWI4\" aria-label=\"SAVE_20251006_221555\"><img loading=\"lazy\" decoding=\"async\" src=\"https:\/\/newsinfoco.com.br\/inicio\/wp-content\/uploads\/2025\/10\/SAVE_20251006_221555-rotated.jpg\" alt=\"\"  srcset=\"https:\/\/newsinfoco.com.br\/inicio\/wp-content\/uploads\/2025\/10\/SAVE_20251006_221555-rotated.jpg 1140w, https:\/\/newsinfoco.com.br\/inicio\/wp-content\/uploads\/2025\/10\/SAVE_20251006_221555-300x52.jpg 300w, https:\/\/newsinfoco.com.br\/inicio\/wp-content\/uploads\/2025\/10\/SAVE_20251006_221555-1024x177.jpg 1024w, https:\/\/newsinfoco.com.br\/inicio\/wp-content\/uploads\/2025\/10\/SAVE_20251006_221555-768x133.jpg 768w, https:\/\/newsinfoco.com.br\/inicio\/wp-content\/uploads\/2025\/10\/SAVE_20251006_221555-600x104.jpg 600w, https:\/\/newsinfoco.com.br\/inicio\/wp-content\/uploads\/2025\/10\/SAVE_20251006_221555-696x120.jpg 696w, https:\/\/newsinfoco.com.br\/inicio\/wp-content\/uploads\/2025\/10\/SAVE_20251006_221555-1068x185.jpg 1068w\" sizes=\"(max-width: 1140px) 100vw, 1140px\" width=\"1140\" height=\"197\"   \/><\/a><\/div>\n<div class=\"wp-block-image\">\n<div class=\"wp-block-image\">\n<div class=\"wp-block-image\">\n<p>Durante a condu\u00e7\u00e3o do aul\u00e3o, a fisioterapeuta explicou que os exerc\u00edcios foram planejados para serem simples, acess\u00edveis e seguros, considerando os diferentes n\u00edveis de mobilidade e habilidade de cada participante. Ela refor\u00e7ou que grande parte das queixas de dores na coluna atendidas em consult\u00f3rio est\u00e1 relacionada \u00e0 falta de movimento e de consci\u00eancia postural.<\/p>\n<p>Presente na atividade, a vereadora Juci Cardoso tamb\u00e9m elogiou a iniciativa e destacou a import\u00e2ncia da mobilidade ao longo da vida, lembrando que muitas pessoas acabam se abandonando \u00a0e com o passar dos anos enfrentam dificuldades para realizar movimentos simples. \u201cMobilidade \u00e9 vida. Eu tenho visto pessoas que, ao passar dos 40 anos, j\u00e1 n\u00e3o conseguem fazer praticamente nada. As les\u00f5es aparecem, as quedas aumentam e a gente come\u00e7a a ver o corpo adoecer. Por isso, iniciativas como essa precisam continuar, principalmente para voc\u00eas que s\u00e3o jovens e que podem se cuidar desde agora\u201d, destacou.<\/p>\n<div class=\"wp-block-image\">\n<p>Ao final, Adriana Soares agradeceu pela realiza\u00e7\u00e3o da atividade e ressaltou o significado da mobiliza\u00e7\u00e3o. \u201cParabenizo o vereador Abi\u00fade pelo incentivo e pela prioridade dada \u00e0 sa\u00fade. Foi um momento de cuidado e preven\u00e7\u00e3o, que refor\u00e7a o sentido do Novembro Azul. Agrade\u00e7o a todos que participaram e coloriram essa a\u00e7\u00e3o\u201d, afirmou.<\/p>\n<div class=\"wp-block-image\">\n<div class=\"elementor-column elementor-col-50 elementor-top-column elementor-element elementor-element-166fa74c\" data-id=\"166fa74c\" data-element_type=\"column\">\n<div class=\"elementor-widget-wrap elementor-element-populated\">\n<div class=\"elementor-element elementor-element-8956c80 elementor-widget elementor-widget-theme-post-content\" data-id=\"8956c80\" data-element_type=\"widget\" data-widget_type=\"theme-post-content.default\">\n<div class=\"elementor-widget-container\">\n<p>O vereador Cl\u00e1udio Abi\u00fade encerrou refor\u00e7ando a import\u00e2ncia do autocuidado masculino. \u201cEsse aul\u00e3o foi para lembrar o quanto cada um precisa cuidar de si. Homem tem que se cuidar, sim. Novembro Azul \u00e9 o alerta, mas o cuidado deve durar o ano inteiro\u201d, concluiu.<\/p>\n<p><strong>Ascom \u2013 C\u00e2mara Municipal de Alagoinhas<\/strong><\/p>\n<p><strong>Fotos \u2013 Jh\u00f4 Paz<\/strong><\/p>\n<\/div>\n<\/div>\n<\/div>\n<\/div>\n<div class=\"elementor-column elementor-col-50 elementor-top-column elementor-element elementor-element-263f143b\" data-id=\"263f143b\" data-element_type=\"column\">\n<div class=\"elementor-widget-wrap elementor-element-populated\">\n<div class=\"elementor-element elementor-element-19118fd7 elementor-widget elementor-widget-heading\" data-id=\"19118fd7\" data-element_type=\"widget\" data-widget_type=\"heading.default\">\n<div class=\"elementor-widget-container\"><\/div>\n<\/div>\n<\/div>\n<\/div>\n<\/div>\n<\/div>\n<\/div>\n<\/div>\n<\/div>\n<div class='share-to-whatsapp-wrapper'><div class='share-on-whsp'>Share on: <\/div><a data-text='Vereador Cl\u00e1udio Abi\u00fade promove Aul\u00e3o de Mobilidade na C\u00e2mara Municipal' data-link='https:\/\/newsinfoco.com.br\/inicio\/vereador-claudio-abiude-promove-aulao-de-mobilidade-na-camara-municipal\/' class='whatsapp-button whatsapp-share'>WhatsApp<\/a><div class='clear '><\/div><\/div>","protected":false},"excerpt":{"rendered":"<p>Na manh\u00e3 de quarta-feira (26), foi realizado, na C\u00e2mara Municipal, um Aul\u00e3o de Mobilidade, iniciativa do vereador Cl\u00e1udio Abi\u00fade, dentro das a\u00e7\u00f5es do Novembro Azul. O momento foi conduzido pela fisioterapeuta Adriana Reis de Jesus, propriet\u00e1ria da Cl\u00ednica Ideal Fisio, reunindo participantes em uma atividade dedicada \u00e0 mobilidade, ao autocuidado e \u00e0 preven\u00e7\u00e3o de dores. [&hellip;]<\/p>\n","protected":false},"author":1,"featured_media":48008,"comment_status":"closed","ping_status":"closed","sticky":false,"template":"","format":"standard","meta":{"om_disable_all_campaigns":false,"_exactmetrics_skip_tracking":false,"_exactmetrics_sitenote_active":false,"_exactmetrics_sitenote_note":"","_exactmetrics_sitenote_category":0,"footnotes":""},"categories":[19],"tags":[],"class_list":["post-48007","post","type-post","status-publish","format-standard","has-post-thumbnail","hentry","category-bahia"],"aioseo_notices":[],"_links":{"self":[{"href":"https:\/\/newsinfoco.com.br\/inicio\/wp-json\/wp\/v2\/posts\/48007","targetHints":{"allow":["GET"]}}],"collection":[{"href":"https:\/\/newsinfoco.com.br\/inicio\/wp-json\/wp\/v2\/posts"}],"about":[{"href":"https:\/\/newsinfoco.com.br\/inicio\/wp-json\/wp\/v2\/types\/post"}],"author":[{"embeddable":true,"href":"https:\/\/newsinfoco.com.br\/inicio\/wp-json\/wp\/v2\/users\/1"}],"replies":[{"embeddable":true,"href":"https:\/\/newsinfoco.com.br\/inicio\/wp-json\/wp\/v2\/comments?post=48007"}],"version-history":[{"count":1,"href":"https:\/\/newsinfoco.com.br\/inicio\/wp-json\/wp\/v2\/posts\/48007\/revisions"}],"predecessor-version":[{"id":48009,"href":"https:\/\/newsinfoco.com.br\/inicio\/wp-json\/wp\/v2\/posts\/48007\/revisions\/48009"}],"wp:featuredmedia":[{"embeddable":true,"href":"https:\/\/newsinfoco.com.br\/inicio\/wp-json\/wp\/v2\/media\/48008"}],"wp:attachment":[{"href":"https:\/\/newsinfoco.com.br\/inicio\/wp-json\/wp\/v2\/media?parent=48007"}],"wp:term":[{"taxonomy":"category","embeddable":true,"href":"https:\/\/newsinfoco.com.br\/inicio\/wp-json\/wp\/v2\/categories?post=48007"},{"taxonomy":"post_tag","embeddable":true,"href":"https:\/\/newsinfoco.com.br\/inicio\/wp-json\/wp\/v2\/tags?post=48007"}],"curies":[{"name":"wp","href":"https:\/\/api.w.org\/{rel}","templated":true}]}}