{"id":48010,"date":"2025-11-28T14:12:23","date_gmt":"2025-11-28T17:12:23","guid":{"rendered":"https:\/\/newsinfoco.com.br\/inicio\/?p=48010"},"modified":"2025-11-28T14:12:23","modified_gmt":"2025-11-28T17:12:23","slug":"cesol-completa-um-ano-no-litoral-norte-e-coordenador-apresenta-resultados-de-impacto-economico-na-tribuna-popular","status":"publish","type":"post","link":"https:\/\/newsinfoco.com.br\/inicio\/cesol-completa-um-ano-no-litoral-norte-e-coordenador-apresenta-resultados-de-impacto-economico-na-tribuna-popular\/","title":{"rendered":"CESOL completa um ano no Litoral Norte e coordenador apresenta resultados de impacto econ\u00f4mico na Tribuna Popular"},"content":{"rendered":"<p>O coordenador-geral do Centro P\u00fablico de Economia Solid\u00e1ria do Litoral Norte e Agreste Baiano (CESOL LNAB), Cledson de Souza Silva, apresentou na Tribuna Popular da C\u00e2mara Municipal, na sess\u00e3o ordin\u00e1ria de ontem (27), um balan\u00e7o positivo das atividades da institui\u00e7\u00e3o. Ele destacou que o equipamento j\u00e1 impacta diretamente mais de 3.151 pessoas, sendo 350 apenas em Alagoinhas.<\/p>\n<p>Segundo os dados apresentados, o CESOL atende atualmente mais de 60 empreendimentos, com 65 deles j\u00e1 inseridos em espa\u00e7os de comercializa\u00e7\u00e3o. O resultado financeiro reflete o sucesso da iniciativa: trimestralmente, os grupos produtivos movimentam mais de R$ 35 mil em vendas.<\/p><div class=\"newsi-conteudo_19\" id=\"newsi-2392805719\"><a href=\"https:\/\/www.instagram.com\/prefeituraalagoinhas?igsh=YzgzdDJ1bWR3aWI4\" aria-label=\"SAVE_20251006_221555\"><img loading=\"lazy\" decoding=\"async\" src=\"https:\/\/newsinfoco.com.br\/inicio\/wp-content\/uploads\/2025\/10\/SAVE_20251006_221555-rotated.jpg\" alt=\"\"  srcset=\"https:\/\/newsinfoco.com.br\/inicio\/wp-content\/uploads\/2025\/10\/SAVE_20251006_221555-rotated.jpg 1140w, https:\/\/newsinfoco.com.br\/inicio\/wp-content\/uploads\/2025\/10\/SAVE_20251006_221555-300x52.jpg 300w, https:\/\/newsinfoco.com.br\/inicio\/wp-content\/uploads\/2025\/10\/SAVE_20251006_221555-1024x177.jpg 1024w, https:\/\/newsinfoco.com.br\/inicio\/wp-content\/uploads\/2025\/10\/SAVE_20251006_221555-768x133.jpg 768w, https:\/\/newsinfoco.com.br\/inicio\/wp-content\/uploads\/2025\/10\/SAVE_20251006_221555-600x104.jpg 600w, https:\/\/newsinfoco.com.br\/inicio\/wp-content\/uploads\/2025\/10\/SAVE_20251006_221555-696x120.jpg 696w, https:\/\/newsinfoco.com.br\/inicio\/wp-content\/uploads\/2025\/10\/SAVE_20251006_221555-1068x185.jpg 1068w\" sizes=\"(max-width: 1140px) 100vw, 1140px\" width=\"1140\" height=\"197\"   \/><\/a><\/div>\n<p>\u201c\u00c9 uma revolu\u00e7\u00e3o silenciosa de empreendimentos solid\u00e1rios, feita por pessoas que querem produzir e vender de forma justa\u201d, afirmou Cledson. Ele ressaltou que o p\u00fablico majorit\u00e1rio \u00e9 formado por associa\u00e7\u00f5es, cooperativas e grupos informais, liderados principalmente por mulheres e com forte presen\u00e7a de 13 comunidades quilombolas. O segmento de alimentos lidera a produ\u00e7\u00e3o, o que refor\u00e7a a import\u00e2ncia da articula\u00e7\u00e3o com o Servi\u00e7o de Inspe\u00e7\u00e3o Municipal (SIM) para garantir certifica\u00e7\u00e3o e qualidade.<\/p>\n<p><strong>Legisla\u00e7\u00e3o<\/strong><\/p>\n<p>O vereador Thor de Ninha, autor da Lei da Economia Solid\u00e1ria aprovada no munic\u00edpio e que aguarda san\u00e7\u00e3o do prefeito Gustavo Carmo, celebrou os n\u00fameros apresentados. Para o parlamentar, a legisla\u00e7\u00e3o local coloca Alagoinhas na vanguarda e serve de modelo para outras cidades da regi\u00e3o.<\/p>\n<p>Thor enfatizou que a lei traz inova\u00e7\u00f5es como a previs\u00e3o de bancos comunit\u00e1rios e moeda social. \u201cA gente precisa mudar esse sistema econ\u00f4mico de concentra\u00e7\u00e3o de renda. N\u00e3o h\u00e1 desenvolvimento se n\u00e3o for atrav\u00e9s das pessoas. Alagoinhas s\u00f3 ser\u00e1 a cidade do futuro se houver solidariedade e uma sociedade fraterna, combatendo chagas como o racismo e o machismo\u201d, defendeu o vereador.<\/p>\n<div class=\"wp-block-image\">\n<div class=\"wp-block-image\">\n<div class=\"wp-block-image\">\n<div class=\"wp-block-image\">\n<div class=\"wp-block-image\">\n<div class=\"wp-block-image\">\n<div class=\"wp-block-image\">\n<p><strong>Apoio<\/strong><\/p>\n<p>A vereadora Luma Menezes tamb\u00e9m endossou o trabalho do CESOL, relatando sua visita ao equipamento e convocando os demais parlamentares a conhecerem de perto o projeto. Luma destacou o papel de Alagoinhas como cidade-sede e polo de desenvolvimento regional.<\/p>\n<p>\u201cIndependentemente de posicionamentos pol\u00edticos, acredito em projetos que transformam vidas. O que vemos ali \u00e9 uma nova modalidade de fazer a economia girar, potencializando pequenos empreendedores a partir de suas comunidades\u201d, pontuou Luma.<\/p>\n<div class=\"wp-block-image\">\n<div class=\"elementor-column elementor-col-50 elementor-top-column elementor-element elementor-element-166fa74c\" data-id=\"166fa74c\" data-element_type=\"column\">\n<div class=\"elementor-widget-wrap elementor-element-populated\">\n<div class=\"elementor-element elementor-element-8956c80 elementor-widget elementor-widget-theme-post-content\" data-id=\"8956c80\" data-element_type=\"widget\" data-widget_type=\"theme-post-content.default\">\n<div class=\"elementor-widget-container\">\n<p><strong>Metas<\/strong><\/p>\n<p>O coordenador Cledson Silva anunciou que a meta para os pr\u00f3ximos tr\u00eas trimestres \u00e9 ambiciosa: alcan\u00e7ar 128 empreendimentos em 20 munic\u00edpios do territ\u00f3rio. Ele tamb\u00e9m convidou a sociedade para um evento celebrativo no dia 23 de janeiro, que marcar\u00e1 a consolida\u00e7\u00e3o da pol\u00edtica p\u00fablica e a inaugura\u00e7\u00e3o oficial das novas etapas do Centro P\u00fablico.<\/p>\n<p><strong>Para assistir a sess\u00e3o na \u00edntegra, clique no link:\u00a0<\/strong><a href=\"https:\/\/www.youtube.com\/watch?v=NyDG-Gzq-U0\" target=\"_blank\" rel=\"noreferrer noopener\"><strong>TV C\u00e2mara Alagoinhas<\/strong><\/a><\/p>\n<p><strong>Ascom \u2013 C\u00e2mara Municipal de Alagoinhas<\/strong><\/p>\n<p><strong>Fotos \u2013 Jh\u00f4 Paz<\/strong><\/p>\n<\/div>\n<\/div>\n<\/div>\n<\/div>\n<div class=\"elementor-column elementor-col-50 elementor-top-column elementor-element elementor-element-263f143b\" data-id=\"263f143b\" data-element_type=\"column\">\n<div class=\"elementor-widget-wrap elementor-element-populated\">\n<div class=\"elementor-element elementor-element-19118fd7 elementor-widget elementor-widget-heading\" data-id=\"19118fd7\" data-element_type=\"widget\" data-widget_type=\"heading.default\">\n<div class=\"elementor-widget-container\"><\/div>\n<\/div>\n<\/div>\n<\/div>\n<\/div>\n<\/div>\n<\/div>\n<\/div>\n<\/div>\n<\/div>\n<\/div>\n<\/div>\n<div class='share-to-whatsapp-wrapper'><div class='share-on-whsp'>Share on: <\/div><a data-text='CESOL completa um ano no Litoral Norte e coordenador apresenta resultados de impacto econ\u00f4mico na Tribuna Popular' data-link='https:\/\/newsinfoco.com.br\/inicio\/cesol-completa-um-ano-no-litoral-norte-e-coordenador-apresenta-resultados-de-impacto-economico-na-tribuna-popular\/' class='whatsapp-button whatsapp-share'>WhatsApp<\/a><div class='clear '><\/div><\/div>","protected":false},"excerpt":{"rendered":"<p>O coordenador-geral do Centro P\u00fablico de Economia Solid\u00e1ria do Litoral Norte e Agreste Baiano (CESOL LNAB), Cledson de Souza Silva, apresentou na Tribuna Popular da C\u00e2mara Municipal, na sess\u00e3o ordin\u00e1ria de ontem (27), um balan\u00e7o positivo das atividades da institui\u00e7\u00e3o. Ele destacou que o equipamento j\u00e1 impacta diretamente mais de 3.151 pessoas, sendo 350 apenas [&hellip;]<\/p>\n","protected":false},"author":1,"featured_media":48011,"comment_status":"closed","ping_status":"closed","sticky":false,"template":"","format":"standard","meta":{"om_disable_all_campaigns":false,"_exactmetrics_skip_tracking":false,"_exactmetrics_sitenote_active":false,"_exactmetrics_sitenote_note":"","_exactmetrics_sitenote_category":0,"footnotes":""},"categories":[19],"tags":[],"class_list":["post-48010","post","type-post","status-publish","format-standard","has-post-thumbnail","hentry","category-bahia"],"aioseo_notices":[],"_links":{"self":[{"href":"https:\/\/newsinfoco.com.br\/inicio\/wp-json\/wp\/v2\/posts\/48010","targetHints":{"allow":["GET"]}}],"collection":[{"href":"https:\/\/newsinfoco.com.br\/inicio\/wp-json\/wp\/v2\/posts"}],"about":[{"href":"https:\/\/newsinfoco.com.br\/inicio\/wp-json\/wp\/v2\/types\/post"}],"author":[{"embeddable":true,"href":"https:\/\/newsinfoco.com.br\/inicio\/wp-json\/wp\/v2\/users\/1"}],"replies":[{"embeddable":true,"href":"https:\/\/newsinfoco.com.br\/inicio\/wp-json\/wp\/v2\/comments?post=48010"}],"version-history":[{"count":1,"href":"https:\/\/newsinfoco.com.br\/inicio\/wp-json\/wp\/v2\/posts\/48010\/revisions"}],"predecessor-version":[{"id":48012,"href":"https:\/\/newsinfoco.com.br\/inicio\/wp-json\/wp\/v2\/posts\/48010\/revisions\/48012"}],"wp:featuredmedia":[{"embeddable":true,"href":"https:\/\/newsinfoco.com.br\/inicio\/wp-json\/wp\/v2\/media\/48011"}],"wp:attachment":[{"href":"https:\/\/newsinfoco.com.br\/inicio\/wp-json\/wp\/v2\/media?parent=48010"}],"wp:term":[{"taxonomy":"category","embeddable":true,"href":"https:\/\/newsinfoco.com.br\/inicio\/wp-json\/wp\/v2\/categories?post=48010"},{"taxonomy":"post_tag","embeddable":true,"href":"https:\/\/newsinfoco.com.br\/inicio\/wp-json\/wp\/v2\/tags?post=48010"}],"curies":[{"name":"wp","href":"https:\/\/api.w.org\/{rel}","templated":true}]}}