{"id":48045,"date":"2025-12-01T11:53:33","date_gmt":"2025-12-01T14:53:33","guid":{"rendered":"https:\/\/newsinfoco.com.br\/inicio\/?p=48045"},"modified":"2025-12-01T11:53:33","modified_gmt":"2025-12-01T14:53:33","slug":"michelle-bolsonaro-revela-planos-para-eleicoes-de-2026-saiba-quais","status":"publish","type":"post","link":"https:\/\/newsinfoco.com.br\/inicio\/michelle-bolsonaro-revela-planos-para-eleicoes-de-2026-saiba-quais\/","title":{"rendered":"Michelle Bolsonaro revela planos para elei\u00e7\u00f5es de 2026; saiba quais"},"content":{"rendered":"<p>A ex-primeira dama Michelle Bolsonaro (PL) afirmou a aliados que pode sair como candidata nas elei\u00e7\u00f5es de 2026. Segundo informa\u00e7\u00f5es do Metr\u00f3poles, a esposa do ex-presidente Jair Bolsonaro (PL) pode se lan\u00e7ar candidata a vice de Tarc\u00edsio de Freitas (Republicanos), caso o governador de S\u00e3o Paulo decida concorrer a presidente.<\/p>\n<p>Michelle j\u00e1 havia afirmado querer ser candidata ao Senado Federal, mas a mudan\u00e7a de posicionamento ocorre ap\u00f3s pris\u00e3o de seu marido, condenado a 27 anos e tr\u00eas meses em regime fechado por tramar um golpe de Estado. Ap\u00f3s o in\u00edcio da pena, determinada pelo ministro Alexandre de Moraes na \u00faltima ter\u00e7a-feira (25), os aliados pol\u00edticos come\u00e7aram a se movimentar para procurar um substituto para o cacique do PL.<\/p><div class=\"newsi-conteudo_19\" id=\"newsi-2696227224\"><a href=\"https:\/\/www.instagram.com\/prefeituraalagoinhas?igsh=YzgzdDJ1bWR3aWI4\" aria-label=\"SAVE_20251006_221555\"><img loading=\"lazy\" decoding=\"async\" src=\"https:\/\/newsinfoco.com.br\/inicio\/wp-content\/uploads\/2025\/10\/SAVE_20251006_221555-rotated.jpg\" alt=\"\"  srcset=\"https:\/\/newsinfoco.com.br\/inicio\/wp-content\/uploads\/2025\/10\/SAVE_20251006_221555-rotated.jpg 1140w, https:\/\/newsinfoco.com.br\/inicio\/wp-content\/uploads\/2025\/10\/SAVE_20251006_221555-300x52.jpg 300w, https:\/\/newsinfoco.com.br\/inicio\/wp-content\/uploads\/2025\/10\/SAVE_20251006_221555-1024x177.jpg 1024w, https:\/\/newsinfoco.com.br\/inicio\/wp-content\/uploads\/2025\/10\/SAVE_20251006_221555-768x133.jpg 768w, https:\/\/newsinfoco.com.br\/inicio\/wp-content\/uploads\/2025\/10\/SAVE_20251006_221555-600x104.jpg 600w, https:\/\/newsinfoco.com.br\/inicio\/wp-content\/uploads\/2025\/10\/SAVE_20251006_221555-696x120.jpg 696w, https:\/\/newsinfoco.com.br\/inicio\/wp-content\/uploads\/2025\/10\/SAVE_20251006_221555-1068x185.jpg 1068w\" sizes=\"(max-width: 1140px) 100vw, 1140px\" width=\"1140\" height=\"197\"   \/><\/a><\/div>\n<p>Tarc\u00edsio \u00e9 apontado como o favorito de Jair Bolsonaro para substitu\u00ed-lo nas elei\u00e7\u00f5es presidenciais do ano que vem. Entretanto, o governador de S\u00e3o Paulo afirmou que seu interesse principal \u00e9 disputar as elei\u00e7\u00f5es estaduais, concorrendo \u00e0 reelei\u00e7\u00e3o, mas deixando em aberto a possibilidade de concorrer como presidente.<\/p>\n<p>A interlocutores mais pr\u00f3ximos, o governador j\u00e1 havia apontado que a decis\u00e3o final, sobre se vai tentar se reeleger ou se tentar\u00e1 a presid\u00eancia em 2026, ser\u00e1 tomada apenas no ano que vem, antes da janela eleitoral.<\/p>\n<p><strong>Cl\u00e3 Bolsonaro teme perder influ\u00eancia\u00a0<\/strong><\/p>\n<p>Ainda segundo a coluna de Igor Gadelha, alguns membros da fam\u00edlia Bolsonaro temem que a candidatura de Tarc\u00edsio enfraque\u00e7a a influ\u00eancia pol\u00edtica do ex-presidente e de seus filhos, consolidando o governador de S\u00e3o Paulo como principal nome da direita do Brasil.<\/p>\n<div>\n<div>\n<div class=\"trv-player-container\">\n<div class=\"trv-wrapper\">\n<div id=\"br_video_player_2be4091eed9f9f62ce72ea147751da9dc3c659f9\" class=\"trvd_video_player trvdinstream\">\n<div class=\"media-player\">\n<div class=\"trv-video\">\n<div id=\"truvid_ima_container87512\" class=\"truvid_ima_container\">\n<div>\n<div>\n<div class=\"conteudo_post\">\n<p>Entre os principais pilares dessa hip\u00f3tese est\u00e1 Eduardo Bolsonaro (PL-SP), que frequentemente ataca o republicano e se coloca como pr\u00e9-candidato a presidente.\u00a0Apesar de ser cr\u00edtico de Freitas, o deputado federal j\u00e1 afirmou que vai apoiar o governador com o \u00fanico objetivo de derrubar o PT e o presidente Lula.<\/p>\n<p>Assim, a presen\u00e7a de Michelle na chapa com Tarc\u00edsio seria uma forma de blindar a perda de influ\u00eancia da fam\u00edlia Bolsonaro, al\u00e9m de ser uma artimanha pol\u00edtica para mobilizar o eleitorado mais conservador e feminino, duas das principais pautas dela.<\/p>\n<\/div>\n<div id=\"author-info\" class=\"ui items\">\n<div class=\"item\">Bahia.Ba<\/div>\n<\/div>\n<\/div>\n<\/div>\n<\/div>\n<\/div>\n<\/div>\n<\/div>\n<\/div>\n<\/div>\n<\/div>\n<\/div>\n<div class='share-to-whatsapp-wrapper'><div class='share-on-whsp'>Share on: <\/div><a data-text='Michelle Bolsonaro revela planos para elei\u00e7\u00f5es de 2026; saiba quais' data-link='https:\/\/newsinfoco.com.br\/inicio\/michelle-bolsonaro-revela-planos-para-eleicoes-de-2026-saiba-quais\/' class='whatsapp-button whatsapp-share'>WhatsApp<\/a><div class='clear '><\/div><\/div>","protected":false},"excerpt":{"rendered":"<p>A ex-primeira dama Michelle Bolsonaro (PL) afirmou a aliados que pode sair como candidata nas elei\u00e7\u00f5es de 2026. Segundo informa\u00e7\u00f5es do Metr\u00f3poles, a esposa do ex-presidente Jair Bolsonaro (PL) pode se lan\u00e7ar candidata a vice de Tarc\u00edsio de Freitas (Republicanos), caso o governador de S\u00e3o Paulo decida concorrer a presidente. Michelle j\u00e1 havia afirmado querer [&hellip;]<\/p>\n","protected":false},"author":1,"featured_media":48046,"comment_status":"closed","ping_status":"closed","sticky":false,"template":"","format":"standard","meta":{"om_disable_all_campaigns":false,"_exactmetrics_skip_tracking":false,"_exactmetrics_sitenote_active":false,"_exactmetrics_sitenote_note":"","_exactmetrics_sitenote_category":0,"footnotes":""},"categories":[21],"tags":[],"class_list":["post-48045","post","type-post","status-publish","format-standard","has-post-thumbnail","hentry","category-brasil"],"aioseo_notices":[],"_links":{"self":[{"href":"https:\/\/newsinfoco.com.br\/inicio\/wp-json\/wp\/v2\/posts\/48045","targetHints":{"allow":["GET"]}}],"collection":[{"href":"https:\/\/newsinfoco.com.br\/inicio\/wp-json\/wp\/v2\/posts"}],"about":[{"href":"https:\/\/newsinfoco.com.br\/inicio\/wp-json\/wp\/v2\/types\/post"}],"author":[{"embeddable":true,"href":"https:\/\/newsinfoco.com.br\/inicio\/wp-json\/wp\/v2\/users\/1"}],"replies":[{"embeddable":true,"href":"https:\/\/newsinfoco.com.br\/inicio\/wp-json\/wp\/v2\/comments?post=48045"}],"version-history":[{"count":1,"href":"https:\/\/newsinfoco.com.br\/inicio\/wp-json\/wp\/v2\/posts\/48045\/revisions"}],"predecessor-version":[{"id":48047,"href":"https:\/\/newsinfoco.com.br\/inicio\/wp-json\/wp\/v2\/posts\/48045\/revisions\/48047"}],"wp:featuredmedia":[{"embeddable":true,"href":"https:\/\/newsinfoco.com.br\/inicio\/wp-json\/wp\/v2\/media\/48046"}],"wp:attachment":[{"href":"https:\/\/newsinfoco.com.br\/inicio\/wp-json\/wp\/v2\/media?parent=48045"}],"wp:term":[{"taxonomy":"category","embeddable":true,"href":"https:\/\/newsinfoco.com.br\/inicio\/wp-json\/wp\/v2\/categories?post=48045"},{"taxonomy":"post_tag","embeddable":true,"href":"https:\/\/newsinfoco.com.br\/inicio\/wp-json\/wp\/v2\/tags?post=48045"}],"curies":[{"name":"wp","href":"https:\/\/api.w.org\/{rel}","templated":true}]}}