{"id":48049,"date":"2025-12-01T12:05:03","date_gmt":"2025-12-01T15:05:03","guid":{"rendered":"https:\/\/newsinfoco.com.br\/inicio\/?p=48049"},"modified":"2025-12-01T12:05:03","modified_gmt":"2025-12-01T15:05:03","slug":"relatorio-da-pec-da-seguranca-deve-ser-apresentado-nesta-semana","status":"publish","type":"post","link":"https:\/\/newsinfoco.com.br\/inicio\/relatorio-da-pec-da-seguranca-deve-ser-apresentado-nesta-semana\/","title":{"rendered":"Relat\u00f3rio da PEC da Seguran\u00e7a deve ser apresentado nesta semana"},"content":{"rendered":"<p>Aposta do governo federal para enfrentar o problema da seguran\u00e7a p\u00fablica, a Proposta de Emenda \u00e0 Constitui\u00e7\u00e3o (PEC) 18 de 2025 deve ter seu relat\u00f3rio apresentado esta semana a l\u00edderes partid\u00e1rios. As informa\u00e7\u00f5es s\u00e3o do portal Ag\u00eancia Brasil.<\/p>\n<p>Em postagem nas redes sociais, o presidente da C\u00e2mara dos Deputados, Hugo Motta (Republicanos-PB), informou que o relator da PEC, deputado Mendon\u00e7a Filho (Uni\u00e3o-PE), vai apresentar seu parecer nesta ter\u00e7a-feira (2).<\/p><div class=\"newsi-conteudo_19\" id=\"newsi-518031068\"><a href=\"https:\/\/www.instagram.com\/prefeituraalagoinhas?igsh=YzgzdDJ1bWR3aWI4\" aria-label=\"SAVE_20251006_221555\"><img loading=\"lazy\" decoding=\"async\" src=\"https:\/\/newsinfoco.com.br\/inicio\/wp-content\/uploads\/2025\/10\/SAVE_20251006_221555-rotated.jpg\" alt=\"\"  srcset=\"https:\/\/newsinfoco.com.br\/inicio\/wp-content\/uploads\/2025\/10\/SAVE_20251006_221555-rotated.jpg 1140w, https:\/\/newsinfoco.com.br\/inicio\/wp-content\/uploads\/2025\/10\/SAVE_20251006_221555-300x52.jpg 300w, https:\/\/newsinfoco.com.br\/inicio\/wp-content\/uploads\/2025\/10\/SAVE_20251006_221555-1024x177.jpg 1024w, https:\/\/newsinfoco.com.br\/inicio\/wp-content\/uploads\/2025\/10\/SAVE_20251006_221555-768x133.jpg 768w, https:\/\/newsinfoco.com.br\/inicio\/wp-content\/uploads\/2025\/10\/SAVE_20251006_221555-600x104.jpg 600w, https:\/\/newsinfoco.com.br\/inicio\/wp-content\/uploads\/2025\/10\/SAVE_20251006_221555-696x120.jpg 696w, https:\/\/newsinfoco.com.br\/inicio\/wp-content\/uploads\/2025\/10\/SAVE_20251006_221555-1068x185.jpg 1068w\" sizes=\"(max-width: 1140px) 100vw, 1140px\" width=\"1140\" height=\"197\"   \/><\/a><\/div>\n<p>Nesse mesmo dia, deve ser realizada uma reuni\u00e3o de l\u00edderes para debater a pauta da semana. Segundo Motta, a previs\u00e3o \u00e9 que o texto do relator seja votado na comiss\u00e3o especial na quinta-feira (4). Motta quer votar a chamada PEC da Seguran\u00e7a P\u00fablica em plen\u00e1rio ainda este ano.<\/p>\n<p><strong>Entenda<\/strong><\/p>\n<p>A PEC 18 de 2025 vem sofrendo resist\u00eancias no Parlamento e por parte de governadores, em especial, contra o dispositivo que atribui \u00e0 Uni\u00e3o a elabora\u00e7\u00e3o do plano nacional de seguran\u00e7a p\u00fablica que dever\u00e1 ser observado pelos estados e o Distrito Federal.<\/p>\n<p>Ao mesmo tempo, a PEC \u00e9 considerada t\u00edmida por especialistas, que defendem reformas mais profundas na \u00e1rea de seguran\u00e7a p\u00fablica do Brasil, apesar de reconhecerem que a proposta do Executivo \u00e9 o primeiro passo para mudar o quadro atual.<\/p>\n<p>A proposta estabelece que a Uni\u00e3o seja a respons\u00e1vel por elaborar a pol\u00edtica nacional de seguran\u00e7a p\u00fablica, \u201ccujas diretrizes ser\u00e3o de observ\u00e2ncia obrigat\u00f3ria por parte dos entes federados, ouvido o Conselho Nacional de Seguran\u00e7a P\u00fablica e Defesa Social, integrado por representantes da Uni\u00e3o, dos Estados, do Distrito Federal e dos munic\u00edpios\u201d.<\/p>\n<p><strong>Outras pautas<\/strong><\/p>\n<p>O presidente do Senado e do Congresso Nacional, Davi Alcolumbre (Uni\u00e3o-AP), aguarda para esta semana a mensagem, do Poder Executivo, da indica\u00e7\u00e3o do advogado-geral da Uni\u00e3o, Jorge Messias, ao Supremo Tribunal Federal (STF). A indica\u00e7\u00e3o foi anunciada no \u00faltimo dia 20 e publicada no Di\u00e1rio Oficial da Uni\u00e3o no dia seguinte.<\/p>\n<p>A sabatina de Messias na Comiss\u00e3o de Constitui\u00e7\u00e3o e Justi\u00e7a (CCJ) est\u00e1 marcada para o pr\u00f3ximo dia 10. O presidente da CCJ, senador Otto Alencar (PSD-BA), anunciou que a leitura da mensagem da indica\u00e7\u00e3o de Messias ocorrer\u00e1 na pr\u00f3xima quarta-feira (3), quando ser\u00e1 concedida vista coletiva. O senador Weverton (PDT-MA) ser\u00e1 o relator da indica\u00e7\u00e3o. A vota\u00e7\u00e3o em plen\u00e1rio pode ocorrer tamb\u00e9m no dia 10.<\/p>\n<div>\n<div class=\"trv-player-container\">\n<div class=\"trv-wrapper\">\n<div id=\"br_video_player_42d41361678bc24e747eea147751da9dc3c659f9\" class=\"trvd_video_player trvdinstream\">\n<div class=\"media-player\">\n<div class=\"trv-video\">\n<div id=\"truvid_ima_container11482\" class=\"truvid_ima_container\">\n<div>\n<div class=\"trv-player-container\">\n<div class=\"trv-wrapper\">\n<div id=\"br_video_player_42d41361678bc24e747eea147751da9dc3c659f9\" class=\"trvd_video_player trvdinstream\">\n<div class=\"media-player\">\n<div class=\"trv-video\">\n<div id=\"truvid_ima_container11482\" class=\"truvid_ima_container\">\n<div class=\"conteudo_post\">\n<p>O Senado tamb\u00e9m pode votar nesta semana o Projeto de Lei (PL) 5582 de 2025, conhecido como PL Antifac\u00e7\u00e3o. O texto prev\u00ea penas mais duras para integrantes de fac\u00e7\u00f5es criminosas e apreens\u00e3o de bens de investigados.<\/p>\n<p>Por 370 a 110 votos, a C\u00e2mara dos Deputados aprovou, no \u00faltimo dia 18, o texto-base do PL. Os deputados acataram o texto apresentado pelo relator, deputado Guilherme Derrite (PP-SP), que alterou trechos da proposta original encaminhada pelo governo federal. O relator apresentou cinco vers\u00f5es.<\/p>\n<\/div>\n<div id=\"div-share\">Bahia.Ba<\/div>\n<\/div>\n<\/div>\n<\/div>\n<\/div>\n<\/div>\n<\/div>\n<\/div>\n<\/div>\n<\/div>\n<\/div>\n<\/div>\n<\/div>\n<\/div>\n<\/div>\n<div class='share-to-whatsapp-wrapper'><div class='share-on-whsp'>Share on: <\/div><a data-text='Relat\u00f3rio da PEC da Seguran\u00e7a deve ser apresentado nesta semana' data-link='https:\/\/newsinfoco.com.br\/inicio\/relatorio-da-pec-da-seguranca-deve-ser-apresentado-nesta-semana\/' class='whatsapp-button whatsapp-share'>WhatsApp<\/a><div class='clear '><\/div><\/div>","protected":false},"excerpt":{"rendered":"<p>Aposta do governo federal para enfrentar o problema da seguran\u00e7a p\u00fablica, a Proposta de Emenda \u00e0 Constitui\u00e7\u00e3o (PEC) 18 de 2025 deve ter seu relat\u00f3rio apresentado esta semana a l\u00edderes partid\u00e1rios. As informa\u00e7\u00f5es s\u00e3o do portal Ag\u00eancia Brasil. Em postagem nas redes sociais, o presidente da C\u00e2mara dos Deputados, Hugo Motta (Republicanos-PB), informou que o [&hellip;]<\/p>\n","protected":false},"author":1,"featured_media":48050,"comment_status":"closed","ping_status":"closed","sticky":false,"template":"","format":"standard","meta":{"om_disable_all_campaigns":false,"_exactmetrics_skip_tracking":false,"_exactmetrics_sitenote_active":false,"_exactmetrics_sitenote_note":"","_exactmetrics_sitenote_category":0,"footnotes":""},"categories":[21],"tags":[],"class_list":["post-48049","post","type-post","status-publish","format-standard","has-post-thumbnail","hentry","category-brasil"],"aioseo_notices":[],"_links":{"self":[{"href":"https:\/\/newsinfoco.com.br\/inicio\/wp-json\/wp\/v2\/posts\/48049","targetHints":{"allow":["GET"]}}],"collection":[{"href":"https:\/\/newsinfoco.com.br\/inicio\/wp-json\/wp\/v2\/posts"}],"about":[{"href":"https:\/\/newsinfoco.com.br\/inicio\/wp-json\/wp\/v2\/types\/post"}],"author":[{"embeddable":true,"href":"https:\/\/newsinfoco.com.br\/inicio\/wp-json\/wp\/v2\/users\/1"}],"replies":[{"embeddable":true,"href":"https:\/\/newsinfoco.com.br\/inicio\/wp-json\/wp\/v2\/comments?post=48049"}],"version-history":[{"count":1,"href":"https:\/\/newsinfoco.com.br\/inicio\/wp-json\/wp\/v2\/posts\/48049\/revisions"}],"predecessor-version":[{"id":48051,"href":"https:\/\/newsinfoco.com.br\/inicio\/wp-json\/wp\/v2\/posts\/48049\/revisions\/48051"}],"wp:featuredmedia":[{"embeddable":true,"href":"https:\/\/newsinfoco.com.br\/inicio\/wp-json\/wp\/v2\/media\/48050"}],"wp:attachment":[{"href":"https:\/\/newsinfoco.com.br\/inicio\/wp-json\/wp\/v2\/media?parent=48049"}],"wp:term":[{"taxonomy":"category","embeddable":true,"href":"https:\/\/newsinfoco.com.br\/inicio\/wp-json\/wp\/v2\/categories?post=48049"},{"taxonomy":"post_tag","embeddable":true,"href":"https:\/\/newsinfoco.com.br\/inicio\/wp-json\/wp\/v2\/tags?post=48049"}],"curies":[{"name":"wp","href":"https:\/\/api.w.org\/{rel}","templated":true}]}}