{"id":48052,"date":"2025-12-01T12:18:18","date_gmt":"2025-12-01T15:18:18","guid":{"rendered":"https:\/\/newsinfoco.com.br\/inicio\/?p=48052"},"modified":"2025-12-01T12:18:18","modified_gmt":"2025-12-01T15:18:18","slug":"djavan-anuncia-show-em-salvador-com-nova-turne-saiba-data-e-valores","status":"publish","type":"post","link":"https:\/\/newsinfoco.com.br\/inicio\/djavan-anuncia-show-em-salvador-com-nova-turne-saiba-data-e-valores\/","title":{"rendered":"Djavan anuncia show em Salvador com nova turn\u00ea; saiba data e valores"},"content":{"rendered":"<p data-start=\"178\" data-end=\"496\">O cantor e compositor Djavan anunciou a turn\u00ea nacional\u00a0<strong><em data-start=\"233\" data-end=\"269\">\u201cDjavanear \u2013 50 Anos. S\u00f3 Sucessos\u201d<\/em><\/strong>, que marca suas cinco d\u00e9cadas de trajet\u00f3ria art\u00edstica. A s\u00e9rie de shows come\u00e7a no dia 9 de maio de 2026, no Allianz Parque, em S\u00e3o Paulo, e passar\u00e1 por grandes arenas e est\u00e1dios de todas as regi\u00f5es do pa\u00eds, incluindo Salvador.<\/p>\n<p data-start=\"178\" data-end=\"496\">A pr\u00e9-venda de ingressos para o show de Djavan na Arena Fonte Nova, em Salvador, marcado para 23 de maio, come\u00e7a nesta segunda-feira (1\u00ba) pelo site ticketmaster.com.br.<\/p><div class=\"newsi-conteudo_19\" id=\"newsi-3179404349\"><a href=\"https:\/\/www.instagram.com\/prefeituraalagoinhas?igsh=YzgzdDJ1bWR3aWI4\" aria-label=\"SAVE_20251006_221555\"><img loading=\"lazy\" decoding=\"async\" src=\"https:\/\/newsinfoco.com.br\/inicio\/wp-content\/uploads\/2025\/10\/SAVE_20251006_221555-rotated.jpg\" alt=\"\"  srcset=\"https:\/\/newsinfoco.com.br\/inicio\/wp-content\/uploads\/2025\/10\/SAVE_20251006_221555-rotated.jpg 1140w, https:\/\/newsinfoco.com.br\/inicio\/wp-content\/uploads\/2025\/10\/SAVE_20251006_221555-300x52.jpg 300w, https:\/\/newsinfoco.com.br\/inicio\/wp-content\/uploads\/2025\/10\/SAVE_20251006_221555-1024x177.jpg 1024w, https:\/\/newsinfoco.com.br\/inicio\/wp-content\/uploads\/2025\/10\/SAVE_20251006_221555-768x133.jpg 768w, https:\/\/newsinfoco.com.br\/inicio\/wp-content\/uploads\/2025\/10\/SAVE_20251006_221555-600x104.jpg 600w, https:\/\/newsinfoco.com.br\/inicio\/wp-content\/uploads\/2025\/10\/SAVE_20251006_221555-696x120.jpg 696w, https:\/\/newsinfoco.com.br\/inicio\/wp-content\/uploads\/2025\/10\/SAVE_20251006_221555-1068x185.jpg 1068w\" sizes=\"(max-width: 1140px) 100vw, 1140px\" width=\"1140\" height=\"197\"   \/><\/a><\/div>\n<p data-start=\"178\" data-end=\"496\">Clientes com cart\u00f5es BB ter\u00e3o vantagens exclusivas: a pr\u00e9-venda ocorre entre os dias 1\u00ba e 2 de dezembro, a partir das 10h online e das 11h nas bilheterias oficiais, com 20% de desconto nos ingressos de valor \u201cinteira\u201d (v\u00e1lido apenas nesse per\u00edodo).<\/p>\n<p data-start=\"178\" data-end=\"496\">Para o p\u00fablico geral, as vendas come\u00e7am em 3 de dezembro, a partir das 11h no site e ao meio-dia nas bilheterias. Os ingressos variam de R$ 105 a R$ 1.065 (confira tabela completa abaixo).<\/p>\n<p data-start=\"498\" data-end=\"809\">O repert\u00f3rio da turn\u00ea re\u00fane cerca de 25 m\u00fasicas que atravessam diferentes momentos de sua discografia, desde a estreia com\u00a0<em data-start=\"621\" data-end=\"658\">A Voz, o Viol\u00e3o, a M\u00fasica de Djavan<\/em>\u00a0(1976). O projeto marca o retorno do artista aos palcos em formato grandioso, com uma sele\u00e7\u00e3o de cl\u00e1ssicos que se tornaram parte da m\u00fasica brasileira.<\/p>\n<p data-start=\"811\" data-end=\"905\">Em Salvador, o show est\u00e1 marcado para 23 de maio de 2026, na Casa de Apostas Arena Fonte Nova.<\/p>\n<p data-start=\"907\" data-end=\"1284\" data-is-last-node=\"\" data-is-only-node=\"\"><em><strong data-start=\"907\" data-end=\"961\">Agenda da turn\u00ea \u201cDjavanear \u2013 50 Anos. S\u00f3 Sucessos\u201d<\/strong><\/em><\/p>\n<div>\n<div>\n<div class=\"trv-player-container\">\n<div class=\"trv-wrapper\">\n<div id=\"br_video_player_207588345b3f6ddfc866ea147751da9dc3c659f9\" class=\"trvd_video_player trvdinstream\">\n<div class=\"media-player\">\n<div class=\"trv-video\">\n<div id=\"truvid_ima_container45937\" class=\"truvid_ima_container\">\n<div>\n<div>\n<div>\n<div>\n<div class=\"trv-player-container\">\n<div class=\"trv-wrapper\">\n<div id=\"br_video_player_207588345b3f6ddfc866ea147751da9dc3c659f9\" class=\"trvd_video_player trvdinstream\">\n<div class=\"media-player\">\n<div class=\"trv-video\">\n<div id=\"truvid_ima_container45937\" class=\"truvid_ima_container\">\n<div>\n<div>\n<div>\n<div>\n<div class=\"trv-player-container\">\n<div class=\"trv-wrapper\">\n<div id=\"br_video_player_207588345b3f6ddfc866ea147751da9dc3c659f9\" class=\"trvd_video_player trvdinstream\">\n<div class=\"media-player\">\n<div class=\"trv-video\">\n<div id=\"truvid_ima_container45937\" class=\"truvid_ima_container\">\n<div>\n<div>\n<div>\n<div>\n<div class=\"trv-player-container\">\n<div class=\"trv-wrapper\">\n<div id=\"br_video_player_207588345b3f6ddfc866ea147751da9dc3c659f9\" class=\"trvd_video_player trvdinstream\">\n<div class=\"media-player\">\n<div class=\"trv-video\">\n<div id=\"truvid_ima_container45937\" class=\"truvid_ima_container\">\n<div>\n<div>\n<div>\n<div>\n<div class=\"trv-player-container\">\n<div class=\"trv-wrapper\">\n<div id=\"br_video_player_207588345b3f6ddfc866ea147751da9dc3c659f9\" class=\"trvd_video_player trvdinstream\">\n<div class=\"media-player\">\n<div class=\"trv-video\">\n<div id=\"truvid_ima_container45937\" class=\"truvid_ima_container\">\n<div>\n<div>\n<p data-start=\"907\" data-end=\"1284\" data-is-last-node=\"\" data-is-only-node=\"\">09\/05\/2026 \u2013 S\u00e3o Paulo (Allianz Parque)<\/p>\n<div>\n<div>\n<div class=\"trv-player-container\">\n<div class=\"trv-wrapper\">\n<div id=\"br_video_player_207588345b3f6ddfc866ea147751da9dc3c659f9\" class=\"trvd_video_player trvdinstream\">\n<div class=\"media-player\">\n<div class=\"trv-video\">\n<div id=\"truvid_ima_container45937\" class=\"truvid_ima_container\">\n<div>\n<div>\n<p data-start=\"907\" data-end=\"1284\" data-is-last-node=\"\" data-is-only-node=\"\">23\/05\/2026 \u2013 Salvador<br data-start=\"1027\" data-end=\"1030\" \/>30\/05\/2026 \u2013 Fortaleza<br data-start=\"1052\" data-end=\"1055\" \/>13\/06\/2026 \u2013 Curitiba<br data-start=\"1076\" data-end=\"1079\" \/>27\/06\/2026 \u2013 Bras\u00edlia<br data-start=\"1100\" data-end=\"1103\" \/>18\/07\/2026 \u2013 Belo Horizonte<br data-start=\"1130\" data-end=\"1133\" \/>01\/08\/2026 \u2013 Rio de Janeiro<br data-start=\"1160\" data-end=\"1163\" \/>02\/08\/2026 \u2013 Rio de Janeiro<br data-start=\"1190\" data-end=\"1193\" \/>29\/08\/2026 \u2013 Florian\u00f3polis<br data-start=\"1219\" data-end=\"1222\" \/>24\/10\/2026 \u2013 Bel\u00e9m<br data-start=\"1240\" data-end=\"1243\" \/>31\/10\/2026 \u2013 Recife<br data-start=\"1262\" data-end=\"1265\" \/>05\/12\/2026 \u2013 Macei\u00f3<\/p>\n<p data-start=\"907\" data-end=\"1284\" data-is-last-node=\"\" data-is-only-node=\"\">Bahia.Ba<\/p>\n<\/div>\n<\/div>\n<\/div>\n<\/div>\n<\/div>\n<\/div>\n<\/div>\n<\/div>\n<\/div>\n<\/div>\n<\/div>\n<\/div>\n<\/div>\n<\/div>\n<\/div>\n<\/div>\n<\/div>\n<\/div>\n<\/div>\n<\/div>\n<\/div>\n<\/div>\n<\/div>\n<\/div>\n<\/div>\n<\/div>\n<\/div>\n<\/div>\n<\/div>\n<\/div>\n<\/div>\n<\/div>\n<\/div>\n<\/div>\n<\/div>\n<\/div>\n<\/div>\n<\/div>\n<\/div>\n<\/div>\n<\/div>\n<\/div>\n<\/div>\n<\/div>\n<\/div>\n<\/div>\n<\/div>\n<\/div>\n<\/div>\n<\/div>\n<\/div>\n<\/div>\n<\/div>\n<\/div>\n<\/div>\n<\/div>\n<\/div>\n<\/div>\n<\/div>\n<\/div>\n<div class='share-to-whatsapp-wrapper'><div class='share-on-whsp'>Share on: <\/div><a data-text='Djavan anuncia show em Salvador com nova turn\u00ea; saiba data e valores' data-link='https:\/\/newsinfoco.com.br\/inicio\/djavan-anuncia-show-em-salvador-com-nova-turne-saiba-data-e-valores\/' class='whatsapp-button whatsapp-share'>WhatsApp<\/a><div class='clear '><\/div><\/div>","protected":false},"excerpt":{"rendered":"<p>O cantor e compositor Djavan anunciou a turn\u00ea nacional\u00a0\u201cDjavanear \u2013 50 Anos. S\u00f3 Sucessos\u201d, que marca suas cinco d\u00e9cadas de trajet\u00f3ria art\u00edstica. A s\u00e9rie de shows come\u00e7a no dia 9 de maio de 2026, no Allianz Parque, em S\u00e3o Paulo, e passar\u00e1 por grandes arenas e est\u00e1dios de todas as regi\u00f5es do pa\u00eds, incluindo Salvador. [&hellip;]<\/p>\n","protected":false},"author":1,"featured_media":48053,"comment_status":"closed","ping_status":"closed","sticky":false,"template":"","format":"standard","meta":{"om_disable_all_campaigns":false,"_exactmetrics_skip_tracking":false,"_exactmetrics_sitenote_active":false,"_exactmetrics_sitenote_note":"","_exactmetrics_sitenote_category":0,"footnotes":""},"categories":[19],"tags":[],"class_list":["post-48052","post","type-post","status-publish","format-standard","has-post-thumbnail","hentry","category-bahia"],"aioseo_notices":[],"_links":{"self":[{"href":"https:\/\/newsinfoco.com.br\/inicio\/wp-json\/wp\/v2\/posts\/48052","targetHints":{"allow":["GET"]}}],"collection":[{"href":"https:\/\/newsinfoco.com.br\/inicio\/wp-json\/wp\/v2\/posts"}],"about":[{"href":"https:\/\/newsinfoco.com.br\/inicio\/wp-json\/wp\/v2\/types\/post"}],"author":[{"embeddable":true,"href":"https:\/\/newsinfoco.com.br\/inicio\/wp-json\/wp\/v2\/users\/1"}],"replies":[{"embeddable":true,"href":"https:\/\/newsinfoco.com.br\/inicio\/wp-json\/wp\/v2\/comments?post=48052"}],"version-history":[{"count":1,"href":"https:\/\/newsinfoco.com.br\/inicio\/wp-json\/wp\/v2\/posts\/48052\/revisions"}],"predecessor-version":[{"id":48054,"href":"https:\/\/newsinfoco.com.br\/inicio\/wp-json\/wp\/v2\/posts\/48052\/revisions\/48054"}],"wp:featuredmedia":[{"embeddable":true,"href":"https:\/\/newsinfoco.com.br\/inicio\/wp-json\/wp\/v2\/media\/48053"}],"wp:attachment":[{"href":"https:\/\/newsinfoco.com.br\/inicio\/wp-json\/wp\/v2\/media?parent=48052"}],"wp:term":[{"taxonomy":"category","embeddable":true,"href":"https:\/\/newsinfoco.com.br\/inicio\/wp-json\/wp\/v2\/categories?post=48052"},{"taxonomy":"post_tag","embeddable":true,"href":"https:\/\/newsinfoco.com.br\/inicio\/wp-json\/wp\/v2\/tags?post=48052"}],"curies":[{"name":"wp","href":"https:\/\/api.w.org\/{rel}","templated":true}]}}