{"id":48055,"date":"2025-12-01T12:27:52","date_gmt":"2025-12-01T15:27:52","guid":{"rendered":"https:\/\/newsinfoco.com.br\/inicio\/?p=48055"},"modified":"2025-12-01T12:27:52","modified_gmt":"2025-12-01T15:27:52","slug":"crescimento-exponencial-da-agropecuaria-baiana-e-destaque-na-abertura-da-fenagro-2025","status":"publish","type":"post","link":"https:\/\/newsinfoco.com.br\/inicio\/crescimento-exponencial-da-agropecuaria-baiana-e-destaque-na-abertura-da-fenagro-2025\/","title":{"rendered":"Crescimento exponencial da agropecu\u00e1ria baiana \u00e9 destaque na abertura da Fenagro 2025"},"content":{"rendered":"<p>Durante a abertura oficial da Fenagro 2025, que contou com a presen\u00e7a do governador Jer\u00f4nimo Rodrigues neste domingo (30), no Parque de Exposi\u00e7\u00f5es de Salvador, o secret\u00e1rio da Agricultura, Pecu\u00e1ria, Irriga\u00e7\u00e3o, Pesca e Aquicultura (Seagri), Pablo Barrozo fez uma avalia\u00e7\u00e3o sobre os avan\u00e7os da agropecu\u00e1ria baiana nos \u00faltimos anos. Segundo ele, o setor vem apresentando um crescimento exponencial na produ\u00e7\u00e3o, com alcance de recordes hist\u00f3ricos e reunindo condi\u00e7\u00f5es reais de alcan\u00e7ar, cada vez mais, novos patamares de competitividade nacional.<\/p>\n<p>Durante o evento, o governador refor\u00e7ou o protagonismo da Bahia e afirmou que o estado vive um ciclo consistente de expans\u00e3o produtiva, impulsionado por tecnologia, inova\u00e7\u00e3o e inclus\u00e3o social. \u201cA Fenagro simboliza a parceria estrat\u00e9gica entre governo e setor produtivo, ao reunir desde grandes cadeias do agroneg\u00f3cio at\u00e9 a agricultura familiar\u201d, salientou.<\/p><div class=\"newsi-conteudo_19\" id=\"newsi-1285746434\"><a href=\"https:\/\/www.instagram.com\/prefeituraalagoinhas?igsh=YzgzdDJ1bWR3aWI4\" aria-label=\"SAVE_20251006_221555\"><img loading=\"lazy\" decoding=\"async\" src=\"https:\/\/newsinfoco.com.br\/inicio\/wp-content\/uploads\/2025\/10\/SAVE_20251006_221555-rotated.jpg\" alt=\"\"  srcset=\"https:\/\/newsinfoco.com.br\/inicio\/wp-content\/uploads\/2025\/10\/SAVE_20251006_221555-rotated.jpg 1140w, https:\/\/newsinfoco.com.br\/inicio\/wp-content\/uploads\/2025\/10\/SAVE_20251006_221555-300x52.jpg 300w, https:\/\/newsinfoco.com.br\/inicio\/wp-content\/uploads\/2025\/10\/SAVE_20251006_221555-1024x177.jpg 1024w, https:\/\/newsinfoco.com.br\/inicio\/wp-content\/uploads\/2025\/10\/SAVE_20251006_221555-768x133.jpg 768w, https:\/\/newsinfoco.com.br\/inicio\/wp-content\/uploads\/2025\/10\/SAVE_20251006_221555-600x104.jpg 600w, https:\/\/newsinfoco.com.br\/inicio\/wp-content\/uploads\/2025\/10\/SAVE_20251006_221555-696x120.jpg 696w, https:\/\/newsinfoco.com.br\/inicio\/wp-content\/uploads\/2025\/10\/SAVE_20251006_221555-1068x185.jpg 1068w\" sizes=\"(max-width: 1140px) 100vw, 1140px\" width=\"1140\" height=\"197\"   \/><\/a><\/div>\n<p>Para Barrozo, as transforma\u00e7\u00f5es na agropecu\u00e1ria baiana nos \u00faltimos 30 anos englobam a consolida\u00e7\u00e3o das cadeias produtivas em todas as regi\u00f5es do estado. \u201cA Bahia j\u00e1 responde atualmente por mais de 50% da citricultura do Nordeste, al\u00e9m dos avan\u00e7os no extremo sul com a expans\u00e3o das florestas plantadas e o fortalecimento das cadeias do cacau, do caf\u00e9 e da fruticultura no norte\u201d, pontuou.<\/p>\n<p>Tamb\u00e9m s\u00e3o destaques a recupera\u00e7\u00e3o sanit\u00e1ria de munic\u00edpios como Rio Real, Inhambupe e Janda\u00edra, hoje livres de pragas, e a conquista do Brasil como zona livre de febre aftosa \u2013 resultado de d\u00e9cadas de trabalho de veterin\u00e1rios e agr\u00f4nomos da Ag\u00eancia de Defesa Agropecu\u00e1ria da Bahia (Adab).<\/p>\n<p>\u201cO desenvolvimento do campo est\u00e1 diretamente ligado \u00e0 melhoria de \u00e1reas como sa\u00fade, educa\u00e7\u00e3o e seguran\u00e7a. O homem do interior deseja permanecer no campo com mais produtividade e qualidade de vida. Nosso estado \u00e9 diverso, f\u00e9rtil e feito por gente trabalhadora\u201d, afirmou Barrozo.<\/p>\n<p>O presidente do Grupo A Tarde, Jo\u00e3o de Mello Leit\u00e3o, reafirmou a satisfa\u00e7\u00e3o em realizar a Fenagro pelo segundo ano consecutivo, em parceria com o Governo do Estado, atrav\u00e9s da Seagri. \u201cA primeira edi\u00e7\u00e3o da Fenagro foi promovida com a participa\u00e7\u00e3o do A Tarde. Agora estamos presentes em um novo momento, t\u00e3o importante para a agro baiano\u201d, pontuou.<\/p>\n<p>A\u00e7\u00f5es estruturantes para o agro<\/p>\n<p>O titular da Seagri ressaltou ainda que a Fenagro se consolidou como palco estrat\u00e9gico para apresentar a\u00e7\u00f5es estruturantes do setor, refor\u00e7ando o desenvolvimento rural como eixo priorit\u00e1rio da gest\u00e3o estadual. O evento, planejado de forma coletiva, possui estrutura voltada para acolher fam\u00edlias, produtores e gestores p\u00fablicos, reunindo diversidade, inova\u00e7\u00e3o e integra\u00e7\u00e3o entre os munic\u00edpios.<\/p>\n<p>Para aproximar as pol\u00edticas p\u00fablicas do setor produtivo, desde s\u00e1bado (29), o gabinete da secretaria foi transferido para o Parque de Exposi\u00e7\u00f5es. No local, prefeitos, secret\u00e1rios municipais, produtores e agricultores familiares s\u00e3o atendidos em um espa\u00e7o unificado com servi\u00e7os, orienta\u00e7\u00f5es t\u00e9cnicas e informa\u00e7\u00f5es sobre programas do governo estadual.<\/p>\n<p>A agenda segue intensa ao longo da semana. Nesta segunda-feira (1\u00ba), \u00e0s 10h, ser\u00e1 assinado um termo de coopera\u00e7\u00e3o entre a Seagri e a Funda\u00e7\u00e3o Lu\u00eds Eduardo Magalh\u00e3es (Flem) para revitaliza\u00e7\u00e3o das C\u00e2maras Setoriais, reinstalando espa\u00e7os estrat\u00e9gicos de di\u00e1logo entre governo e cadeias produtivas.<\/p>\n<p>Na ter\u00e7a-feira (2), \u00e0s 15h, ser\u00e1 firmado um termo de coopera\u00e7\u00e3o t\u00e9cnica voltado ao Matopiba, criando um Plano Interestadual de Desenvolvimento que integra pol\u00edticas p\u00fablicas e amplia investimentos em inova\u00e7\u00e3o e sustentabilidade na regi\u00e3o que abrange partes da Bahia, Maranh\u00e3o, Tocantins e Piau\u00ed. No mesmo dia, \u00e0s 16h, os estados do Sealba \u2014 Sergipe, Alagoas e Bahia \u2014 assinar\u00e3o outro termo de coopera\u00e7\u00e3o com foco em sanidade agropecu\u00e1ria, log\u00edstica, pr\u00e1ticas sustent\u00e1veis e fortalecimento da cadeia do citrus.<\/p>\n<div>\n<div>\n<div class=\"trv-player-container\">\n<div class=\"trv-wrapper\">\n<div id=\"br_video_player_ace4fec7c99b74069067ea147751da9dc3c659f9\" class=\"trvd_video_player trvdinstream\">\n<div class=\"media-player\">\n<div class=\"trv-video\">\n<div id=\"truvid_ima_container85116\" class=\"truvid_ima_container\">\n<div>\n<div>\n<div class=\"conteudo_post\">\n<p>Na sexta-feira (5), a programa\u00e7\u00e3o inclui o plantio simb\u00f3lico de 200 mudas de esp\u00e9cies nativas no Parque de Exposi\u00e7\u00f5es, ao lado do diretor-executivo da Abaf, Wilson Andrade, marcando o lan\u00e7amento do projeto conjunto Seagri\u2013Abaf que prev\u00ea a\u00e7\u00f5es de arboriza\u00e7\u00e3o com esp\u00e9cies dos biomas Caatinga e Cerrado em 12 munic\u00edpios, iniciando por Barreiras.<\/p>\n<p>A Seagri tamb\u00e9m receber\u00e1 uma comitiva internacional de produtores e usu\u00e1rios de dados globais e representante do IBGE, que estar\u00e1 em Salvador de 3 a 5 de dezembro, para a Confer\u00eancia Nacional. Durante o encontro, o grupo se reunir\u00e1 com institui\u00e7\u00f5es baianas para trocar experi\u00eancias e conhecer iniciativas locais voltadas \u00e0 produ\u00e7\u00e3o e ao uso de informa\u00e7\u00f5es estrat\u00e9gicas.<\/p>\n<\/div>\n<div id=\"div-share\">Bahia.Ba<\/div>\n<\/div>\n<\/div>\n<\/div>\n<\/div>\n<\/div>\n<\/div>\n<\/div>\n<\/div>\n<\/div>\n<\/div>\n<div class='share-to-whatsapp-wrapper'><div class='share-on-whsp'>Share on: <\/div><a data-text='Crescimento exponencial da agropecu\u00e1ria baiana \u00e9 destaque na abertura da Fenagro 2025' data-link='https:\/\/newsinfoco.com.br\/inicio\/crescimento-exponencial-da-agropecuaria-baiana-e-destaque-na-abertura-da-fenagro-2025\/' class='whatsapp-button whatsapp-share'>WhatsApp<\/a><div class='clear '><\/div><\/div>","protected":false},"excerpt":{"rendered":"<p>Durante a abertura oficial da Fenagro 2025, que contou com a presen\u00e7a do governador Jer\u00f4nimo Rodrigues neste domingo (30), no Parque de Exposi\u00e7\u00f5es de Salvador, o secret\u00e1rio da Agricultura, Pecu\u00e1ria, Irriga\u00e7\u00e3o, Pesca e Aquicultura (Seagri), Pablo Barrozo fez uma avalia\u00e7\u00e3o sobre os avan\u00e7os da agropecu\u00e1ria baiana nos \u00faltimos anos. Segundo ele, o setor vem apresentando [&hellip;]<\/p>\n","protected":false},"author":1,"featured_media":48056,"comment_status":"closed","ping_status":"closed","sticky":false,"template":"","format":"standard","meta":{"om_disable_all_campaigns":false,"_exactmetrics_skip_tracking":false,"_exactmetrics_sitenote_active":false,"_exactmetrics_sitenote_note":"","_exactmetrics_sitenote_category":0,"footnotes":""},"categories":[19],"tags":[],"class_list":["post-48055","post","type-post","status-publish","format-standard","has-post-thumbnail","hentry","category-bahia"],"aioseo_notices":[],"_links":{"self":[{"href":"https:\/\/newsinfoco.com.br\/inicio\/wp-json\/wp\/v2\/posts\/48055","targetHints":{"allow":["GET"]}}],"collection":[{"href":"https:\/\/newsinfoco.com.br\/inicio\/wp-json\/wp\/v2\/posts"}],"about":[{"href":"https:\/\/newsinfoco.com.br\/inicio\/wp-json\/wp\/v2\/types\/post"}],"author":[{"embeddable":true,"href":"https:\/\/newsinfoco.com.br\/inicio\/wp-json\/wp\/v2\/users\/1"}],"replies":[{"embeddable":true,"href":"https:\/\/newsinfoco.com.br\/inicio\/wp-json\/wp\/v2\/comments?post=48055"}],"version-history":[{"count":1,"href":"https:\/\/newsinfoco.com.br\/inicio\/wp-json\/wp\/v2\/posts\/48055\/revisions"}],"predecessor-version":[{"id":48057,"href":"https:\/\/newsinfoco.com.br\/inicio\/wp-json\/wp\/v2\/posts\/48055\/revisions\/48057"}],"wp:featuredmedia":[{"embeddable":true,"href":"https:\/\/newsinfoco.com.br\/inicio\/wp-json\/wp\/v2\/media\/48056"}],"wp:attachment":[{"href":"https:\/\/newsinfoco.com.br\/inicio\/wp-json\/wp\/v2\/media?parent=48055"}],"wp:term":[{"taxonomy":"category","embeddable":true,"href":"https:\/\/newsinfoco.com.br\/inicio\/wp-json\/wp\/v2\/categories?post=48055"},{"taxonomy":"post_tag","embeddable":true,"href":"https:\/\/newsinfoco.com.br\/inicio\/wp-json\/wp\/v2\/tags?post=48055"}],"curies":[{"name":"wp","href":"https:\/\/api.w.org\/{rel}","templated":true}]}}