{"id":48058,"date":"2025-12-01T12:36:51","date_gmt":"2025-12-01T15:36:51","guid":{"rendered":"https:\/\/newsinfoco.com.br\/inicio\/?p=48058"},"modified":"2025-12-01T12:36:51","modified_gmt":"2025-12-01T15:36:51","slug":"carlos-bolsonaro-diz-que-familia-nao-tem-noticias-de-jair-bolsonaro-ha-dois-dias","status":"publish","type":"post","link":"https:\/\/newsinfoco.com.br\/inicio\/carlos-bolsonaro-diz-que-familia-nao-tem-noticias-de-jair-bolsonaro-ha-dois-dias\/","title":{"rendered":"Carlos Bolsonaro diz que fam\u00edlia n\u00e3o tem noticias de Jair Bolsonaro h\u00e1 dois dias"},"content":{"rendered":"<p>O filho do ex-presidente Jair Bolsonaro e vereador do Rio de Janeiro, Carlos Bolsonaro (PL), cobrou informa\u00e7\u00f5es sobre o pai. Segundo ele, em postagem nas redes sociais, a fam\u00edlia do ex-mandat\u00e1rio est\u00e1 h\u00e1 dois dias sem ter not\u00edcias sobre o pol\u00edtico, especialmente sobre o estado de sa\u00fade dele.<\/p>\n<p>\u201cA FAM\u00cdLIA N\u00c3O TEM INFORMA\u00c7\u00c3O ALGUMA SOBRE JAIR BOLSONARO H\u00c1 MAIS DE DOIS DIAS. PELO AMOR DE DEUS\u2026.\u201d, escreveu o edil.<\/p><div class=\"newsi-conteudo_19\" id=\"newsi-1149351691\"><a href=\"https:\/\/www.instagram.com\/prefeituraalagoinhas?igsh=YzgzdDJ1bWR3aWI4\" aria-label=\"SAVE_20251006_221555\"><img loading=\"lazy\" decoding=\"async\" src=\"https:\/\/newsinfoco.com.br\/inicio\/wp-content\/uploads\/2025\/10\/SAVE_20251006_221555-rotated.jpg\" alt=\"\"  srcset=\"https:\/\/newsinfoco.com.br\/inicio\/wp-content\/uploads\/2025\/10\/SAVE_20251006_221555-rotated.jpg 1140w, https:\/\/newsinfoco.com.br\/inicio\/wp-content\/uploads\/2025\/10\/SAVE_20251006_221555-300x52.jpg 300w, https:\/\/newsinfoco.com.br\/inicio\/wp-content\/uploads\/2025\/10\/SAVE_20251006_221555-1024x177.jpg 1024w, https:\/\/newsinfoco.com.br\/inicio\/wp-content\/uploads\/2025\/10\/SAVE_20251006_221555-768x133.jpg 768w, https:\/\/newsinfoco.com.br\/inicio\/wp-content\/uploads\/2025\/10\/SAVE_20251006_221555-600x104.jpg 600w, https:\/\/newsinfoco.com.br\/inicio\/wp-content\/uploads\/2025\/10\/SAVE_20251006_221555-696x120.jpg 696w, https:\/\/newsinfoco.com.br\/inicio\/wp-content\/uploads\/2025\/10\/SAVE_20251006_221555-1068x185.jpg 1068w\" sizes=\"(max-width: 1140px) 100vw, 1140px\" width=\"1140\" height=\"197\"   \/><\/a><\/div>\n<p>O pedido de informa\u00e7\u00e3o de Carlos ocorreu ap\u00f3s o ex-presidente apresentar uma piora em seu estado de sa\u00fade na \u00faltima quinta-feira (27). O pr\u00f3prio vereador anunciou a piora no estado de sa\u00fade do pai e afirmou que ele precisou de atendimento m\u00e9dico.<\/p>\n<p>Carlos ainda relembrou uma mat\u00e9ria do Estad\u00e3o que apontava que o presidente Luiz In\u00e1cio Lula da Silva (PT), quando estava preso em Curitiba, recebeu cerca de 572 visitas nos seis primeiros meses de sua pris\u00e3o e cobrou a liberta\u00e7\u00e3o do pai.<\/p>\n<p>Bolsonaro est\u00e1 preso desde o dia 22 de novembro, entretanto, s\u00f3 come\u00e7ou a cumprir a pena a qual foi condenado na \u00faltima ter\u00e7a-feira (25), quando o ministro Alexandre de Moraes determinou o tr\u00e2nsito em julgado da condena\u00e7\u00e3o.<\/p>\n<p>Bahia.Ba<\/p>\n<div class='share-to-whatsapp-wrapper'><div class='share-on-whsp'>Share on: <\/div><a data-text='Carlos Bolsonaro diz que fam\u00edlia n\u00e3o tem noticias de Jair Bolsonaro h\u00e1 dois dias' data-link='https:\/\/newsinfoco.com.br\/inicio\/carlos-bolsonaro-diz-que-familia-nao-tem-noticias-de-jair-bolsonaro-ha-dois-dias\/' class='whatsapp-button whatsapp-share'>WhatsApp<\/a><div class='clear '><\/div><\/div>","protected":false},"excerpt":{"rendered":"<p>O filho do ex-presidente Jair Bolsonaro e vereador do Rio de Janeiro, Carlos Bolsonaro (PL), cobrou informa\u00e7\u00f5es sobre o pai. Segundo ele, em postagem nas redes sociais, a fam\u00edlia do ex-mandat\u00e1rio est\u00e1 h\u00e1 dois dias sem ter not\u00edcias sobre o pol\u00edtico, especialmente sobre o estado de sa\u00fade dele. \u201cA FAM\u00cdLIA N\u00c3O TEM INFORMA\u00c7\u00c3O ALGUMA SOBRE [&hellip;]<\/p>\n","protected":false},"author":1,"featured_media":48059,"comment_status":"closed","ping_status":"closed","sticky":false,"template":"","format":"standard","meta":{"om_disable_all_campaigns":false,"_exactmetrics_skip_tracking":false,"_exactmetrics_sitenote_active":false,"_exactmetrics_sitenote_note":"","_exactmetrics_sitenote_category":0,"footnotes":""},"categories":[21],"tags":[],"class_list":["post-48058","post","type-post","status-publish","format-standard","has-post-thumbnail","hentry","category-brasil"],"aioseo_notices":[],"_links":{"self":[{"href":"https:\/\/newsinfoco.com.br\/inicio\/wp-json\/wp\/v2\/posts\/48058","targetHints":{"allow":["GET"]}}],"collection":[{"href":"https:\/\/newsinfoco.com.br\/inicio\/wp-json\/wp\/v2\/posts"}],"about":[{"href":"https:\/\/newsinfoco.com.br\/inicio\/wp-json\/wp\/v2\/types\/post"}],"author":[{"embeddable":true,"href":"https:\/\/newsinfoco.com.br\/inicio\/wp-json\/wp\/v2\/users\/1"}],"replies":[{"embeddable":true,"href":"https:\/\/newsinfoco.com.br\/inicio\/wp-json\/wp\/v2\/comments?post=48058"}],"version-history":[{"count":1,"href":"https:\/\/newsinfoco.com.br\/inicio\/wp-json\/wp\/v2\/posts\/48058\/revisions"}],"predecessor-version":[{"id":48060,"href":"https:\/\/newsinfoco.com.br\/inicio\/wp-json\/wp\/v2\/posts\/48058\/revisions\/48060"}],"wp:featuredmedia":[{"embeddable":true,"href":"https:\/\/newsinfoco.com.br\/inicio\/wp-json\/wp\/v2\/media\/48059"}],"wp:attachment":[{"href":"https:\/\/newsinfoco.com.br\/inicio\/wp-json\/wp\/v2\/media?parent=48058"}],"wp:term":[{"taxonomy":"category","embeddable":true,"href":"https:\/\/newsinfoco.com.br\/inicio\/wp-json\/wp\/v2\/categories?post=48058"},{"taxonomy":"post_tag","embeddable":true,"href":"https:\/\/newsinfoco.com.br\/inicio\/wp-json\/wp\/v2\/tags?post=48058"}],"curies":[{"name":"wp","href":"https:\/\/api.w.org\/{rel}","templated":true}]}}