{"id":48066,"date":"2025-12-01T13:01:41","date_gmt":"2025-12-01T16:01:41","guid":{"rendered":"https:\/\/newsinfoco.com.br\/inicio\/?p=48066"},"modified":"2025-12-01T13:01:41","modified_gmt":"2025-12-01T16:01:41","slug":"ministro-gilmar-mendes-anuncia-termino-do-casamento-de-18-anos","status":"publish","type":"post","link":"https:\/\/newsinfoco.com.br\/inicio\/ministro-gilmar-mendes-anuncia-termino-do-casamento-de-18-anos\/","title":{"rendered":"Ministro Gilmar Mendes anuncia t\u00e9rmino do casamento de 18 anos"},"content":{"rendered":"<p>O ministro Gilmar Mendes, do Supremo Tribunal Federal (STF), revelou neste s\u00e1bado (29) \u00e0 Folha de S\u00e3o Paulo que encerrou o casamento com Guiomar Feitosa, com quem esteve junto desde 2007.<\/p>\n<p>O casal, que se conheceu ainda na d\u00e9cada de 1970 durante os estudos de Direito na Universidade de Bras\u00edlia, optou por encerrar a uni\u00e3o de maneira amistosa, preservando a amizade constru\u00edda ao longo dos anos. Guiomar refor\u00e7ou o bom relacionamento em entrevista:<\/p><div class=\"newsi-conteudo_19\" id=\"newsi-3993050002\"><a href=\"https:\/\/www.instagram.com\/prefeituraalagoinhas?igsh=YzgzdDJ1bWR3aWI4\" aria-label=\"SAVE_20251006_221555\"><img loading=\"lazy\" decoding=\"async\" src=\"https:\/\/newsinfoco.com.br\/inicio\/wp-content\/uploads\/2025\/10\/SAVE_20251006_221555-rotated.jpg\" alt=\"\"  srcset=\"https:\/\/newsinfoco.com.br\/inicio\/wp-content\/uploads\/2025\/10\/SAVE_20251006_221555-rotated.jpg 1140w, https:\/\/newsinfoco.com.br\/inicio\/wp-content\/uploads\/2025\/10\/SAVE_20251006_221555-300x52.jpg 300w, https:\/\/newsinfoco.com.br\/inicio\/wp-content\/uploads\/2025\/10\/SAVE_20251006_221555-1024x177.jpg 1024w, https:\/\/newsinfoco.com.br\/inicio\/wp-content\/uploads\/2025\/10\/SAVE_20251006_221555-768x133.jpg 768w, https:\/\/newsinfoco.com.br\/inicio\/wp-content\/uploads\/2025\/10\/SAVE_20251006_221555-600x104.jpg 600w, https:\/\/newsinfoco.com.br\/inicio\/wp-content\/uploads\/2025\/10\/SAVE_20251006_221555-696x120.jpg 696w, https:\/\/newsinfoco.com.br\/inicio\/wp-content\/uploads\/2025\/10\/SAVE_20251006_221555-1068x185.jpg 1068w\" sizes=\"(max-width: 1140px) 100vw, 1140px\" width=\"1140\" height=\"197\"   \/><\/a><\/div>\n<p>\u201cCansamos de ser casados, mas n\u00e3o cansamos, e jamais cansaremos, de ser amigos\u201d, afirmou.<\/p>\n<div class=\"conteudo_post\">\n<p>Mendes tamb\u00e9m destacou a import\u00e2ncia do v\u00ednculo que permanecem mantendo. \u201cNada muda em uma rela\u00e7\u00e3o de muita amizade e respeito\u201d, comentou o ministro.<\/p>\n<p>Ao longo da carreira, Guiomar ocupou cargos relevantes, incluindo assessora de Marco Aur\u00e9lio Mello e secret\u00e1ria-geral do STF, enquanto Gilmar Mendes \u00e9 o atual decano da Corte, indicado pelo ex-presidente Fernando Henrique Cardoso.<\/p>\n<\/div>\n<div id=\"author-info\" class=\"ui items\">\n<div class=\"item\">Bahia.Ba<\/div>\n<\/div>\n<div>\n<div>\n<div class=\"trv-player-container\">\n<div class=\"trv-wrapper\">\n<div id=\"br_video_player_1f1f40ff416f05b3caecea147751da9dc3c659f9\" class=\"trvd_video_player trvdinstream\">\n<div class=\"media-player\">\n<div class=\"trv-video\">\n<div id=\"truvid_ima_container8568\" class=\"truvid_ima_container\">\n<div>\n<div>\n<div>\n<div>\n<div class=\"trv-player-container\">\n<div class=\"trv-wrapper\">\n<div id=\"br_video_player_1f1f40ff416f05b3caecea147751da9dc3c659f9\" class=\"trvd_video_player trvdinstream\">\n<div class=\"media-player\">\n<div class=\"trv-video\">\n<div id=\"truvid_ima_container8568\" class=\"truvid_ima_container\">\n<div>\n<div>\n<div>\n<div>\n<div class=\"trv-player-container\">\n<div class=\"trv-wrapper\">\n<div id=\"br_video_player_1f1f40ff416f05b3caecea147751da9dc3c659f9\" class=\"trvd_video_player trvdinstream\">\n<div class=\"media-player\">\n<div class=\"trv-video\">\n<div id=\"truvid_ima_container8568\" class=\"truvid_ima_container\">\n<div>\n<div><\/div>\n<\/div>\n<\/div>\n<\/div>\n<\/div>\n<\/div>\n<\/div>\n<\/div>\n<\/div>\n<\/div>\n<\/div>\n<\/div>\n<\/div>\n<\/div>\n<\/div>\n<\/div>\n<\/div>\n<\/div>\n<\/div>\n<\/div>\n<\/div>\n<\/div>\n<\/div>\n<\/div>\n<\/div>\n<\/div>\n<\/div>\n<\/div>\n<\/div>\n<\/div>\n<div class='share-to-whatsapp-wrapper'><div class='share-on-whsp'>Share on: <\/div><a data-text='Ministro Gilmar Mendes anuncia t\u00e9rmino do casamento de 18 anos' data-link='https:\/\/newsinfoco.com.br\/inicio\/ministro-gilmar-mendes-anuncia-termino-do-casamento-de-18-anos\/' class='whatsapp-button whatsapp-share'>WhatsApp<\/a><div class='clear '><\/div><\/div>","protected":false},"excerpt":{"rendered":"<p>O ministro Gilmar Mendes, do Supremo Tribunal Federal (STF), revelou neste s\u00e1bado (29) \u00e0 Folha de S\u00e3o Paulo que encerrou o casamento com Guiomar Feitosa, com quem esteve junto desde 2007. O casal, que se conheceu ainda na d\u00e9cada de 1970 durante os estudos de Direito na Universidade de Bras\u00edlia, optou por encerrar a uni\u00e3o [&hellip;]<\/p>\n","protected":false},"author":1,"featured_media":48067,"comment_status":"closed","ping_status":"closed","sticky":false,"template":"","format":"standard","meta":{"om_disable_all_campaigns":false,"_exactmetrics_skip_tracking":false,"_exactmetrics_sitenote_active":false,"_exactmetrics_sitenote_note":"","_exactmetrics_sitenote_category":0,"footnotes":""},"categories":[21],"tags":[],"class_list":["post-48066","post","type-post","status-publish","format-standard","has-post-thumbnail","hentry","category-brasil"],"aioseo_notices":[],"_links":{"self":[{"href":"https:\/\/newsinfoco.com.br\/inicio\/wp-json\/wp\/v2\/posts\/48066","targetHints":{"allow":["GET"]}}],"collection":[{"href":"https:\/\/newsinfoco.com.br\/inicio\/wp-json\/wp\/v2\/posts"}],"about":[{"href":"https:\/\/newsinfoco.com.br\/inicio\/wp-json\/wp\/v2\/types\/post"}],"author":[{"embeddable":true,"href":"https:\/\/newsinfoco.com.br\/inicio\/wp-json\/wp\/v2\/users\/1"}],"replies":[{"embeddable":true,"href":"https:\/\/newsinfoco.com.br\/inicio\/wp-json\/wp\/v2\/comments?post=48066"}],"version-history":[{"count":1,"href":"https:\/\/newsinfoco.com.br\/inicio\/wp-json\/wp\/v2\/posts\/48066\/revisions"}],"predecessor-version":[{"id":48068,"href":"https:\/\/newsinfoco.com.br\/inicio\/wp-json\/wp\/v2\/posts\/48066\/revisions\/48068"}],"wp:featuredmedia":[{"embeddable":true,"href":"https:\/\/newsinfoco.com.br\/inicio\/wp-json\/wp\/v2\/media\/48067"}],"wp:attachment":[{"href":"https:\/\/newsinfoco.com.br\/inicio\/wp-json\/wp\/v2\/media?parent=48066"}],"wp:term":[{"taxonomy":"category","embeddable":true,"href":"https:\/\/newsinfoco.com.br\/inicio\/wp-json\/wp\/v2\/categories?post=48066"},{"taxonomy":"post_tag","embeddable":true,"href":"https:\/\/newsinfoco.com.br\/inicio\/wp-json\/wp\/v2\/tags?post=48066"}],"curies":[{"name":"wp","href":"https:\/\/api.w.org\/{rel}","templated":true}]}}