{"id":48069,"date":"2025-12-01T13:15:46","date_gmt":"2025-12-01T16:15:46","guid":{"rendered":"https:\/\/newsinfoco.com.br\/inicio\/?p=48069"},"modified":"2025-12-01T13:15:46","modified_gmt":"2025-12-01T16:15:46","slug":"alagoinhas-inicia-acoes-do-dezembro-vermelho-com-testagem-rapida-e-vacinacao-no-centro-da-cidade","status":"publish","type":"post","link":"https:\/\/newsinfoco.com.br\/inicio\/alagoinhas-inicia-acoes-do-dezembro-vermelho-com-testagem-rapida-e-vacinacao-no-centro-da-cidade\/","title":{"rendered":"Alagoinhas inicia a\u00e7\u00f5es do Dezembro Vermelho com testagem r\u00e1pida e vacina\u00e7\u00e3o no centro da cidade"},"content":{"rendered":"<p>Em alus\u00e3o ao Dia Mundial de Luta contra a Aids, celebrado neste 1\u00ba de dezembro, a Secretaria Municipal de Sa\u00fade (Sesau) iniciou as a\u00e7\u00f5es do Dezembro Vermelho, ofertando testagem r\u00e1pida e vacina\u00e7\u00e3o no estande organizado no estacionamento da Prefeitura de Alagoinhas, no Centro.<\/p>\n<p>Reunindo as equipes da Vigil\u00e2ncia em Sa\u00fade, do Centro de Testagem e Aconselhamento (CTA) e do Servi\u00e7o de Atendimento Especializado (SAE) da Vigil\u00e2ncia Epidemiol\u00f3gica, o foco \u00e9 na testagem, preven\u00e7\u00e3o e tratamento. \u201cO Dezembro Vermelho \u00e9 um m\u00eas de conscientiza\u00e7\u00e3o da preven\u00e7\u00e3o ao HIV\/Aids. Isso \u00e9 uma campanha mundial por todo m\u00eas, onde a gente tem que fazer o qu\u00ea? Propor \u00e0 popula\u00e7\u00e3o que venha fazer essa testagem e o diagn\u00f3stico precoce para um tratamento imediato, j\u00e1 que a gente hoje tem o tratamento para o HIV\/Aids. Caso d\u00ea positivo, os pacientes s\u00e3o direcionados ao CTA\/SAE\u201d, explicou a diretora da Vigil\u00e2ncia em Sa\u00fade, Claudine Sampaio Ramos.<\/p><div class=\"newsi-conteudo_19\" id=\"newsi-1395071712\"><a href=\"https:\/\/www.instagram.com\/prefeituraalagoinhas?igsh=YzgzdDJ1bWR3aWI4\" aria-label=\"SAVE_20251006_221555\"><img loading=\"lazy\" decoding=\"async\" src=\"https:\/\/newsinfoco.com.br\/inicio\/wp-content\/uploads\/2025\/10\/SAVE_20251006_221555-rotated.jpg\" alt=\"\"  srcset=\"https:\/\/newsinfoco.com.br\/inicio\/wp-content\/uploads\/2025\/10\/SAVE_20251006_221555-rotated.jpg 1140w, https:\/\/newsinfoco.com.br\/inicio\/wp-content\/uploads\/2025\/10\/SAVE_20251006_221555-300x52.jpg 300w, https:\/\/newsinfoco.com.br\/inicio\/wp-content\/uploads\/2025\/10\/SAVE_20251006_221555-1024x177.jpg 1024w, https:\/\/newsinfoco.com.br\/inicio\/wp-content\/uploads\/2025\/10\/SAVE_20251006_221555-768x133.jpg 768w, https:\/\/newsinfoco.com.br\/inicio\/wp-content\/uploads\/2025\/10\/SAVE_20251006_221555-600x104.jpg 600w, https:\/\/newsinfoco.com.br\/inicio\/wp-content\/uploads\/2025\/10\/SAVE_20251006_221555-696x120.jpg 696w, https:\/\/newsinfoco.com.br\/inicio\/wp-content\/uploads\/2025\/10\/SAVE_20251006_221555-1068x185.jpg 1068w\" sizes=\"(max-width: 1140px) 100vw, 1140px\" width=\"1140\" height=\"197\"   \/><\/a><\/div>\n<p>A gerente do SAE\/CTA, Elo\u00edsa Bacelar, pontuou que neste primeiro dia de a\u00e7\u00e3o foram ofertados 140 testes r\u00e1pidos, sendo 70 para HIV e 70 para s\u00edfilis, al\u00e9m da distribui\u00e7\u00e3o de preservativos internos e externos, comuns, sens\u00edveis e texturizados, folders sobre Infec\u00e7\u00f5es Sexualmente Transmiss\u00edveis (ISTs) e panfletos referentes ao CTA\/SAE, para que a popula\u00e7\u00e3o possa conhecer os servi\u00e7os de atendimento gratuito. \u201cNo m\u00eas de dezembro, a gente intensifica esse trabalho voltado para o combate ao HIV\/Aids. \u00c9 importante salientar que, durante todo o ano, n\u00f3s desenvolvemos a\u00e7\u00f5es especiais para intensificar o combate a essas doen\u00e7as. Nesta manh\u00e3 tamb\u00e9m ofertamos vacinas contra a influenza, dT, tr\u00edplice viral, hepatite B e febre amarela.\u201d<\/p>\n<p>Claudiane Queiroz Santos contou que soube pelas redes sociais sobre o \u00f4nibus de testagem r\u00e1pida e fez quest\u00e3o de passar para conferir a sa\u00fade. \u201cFiz o teste e estou aguardando o resultado. Acho importante esse tipo de iniciativa porque facilita o nosso acesso aos servi\u00e7os da Secretaria de Sa\u00fade da nossa cidade, onde temos tanto informa\u00e7\u00e3o quanto o acompanhamento correto para resguardar a nossa sa\u00fade\u201d, disse.<\/p>\n<p><strong>Mobiliza\u00e7\u00f5es de dezembro<\/strong><\/p>\n<p>As equipes programaram para este m\u00eas uma vasta programa\u00e7\u00e3o de atividades, incluindo: mobiliza\u00e7\u00e3o integrada nas Unidades de Sa\u00fade; participa\u00e7\u00e3o em r\u00e1dios anunciando os trabalhos no m\u00eas de dezembro; visita \u00e0s empresas do munic\u00edpio, proporcionando conversas com funcion\u00e1rios; mobiliza\u00e7\u00e3o digital pelas redes sociais; semana de preven\u00e7\u00e3o nas escolas; ilumina\u00e7\u00e3o vermelha dos pr\u00e9dios p\u00fablicos; capacita\u00e7\u00e3o de agentes comunit\u00e1rios; bate-papo com a popula\u00e7\u00e3o atendida pelo CTA\/SAE; e inser\u00e7\u00e3o de informativos nos contracheques dos servidores e nas contas de \u00e1gua.<\/p>\n<p>&nbsp;<\/p>\n<div class='share-to-whatsapp-wrapper'><div class='share-on-whsp'>Share on: <\/div><a data-text='Alagoinhas inicia a\u00e7\u00f5es do Dezembro Vermelho com testagem r\u00e1pida e vacina\u00e7\u00e3o no centro da cidade' data-link='https:\/\/newsinfoco.com.br\/inicio\/alagoinhas-inicia-acoes-do-dezembro-vermelho-com-testagem-rapida-e-vacinacao-no-centro-da-cidade\/' class='whatsapp-button whatsapp-share'>WhatsApp<\/a><div class='clear '><\/div><\/div>","protected":false},"excerpt":{"rendered":"<p>Em alus\u00e3o ao Dia Mundial de Luta contra a Aids, celebrado neste 1\u00ba de dezembro, a Secretaria Municipal de Sa\u00fade (Sesau) iniciou as a\u00e7\u00f5es do Dezembro Vermelho, ofertando testagem r\u00e1pida e vacina\u00e7\u00e3o no estande organizado no estacionamento da Prefeitura de Alagoinhas, no Centro. Reunindo as equipes da Vigil\u00e2ncia em Sa\u00fade, do Centro de Testagem e [&hellip;]<\/p>\n","protected":false},"author":1,"featured_media":48070,"comment_status":"closed","ping_status":"closed","sticky":false,"template":"","format":"standard","meta":{"om_disable_all_campaigns":false,"_exactmetrics_skip_tracking":false,"_exactmetrics_sitenote_active":false,"_exactmetrics_sitenote_note":"","_exactmetrics_sitenote_category":0,"footnotes":""},"categories":[38,167],"tags":[],"class_list":["post-48069","post","type-post","status-publish","format-standard","has-post-thumbnail","hentry","category-alagoinhas-e-regiao","category-exclusivas"],"aioseo_notices":[],"_links":{"self":[{"href":"https:\/\/newsinfoco.com.br\/inicio\/wp-json\/wp\/v2\/posts\/48069","targetHints":{"allow":["GET"]}}],"collection":[{"href":"https:\/\/newsinfoco.com.br\/inicio\/wp-json\/wp\/v2\/posts"}],"about":[{"href":"https:\/\/newsinfoco.com.br\/inicio\/wp-json\/wp\/v2\/types\/post"}],"author":[{"embeddable":true,"href":"https:\/\/newsinfoco.com.br\/inicio\/wp-json\/wp\/v2\/users\/1"}],"replies":[{"embeddable":true,"href":"https:\/\/newsinfoco.com.br\/inicio\/wp-json\/wp\/v2\/comments?post=48069"}],"version-history":[{"count":1,"href":"https:\/\/newsinfoco.com.br\/inicio\/wp-json\/wp\/v2\/posts\/48069\/revisions"}],"predecessor-version":[{"id":48071,"href":"https:\/\/newsinfoco.com.br\/inicio\/wp-json\/wp\/v2\/posts\/48069\/revisions\/48071"}],"wp:featuredmedia":[{"embeddable":true,"href":"https:\/\/newsinfoco.com.br\/inicio\/wp-json\/wp\/v2\/media\/48070"}],"wp:attachment":[{"href":"https:\/\/newsinfoco.com.br\/inicio\/wp-json\/wp\/v2\/media?parent=48069"}],"wp:term":[{"taxonomy":"category","embeddable":true,"href":"https:\/\/newsinfoco.com.br\/inicio\/wp-json\/wp\/v2\/categories?post=48069"},{"taxonomy":"post_tag","embeddable":true,"href":"https:\/\/newsinfoco.com.br\/inicio\/wp-json\/wp\/v2\/tags?post=48069"}],"curies":[{"name":"wp","href":"https:\/\/api.w.org\/{rel}","templated":true}]}}