{"id":48072,"date":"2025-12-01T13:24:37","date_gmt":"2025-12-01T16:24:37","guid":{"rendered":"https:\/\/newsinfoco.com.br\/inicio\/?p=48072"},"modified":"2025-12-01T13:24:37","modified_gmt":"2025-12-01T16:24:37","slug":"centro-de-cirurgias-eletivas-de-alagoinhas-realiza-mais-de-430-cirurgias-de-catarata-e-pterigio","status":"publish","type":"post","link":"https:\/\/newsinfoco.com.br\/inicio\/centro-de-cirurgias-eletivas-de-alagoinhas-realiza-mais-de-430-cirurgias-de-catarata-e-pterigio\/","title":{"rendered":"Centro de Cirurgias Eletivas de Alagoinhas realiza mais de 430 cirurgias de catarata e pter\u00edgio"},"content":{"rendered":"<p>Nesta segunda e ter\u00e7a-feira, 1 e 2, est\u00e3o sendo realizadas cirurgias oftalmol\u00f3gicas no Centro de Cirurgias Eletivas de Alagoinhas. Ao todo, ser\u00e3o\u00a0feitos 235 procedimentos de catarata e 199 de pter\u00edgio, ampliando o acesso da popula\u00e7\u00e3o a tratamentos essenciais para a sa\u00fade ocular.<\/p>\n<p>Os pacientes atendidos passaram por triagem pr\u00e9-operat\u00f3ria no \u00faltimo s\u00e1bado, 29, na Policl\u00ednica Municipal. A sele\u00e7\u00e3o ocorreu conforme encaminhamento das unidades b\u00e1sicas de sa\u00fade, seguindo o fluxo de atendimento definido pela Secretaria de Sa\u00fade para garantir organiza\u00e7\u00e3o e agilidade no processo cir\u00fargico.<\/p><div class=\"newsi-conteudo_19\" id=\"newsi-3073849074\"><a href=\"https:\/\/www.instagram.com\/prefeituraalagoinhas?igsh=YzgzdDJ1bWR3aWI4\" aria-label=\"SAVE_20251006_221555\"><img loading=\"lazy\" decoding=\"async\" src=\"https:\/\/newsinfoco.com.br\/inicio\/wp-content\/uploads\/2025\/10\/SAVE_20251006_221555-rotated.jpg\" alt=\"\"  srcset=\"https:\/\/newsinfoco.com.br\/inicio\/wp-content\/uploads\/2025\/10\/SAVE_20251006_221555-rotated.jpg 1140w, https:\/\/newsinfoco.com.br\/inicio\/wp-content\/uploads\/2025\/10\/SAVE_20251006_221555-300x52.jpg 300w, https:\/\/newsinfoco.com.br\/inicio\/wp-content\/uploads\/2025\/10\/SAVE_20251006_221555-1024x177.jpg 1024w, https:\/\/newsinfoco.com.br\/inicio\/wp-content\/uploads\/2025\/10\/SAVE_20251006_221555-768x133.jpg 768w, https:\/\/newsinfoco.com.br\/inicio\/wp-content\/uploads\/2025\/10\/SAVE_20251006_221555-600x104.jpg 600w, https:\/\/newsinfoco.com.br\/inicio\/wp-content\/uploads\/2025\/10\/SAVE_20251006_221555-696x120.jpg 696w, https:\/\/newsinfoco.com.br\/inicio\/wp-content\/uploads\/2025\/10\/SAVE_20251006_221555-1068x185.jpg 1068w\" sizes=\"(max-width: 1140px) 100vw, 1140px\" width=\"1140\" height=\"197\"   \/><\/a><\/div>\n<p>As revis\u00f5es p\u00f3s-operat\u00f3rias tamb\u00e9m j\u00e1 est\u00e3o programadas. Para os pacientes submetidos \u00e0s cirurgias de catarata, a primeira avalia\u00e7\u00e3o acontecer\u00e1 nesta ter\u00e7a-feira, 2. J\u00e1 as revis\u00f5es das cirurgias de pter\u00edgio ser\u00e3o feitas ap\u00f3s 30 dias da data do procedimento.<\/p>\n<p>A pensionista Maria Jos\u00e9 Barboza, de 75 anos, moradora do Barreiro, estava pronta para realizar a cirurgia de catarata nos dois olhos. \u201cEu sinto muitas dores nos olhos e acho que a cirurgia vai resolver esse problema e melhorar minha vis\u00e3o\u201d, afirmou, destacando a mudan\u00e7a que espera.<\/p>\n<p>\u201cO Centro de Cirurgias Eletivas tem ampliado a capacidade de atendimento e assegurado que a popula\u00e7\u00e3o receba cuidados de sa\u00fade com qualidade e agilidade. A realiza\u00e7\u00e3o dessas cirurgias oftalmol\u00f3gicas refor\u00e7a nosso compromisso com a melhoria cont\u00ednua dos servi\u00e7os e com o bem-estar dos alagoinhenses\u201d, destacou o prefeito Gustavo Carmo, que acompanhou a a\u00e7\u00e3o nas primeiras horas da manh\u00e3.<\/p>\n<p>O secret\u00e1rio de Sa\u00fade, Virg\u00ednio Pereira, tamb\u00e9m enfatizou os benef\u00edcios proporcionados pelos procedimentos. \u201cA catarata e o pter\u00edgio afetam significativamente a vida das pessoas, comprometendo atividades simples do dia a dia. Oferecer essas cirurgias significa devolver autonomia, seguran\u00e7a e qualidade de vida aos pacientes\u201d, afirmou.<\/p>\n<p>Al\u00e9m das cirurgias realizadas nesses dois dias, o Centro de Cirurgias Eletivas seguir\u00e1 com os procedimentos oftalmol\u00f3gicos. No pr\u00f3ximo dia 04 de dezembro, ser\u00e3o feitas as cirurgias de YAG laser, que faz a limpeza das lentes, restaura a clareza da vis\u00e3o e devolve a nitidez ap\u00f3s a cirurgia de catarata.<\/p>\n<p>&nbsp;<\/p>\n<div class='share-to-whatsapp-wrapper'><div class='share-on-whsp'>Share on: <\/div><a data-text='Centro de Cirurgias Eletivas de Alagoinhas realiza mais de 430 cirurgias de catarata e pter\u00edgio' data-link='https:\/\/newsinfoco.com.br\/inicio\/centro-de-cirurgias-eletivas-de-alagoinhas-realiza-mais-de-430-cirurgias-de-catarata-e-pterigio\/' class='whatsapp-button whatsapp-share'>WhatsApp<\/a><div class='clear '><\/div><\/div>","protected":false},"excerpt":{"rendered":"<p>Nesta segunda e ter\u00e7a-feira, 1 e 2, est\u00e3o sendo realizadas cirurgias oftalmol\u00f3gicas no Centro de Cirurgias Eletivas de Alagoinhas. Ao todo, ser\u00e3o\u00a0feitos 235 procedimentos de catarata e 199 de pter\u00edgio, ampliando o acesso da popula\u00e7\u00e3o a tratamentos essenciais para a sa\u00fade ocular. Os pacientes atendidos passaram por triagem pr\u00e9-operat\u00f3ria no \u00faltimo s\u00e1bado, 29, na Policl\u00ednica [&hellip;]<\/p>\n","protected":false},"author":1,"featured_media":48073,"comment_status":"closed","ping_status":"closed","sticky":false,"template":"","format":"standard","meta":{"om_disable_all_campaigns":false,"_exactmetrics_skip_tracking":false,"_exactmetrics_sitenote_active":false,"_exactmetrics_sitenote_note":"","_exactmetrics_sitenote_category":0,"footnotes":""},"categories":[38,167],"tags":[],"class_list":["post-48072","post","type-post","status-publish","format-standard","has-post-thumbnail","hentry","category-alagoinhas-e-regiao","category-exclusivas"],"aioseo_notices":[],"_links":{"self":[{"href":"https:\/\/newsinfoco.com.br\/inicio\/wp-json\/wp\/v2\/posts\/48072","targetHints":{"allow":["GET"]}}],"collection":[{"href":"https:\/\/newsinfoco.com.br\/inicio\/wp-json\/wp\/v2\/posts"}],"about":[{"href":"https:\/\/newsinfoco.com.br\/inicio\/wp-json\/wp\/v2\/types\/post"}],"author":[{"embeddable":true,"href":"https:\/\/newsinfoco.com.br\/inicio\/wp-json\/wp\/v2\/users\/1"}],"replies":[{"embeddable":true,"href":"https:\/\/newsinfoco.com.br\/inicio\/wp-json\/wp\/v2\/comments?post=48072"}],"version-history":[{"count":1,"href":"https:\/\/newsinfoco.com.br\/inicio\/wp-json\/wp\/v2\/posts\/48072\/revisions"}],"predecessor-version":[{"id":48074,"href":"https:\/\/newsinfoco.com.br\/inicio\/wp-json\/wp\/v2\/posts\/48072\/revisions\/48074"}],"wp:featuredmedia":[{"embeddable":true,"href":"https:\/\/newsinfoco.com.br\/inicio\/wp-json\/wp\/v2\/media\/48073"}],"wp:attachment":[{"href":"https:\/\/newsinfoco.com.br\/inicio\/wp-json\/wp\/v2\/media?parent=48072"}],"wp:term":[{"taxonomy":"category","embeddable":true,"href":"https:\/\/newsinfoco.com.br\/inicio\/wp-json\/wp\/v2\/categories?post=48072"},{"taxonomy":"post_tag","embeddable":true,"href":"https:\/\/newsinfoco.com.br\/inicio\/wp-json\/wp\/v2\/tags?post=48072"}],"curies":[{"name":"wp","href":"https:\/\/api.w.org\/{rel}","templated":true}]}}