{"id":48075,"date":"2025-12-01T13:38:10","date_gmt":"2025-12-01T16:38:10","guid":{"rendered":"https:\/\/newsinfoco.com.br\/inicio\/?p=48075"},"modified":"2025-12-01T13:38:10","modified_gmt":"2025-12-01T16:38:10","slug":"saae-iniciara-cobranca-pelo-fornecimento-de-agua-em-guabiraba-oiteiro-e-novo-paraiso-a-partir-de-1o-de-janeiro-de-2026","status":"publish","type":"post","link":"https:\/\/newsinfoco.com.br\/inicio\/saae-iniciara-cobranca-pelo-fornecimento-de-agua-em-guabiraba-oiteiro-e-novo-paraiso-a-partir-de-1o-de-janeiro-de-2026\/","title":{"rendered":"SAAE iniciar\u00e1 cobran\u00e7a pelo fornecimento de \u00e1gua em Guabiraba, Oiteiro e Novo Para\u00edso a partir de 1\u00ba de janeiro de 2026"},"content":{"rendered":"<p>O Servi\u00e7o Aut\u00f4nomo de \u00c1gua e Esgoto (SAAE) informa que, a partir de 1\u00ba de janeiro de 2026, ter\u00e1 in\u00edcio a cobran\u00e7a pelo fornecimento de \u00e1gua nas comunidades de Guabiraba, Oiteiro e Novo Para\u00edso.<\/p>\n<p>Por muitos anos, essas localidades receberam abastecimento de \u00e1gua tratada sem qualquer tarifa, enquanto o SAAE arcava integralmente com os custos de capta\u00e7\u00e3o, tratamento, opera\u00e7\u00e3o, manuten\u00e7\u00e3o e expans\u00e3o das redes. A ado\u00e7\u00e3o da cobran\u00e7a torna-se necess\u00e1ria para garantir a continuidade do servi\u00e7o e permitir que o sistema acompanhe o crescimento e as necessidades das comunidades atendidas.<\/p><div class=\"newsi-conteudo_19\" id=\"newsi-1811989916\"><a href=\"https:\/\/www.instagram.com\/prefeituraalagoinhas?igsh=YzgzdDJ1bWR3aWI4\" aria-label=\"SAVE_20251006_221555\"><img loading=\"lazy\" decoding=\"async\" src=\"https:\/\/newsinfoco.com.br\/inicio\/wp-content\/uploads\/2025\/10\/SAVE_20251006_221555-rotated.jpg\" alt=\"\"  srcset=\"https:\/\/newsinfoco.com.br\/inicio\/wp-content\/uploads\/2025\/10\/SAVE_20251006_221555-rotated.jpg 1140w, https:\/\/newsinfoco.com.br\/inicio\/wp-content\/uploads\/2025\/10\/SAVE_20251006_221555-300x52.jpg 300w, https:\/\/newsinfoco.com.br\/inicio\/wp-content\/uploads\/2025\/10\/SAVE_20251006_221555-1024x177.jpg 1024w, https:\/\/newsinfoco.com.br\/inicio\/wp-content\/uploads\/2025\/10\/SAVE_20251006_221555-768x133.jpg 768w, https:\/\/newsinfoco.com.br\/inicio\/wp-content\/uploads\/2025\/10\/SAVE_20251006_221555-600x104.jpg 600w, https:\/\/newsinfoco.com.br\/inicio\/wp-content\/uploads\/2025\/10\/SAVE_20251006_221555-696x120.jpg 696w, https:\/\/newsinfoco.com.br\/inicio\/wp-content\/uploads\/2025\/10\/SAVE_20251006_221555-1068x185.jpg 1068w\" sizes=\"(max-width: 1140px) 100vw, 1140px\" width=\"1140\" height=\"197\"   \/><\/a><\/div>\n<p>A medida representa um passo importante para fortalecer e modernizar a infraestrutura de abastecimento. Com os recursos provenientes da tarifa, ser\u00e1 poss\u00edvel refor\u00e7ar o fornecimento no Oiteiro, ampliando a estabilidade do sistema; instalar novas redes, qualificando a distribui\u00e7\u00e3o de \u00e1gua; e avan\u00e7ar em melhorias no Novo Para\u00edso, assegurando mais efici\u00eancia e regularidade no atendimento \u00e0 popula\u00e7\u00e3o.<\/p>\n<p>Esses investimentos trar\u00e3o impactos positivos diretos para os moradores, que passar\u00e3o a contar com um servi\u00e7o mais seguro, confi\u00e1vel e preparado para responder ao aumento da demanda.<\/p>\n<p>O SAAE refor\u00e7a o compromisso com a transpar\u00eancia, a responsabilidade e a melhoria cont\u00ednua dos servi\u00e7os prestados, sempre com foco na qualidade do atendimento ao cidad\u00e3o.<\/p>\n<div align=\"right\"><\/div>\n<div class='share-to-whatsapp-wrapper'><div class='share-on-whsp'>Share on: <\/div><a data-text='SAAE iniciar\u00e1 cobran\u00e7a pelo fornecimento de \u00e1gua em Guabiraba, Oiteiro e Novo Para\u00edso a partir de 1\u00ba de janeiro de 2026' data-link='https:\/\/newsinfoco.com.br\/inicio\/saae-iniciara-cobranca-pelo-fornecimento-de-agua-em-guabiraba-oiteiro-e-novo-paraiso-a-partir-de-1o-de-janeiro-de-2026\/' class='whatsapp-button whatsapp-share'>WhatsApp<\/a><div class='clear '><\/div><\/div>","protected":false},"excerpt":{"rendered":"<p>O Servi\u00e7o Aut\u00f4nomo de \u00c1gua e Esgoto (SAAE) informa que, a partir de 1\u00ba de janeiro de 2026, ter\u00e1 in\u00edcio a cobran\u00e7a pelo fornecimento de \u00e1gua nas comunidades de Guabiraba, Oiteiro e Novo Para\u00edso. Por muitos anos, essas localidades receberam abastecimento de \u00e1gua tratada sem qualquer tarifa, enquanto o SAAE arcava integralmente com os custos [&hellip;]<\/p>\n","protected":false},"author":1,"featured_media":48077,"comment_status":"closed","ping_status":"closed","sticky":false,"template":"","format":"standard","meta":{"om_disable_all_campaigns":false,"_exactmetrics_skip_tracking":false,"_exactmetrics_sitenote_active":false,"_exactmetrics_sitenote_note":"","_exactmetrics_sitenote_category":0,"footnotes":""},"categories":[38,167],"tags":[],"class_list":["post-48075","post","type-post","status-publish","format-standard","has-post-thumbnail","hentry","category-alagoinhas-e-regiao","category-exclusivas"],"aioseo_notices":[],"_links":{"self":[{"href":"https:\/\/newsinfoco.com.br\/inicio\/wp-json\/wp\/v2\/posts\/48075","targetHints":{"allow":["GET"]}}],"collection":[{"href":"https:\/\/newsinfoco.com.br\/inicio\/wp-json\/wp\/v2\/posts"}],"about":[{"href":"https:\/\/newsinfoco.com.br\/inicio\/wp-json\/wp\/v2\/types\/post"}],"author":[{"embeddable":true,"href":"https:\/\/newsinfoco.com.br\/inicio\/wp-json\/wp\/v2\/users\/1"}],"replies":[{"embeddable":true,"href":"https:\/\/newsinfoco.com.br\/inicio\/wp-json\/wp\/v2\/comments?post=48075"}],"version-history":[{"count":1,"href":"https:\/\/newsinfoco.com.br\/inicio\/wp-json\/wp\/v2\/posts\/48075\/revisions"}],"predecessor-version":[{"id":48078,"href":"https:\/\/newsinfoco.com.br\/inicio\/wp-json\/wp\/v2\/posts\/48075\/revisions\/48078"}],"wp:featuredmedia":[{"embeddable":true,"href":"https:\/\/newsinfoco.com.br\/inicio\/wp-json\/wp\/v2\/media\/48077"}],"wp:attachment":[{"href":"https:\/\/newsinfoco.com.br\/inicio\/wp-json\/wp\/v2\/media?parent=48075"}],"wp:term":[{"taxonomy":"category","embeddable":true,"href":"https:\/\/newsinfoco.com.br\/inicio\/wp-json\/wp\/v2\/categories?post=48075"},{"taxonomy":"post_tag","embeddable":true,"href":"https:\/\/newsinfoco.com.br\/inicio\/wp-json\/wp\/v2\/tags?post=48075"}],"curies":[{"name":"wp","href":"https:\/\/api.w.org\/{rel}","templated":true}]}}