{"id":48080,"date":"2025-12-01T13:49:35","date_gmt":"2025-12-01T16:49:35","guid":{"rendered":"https:\/\/newsinfoco.com.br\/inicio\/?p=48080"},"modified":"2025-12-01T13:49:35","modified_gmt":"2025-12-01T16:49:35","slug":"alagoinhas-planta-150-mudas-em-regioes-ribeirinhas-e-quilombolas","status":"publish","type":"post","link":"https:\/\/newsinfoco.com.br\/inicio\/alagoinhas-planta-150-mudas-em-regioes-ribeirinhas-e-quilombolas\/","title":{"rendered":"Alagoinhas planta 150 mudas em regi\u00f5es ribeirinhas e quilombolas"},"content":{"rendered":"<p>A Prefeitura de Alagoinhas, por meio da Secretaria de Desenvolvimento Rural e Meio Ambiente (SDRA), promoveu uma s\u00e9rie de a\u00e7\u00f5es alusivas ao Dia do Rio, comemorado em 24 de novembro. O projeto, realizado em parceria com o Cons\u00f3rcio P\u00fablico de Desenvolvimento Sustent\u00e1vel do Territ\u00f3rio Litoral Norte e Agreste Baiano (Codes), focou em atividades de preserva\u00e7\u00e3o e educa\u00e7\u00e3o ambiental, com o plantio de 150 mudas em regi\u00f5es ribeirinhas e quilombolas.<\/p>\n<p>\u201cFizemos a\u00e7\u00f5es de plantios, distribui\u00e7\u00e3o de mudas, mapeamento de \u00e1reas sens\u00edveis e de educa\u00e7\u00e3o ambiental. Hoje, na creche, por exemplo, o objetivo \u00e9 incentivar a comunidade a preservar a natureza, plantar e fazer tudo de bom que a natureza pode receber da gente\u201d, explica a bi\u00f3loga Giovana Oliveira, da SDRA.<\/p><div class=\"newsi-conteudo_19\" id=\"newsi-1439604817\"><a href=\"https:\/\/www.instagram.com\/prefeituraalagoinhas?igsh=YzgzdDJ1bWR3aWI4\" aria-label=\"SAVE_20251006_221555\"><img loading=\"lazy\" decoding=\"async\" src=\"https:\/\/newsinfoco.com.br\/inicio\/wp-content\/uploads\/2025\/10\/SAVE_20251006_221555-rotated.jpg\" alt=\"\"  srcset=\"https:\/\/newsinfoco.com.br\/inicio\/wp-content\/uploads\/2025\/10\/SAVE_20251006_221555-rotated.jpg 1140w, https:\/\/newsinfoco.com.br\/inicio\/wp-content\/uploads\/2025\/10\/SAVE_20251006_221555-300x52.jpg 300w, https:\/\/newsinfoco.com.br\/inicio\/wp-content\/uploads\/2025\/10\/SAVE_20251006_221555-1024x177.jpg 1024w, https:\/\/newsinfoco.com.br\/inicio\/wp-content\/uploads\/2025\/10\/SAVE_20251006_221555-768x133.jpg 768w, https:\/\/newsinfoco.com.br\/inicio\/wp-content\/uploads\/2025\/10\/SAVE_20251006_221555-600x104.jpg 600w, https:\/\/newsinfoco.com.br\/inicio\/wp-content\/uploads\/2025\/10\/SAVE_20251006_221555-696x120.jpg 696w, https:\/\/newsinfoco.com.br\/inicio\/wp-content\/uploads\/2025\/10\/SAVE_20251006_221555-1068x185.jpg 1068w\" sizes=\"(max-width: 1140px) 100vw, 1140px\" width=\"1140\" height=\"197\"   \/><\/a><\/div>\n<p>As mudas foram plantadas em diversas comunidades como a Associa\u00e7\u00e3o da Concei\u00e7\u00e3o, Riacho da Guia; Cangula e Oiteiro, em Boa Uni\u00e3o; Catuzinho, Buri e na Creche Baixa da Candeia. A m\u00e9dia foi de 30 mudas por local. Al\u00e9m da doa\u00e7\u00e3o e do plantio, as equipes realizaram o mapeamento de \u00e1reas que necessitam de mais arboriza\u00e7\u00e3o. \u201cEstamos conversando com as associa\u00e7\u00f5es para poder fazer um trabalho cont\u00ednuo durante todo o ano\u201d, afirma a bi\u00f3loga.<\/p>\n<p>Giovana destaca o papel crucial das \u00e1rvores no equil\u00edbrio h\u00eddrico e clim\u00e1tico da cidade. \u201cA \u00e1rvore permite que a \u00e1gua da chuva encontre o subsolo para que ela consiga emergir em formato de rio, trazendo o ciclo correto da \u00e1gua e chuvas agrad\u00e1veis. Fora que as \u00e1rvores produzem oxig\u00eanio, regulam a temperatura, fazem sombra e atraem p\u00e1ssaros e insetos important\u00edssimos para o meio ambiente\u201d.<\/p>\n<p>A a\u00e7\u00e3o na Creche Municipal da Baixa da Candeia teve um forte impacto nas fam\u00edlias. Eisiane Keila Freitas, m\u00e3e de Ketlen Julie, aluna do G4, emocionou-se com a iniciativa. \u201cEssa a\u00e7\u00e3o de distribui\u00e7\u00e3o de \u00e1rvore para o futuro \u00e9 muito importante. Eu venho da ro\u00e7a, fui criada na natureza e tenho a consci\u00eancia de que essa \u00e9 a maior riqueza que a gente pode deixar para os nossos filhos. E, na inf\u00e2ncia, \u00e9 algo surreal poder criar mem\u00f3rias afetivas, principalmente porque ela ama muito a natureza, \u00e9 apaixonada pelas \u00e1rvores e pelas flores. \u00c9 muito incr\u00edvel. Vamos plantar juntas\u201d, diz Eisiane.<\/p>\n<p>A empresa Ferbasa foi parceira do projeto e doou 200 mudas, distribu\u00eddas entre munic\u00edpios como Entre Rios, Aramari e Cardeal da Silva, potencializando as a\u00e7\u00f5es da Semana do Rio em toda a regi\u00e3o. A SDRA informou que j\u00e1 mant\u00e9m outros projetos de revitaliza\u00e7\u00e3o, em parceria com a empresa, focados nos rios Suba\u00fana, Catu e Pitangas.<\/p>\n<p>&nbsp;<\/p>\n<div class='share-to-whatsapp-wrapper'><div class='share-on-whsp'>Share on: <\/div><a data-text='Alagoinhas planta 150 mudas em regi\u00f5es ribeirinhas e quilombolas' data-link='https:\/\/newsinfoco.com.br\/inicio\/alagoinhas-planta-150-mudas-em-regioes-ribeirinhas-e-quilombolas\/' class='whatsapp-button whatsapp-share'>WhatsApp<\/a><div class='clear '><\/div><\/div>","protected":false},"excerpt":{"rendered":"<p>A Prefeitura de Alagoinhas, por meio da Secretaria de Desenvolvimento Rural e Meio Ambiente (SDRA), promoveu uma s\u00e9rie de a\u00e7\u00f5es alusivas ao Dia do Rio, comemorado em 24 de novembro. O projeto, realizado em parceria com o Cons\u00f3rcio P\u00fablico de Desenvolvimento Sustent\u00e1vel do Territ\u00f3rio Litoral Norte e Agreste Baiano (Codes), focou em atividades de preserva\u00e7\u00e3o [&hellip;]<\/p>\n","protected":false},"author":1,"featured_media":48081,"comment_status":"closed","ping_status":"closed","sticky":false,"template":"","format":"standard","meta":{"om_disable_all_campaigns":false,"_exactmetrics_skip_tracking":false,"_exactmetrics_sitenote_active":false,"_exactmetrics_sitenote_note":"","_exactmetrics_sitenote_category":0,"footnotes":""},"categories":[38,167],"tags":[],"class_list":["post-48080","post","type-post","status-publish","format-standard","has-post-thumbnail","hentry","category-alagoinhas-e-regiao","category-exclusivas"],"aioseo_notices":[],"_links":{"self":[{"href":"https:\/\/newsinfoco.com.br\/inicio\/wp-json\/wp\/v2\/posts\/48080","targetHints":{"allow":["GET"]}}],"collection":[{"href":"https:\/\/newsinfoco.com.br\/inicio\/wp-json\/wp\/v2\/posts"}],"about":[{"href":"https:\/\/newsinfoco.com.br\/inicio\/wp-json\/wp\/v2\/types\/post"}],"author":[{"embeddable":true,"href":"https:\/\/newsinfoco.com.br\/inicio\/wp-json\/wp\/v2\/users\/1"}],"replies":[{"embeddable":true,"href":"https:\/\/newsinfoco.com.br\/inicio\/wp-json\/wp\/v2\/comments?post=48080"}],"version-history":[{"count":1,"href":"https:\/\/newsinfoco.com.br\/inicio\/wp-json\/wp\/v2\/posts\/48080\/revisions"}],"predecessor-version":[{"id":48082,"href":"https:\/\/newsinfoco.com.br\/inicio\/wp-json\/wp\/v2\/posts\/48080\/revisions\/48082"}],"wp:featuredmedia":[{"embeddable":true,"href":"https:\/\/newsinfoco.com.br\/inicio\/wp-json\/wp\/v2\/media\/48081"}],"wp:attachment":[{"href":"https:\/\/newsinfoco.com.br\/inicio\/wp-json\/wp\/v2\/media?parent=48080"}],"wp:term":[{"taxonomy":"category","embeddable":true,"href":"https:\/\/newsinfoco.com.br\/inicio\/wp-json\/wp\/v2\/categories?post=48080"},{"taxonomy":"post_tag","embeddable":true,"href":"https:\/\/newsinfoco.com.br\/inicio\/wp-json\/wp\/v2\/tags?post=48080"}],"curies":[{"name":"wp","href":"https:\/\/api.w.org\/{rel}","templated":true}]}}