{"id":48085,"date":"2025-12-02T16:18:49","date_gmt":"2025-12-02T19:18:49","guid":{"rendered":"https:\/\/newsinfoco.com.br\/inicio\/?p=48085"},"modified":"2025-12-02T16:18:49","modified_gmt":"2025-12-02T19:18:49","slug":"operarios-da-byd-na-bahia-fazem-paralisacao-por-melhores-condicoes-de-trabalho","status":"publish","type":"post","link":"https:\/\/newsinfoco.com.br\/inicio\/operarios-da-byd-na-bahia-fazem-paralisacao-por-melhores-condicoes-de-trabalho\/","title":{"rendered":"Oper\u00e1rios da BYD na Bahia fazem paralisa\u00e7\u00e3o por melhores condi\u00e7\u00f5es de trabalho"},"content":{"rendered":"<p>Na manh\u00e3 desta ter\u00e7a-feira (02), trabalhadores da montadora chinesa\u00a0<strong>BYD<\/strong>\u00a0(Build Your Dreams), localizada em Cama\u00e7ari, paralisaram o servi\u00e7o e aderiram a uma manifesta\u00e7\u00e3o na frente da f\u00e1brica, na Avenida BYD. Eles reivindicam melhores condi\u00e7\u00f5es de trabalho. Uma carta aprovada pelos participantes diz que funcion\u00e1rios das terceirizadas Terra Constru\u00e7\u00f5es, Falc\u00e3o, Valtec e Engenova integram o ato. Segundo os organizadores, cerca de 2 mil trabalhadores participam da paralisa\u00e7\u00e3o.<\/p>\n<p>A manifesta\u00e7\u00e3o \u00e9 pac\u00edfica e a Pol\u00edcia Militar est\u00e1 no local. Giovana Ferreira, 26 anos, aut\u00f4noma e integrante da UP, relatou que a pol\u00edcia teria tentado obrigar os trabalhadores a entrarem na f\u00e1brica, mas estes se recusaram.<\/p><div class=\"newsi-conteudo_19\" id=\"newsi-816750563\"><a href=\"https:\/\/www.instagram.com\/prefeituraalagoinhas?igsh=YzgzdDJ1bWR3aWI4\" aria-label=\"SAVE_20251006_221555\"><img loading=\"lazy\" decoding=\"async\" src=\"https:\/\/newsinfoco.com.br\/inicio\/wp-content\/uploads\/2025\/10\/SAVE_20251006_221555-rotated.jpg\" alt=\"\"  srcset=\"https:\/\/newsinfoco.com.br\/inicio\/wp-content\/uploads\/2025\/10\/SAVE_20251006_221555-rotated.jpg 1140w, https:\/\/newsinfoco.com.br\/inicio\/wp-content\/uploads\/2025\/10\/SAVE_20251006_221555-300x52.jpg 300w, https:\/\/newsinfoco.com.br\/inicio\/wp-content\/uploads\/2025\/10\/SAVE_20251006_221555-1024x177.jpg 1024w, https:\/\/newsinfoco.com.br\/inicio\/wp-content\/uploads\/2025\/10\/SAVE_20251006_221555-768x133.jpg 768w, https:\/\/newsinfoco.com.br\/inicio\/wp-content\/uploads\/2025\/10\/SAVE_20251006_221555-600x104.jpg 600w, https:\/\/newsinfoco.com.br\/inicio\/wp-content\/uploads\/2025\/10\/SAVE_20251006_221555-696x120.jpg 696w, https:\/\/newsinfoco.com.br\/inicio\/wp-content\/uploads\/2025\/10\/SAVE_20251006_221555-1068x185.jpg 1068w\" sizes=\"(max-width: 1140px) 100vw, 1140px\" width=\"1140\" height=\"197\"   \/><\/a><\/div>\n<p>Entre as reivindica\u00e7\u00f5es, est\u00e3o o pagamento de 30% por insalubridade; aumento do aux\u00edlio alimenta\u00e7\u00e3o e transporte; instala\u00e7\u00e3o de bebedouros, vesti\u00e1rios, banheiros e fum\u00f3dromos; disponibiliza\u00e7\u00e3o de mais \u00f4nibus para deslocamento dentro da f\u00e1brica, pois os trabalhadores teriam que caminhar mais de 4 km; regulariza\u00e7\u00e3o do pagamento de sal\u00e1rios e a atualiza\u00e7\u00e3o do piso salarial.<\/p>\n<p>De acordo com a organiza\u00e7\u00e3o do movimento, os participantes aprovaram greve geral no dia nacional de paralisa\u00e7\u00e3o contra a escala 6\u00d71 no Brasil. O protesto \u00e9 organizado pelo Movimento Luta de Classes (MLC) e pela Unidade Popular pelo Socialismo (UP), partido de extrema-esquerda fundado em 2016 e formalizado em 2019.<\/p>\n<p><b>Veja na \u00edntegra a carta de reivindica\u00e7\u00e3o do movimento:<\/b><\/p>\n<p><i>Os trabalhadores das terceirizadas Terra Constru\u00e7\u00f5es, Falc\u00e3o, Valtec, Engenova, realizaram hoje, dia 02 de dezembro de 2025, uma paralisa\u00e7\u00e3o pac\u00edfica no port\u00e3o de entrada da Montadora chinesa BYD, com o objetivo de denunciar as condi\u00e7\u00f5es prec\u00e1rias de trabalho dentro da f\u00e1brica. Exigimos uma solu\u00e7\u00e3o imediata para as seguintes reivindica\u00e7\u00f5es:<\/i><\/p>\n<p><i>\u2013 Pagamento dos 30% de insalubridade<br \/>\n<\/i><i>\u2013 \u2060Mais banheiros qu\u00edmicos e manuten\u00e7\u00e3o da limpeza dos mesmos<br \/>\n<\/i><i>\u2013 \u2060Basta de ass\u00e9dio moral e amea\u00e7as de demiss\u00e3o. Respeito aos direitos e dignidade dos trabalhadores!<br \/>\n<\/i><i>\u2013 \u2060Aumento do aux\u00edlio alimenta\u00e7\u00e3o e transporte. E transporte para os trabalhadores que moram longe! Muitos trabalhadores tem gastado 600 reais ou mais do pr\u00f3prio sal\u00e1rio.<br \/>\n<\/i><i>\u2013 \u2060Instala\u00e7\u00e3o de bebedouros<br \/>\n<\/i><i>\u2013 \u2060Constru\u00e7\u00e3o de vesti\u00e1rios e banheiros<br \/>\n<\/i><i>\u2013 \u2060Constru\u00e7\u00e3o de fum\u00f3dromos<br \/>\n<\/i><i>\u2013 \u2060Cumprimento dos pagamentos de sal\u00e1rios, cesta b\u00e1sico e a quinzena, chega de atraso! Atualiza\u00e7\u00e3o do piso salarial e da cesta b\u00e1sica j\u00e1! O piso atualizado \u00e9 2.658 reais, as terceirizadas est\u00e3o pagando 2.558 reais, ou seja, 100 reais a menos.<br \/>\n<\/i><i>\u2013 \u2060\u2060Disponibiliza\u00e7\u00e3o de mais \u00f4nibus para deslocamento dentro da f\u00e1brica. Os trabalhadores andam mais de 4 km a p\u00e9.<\/i><\/p>\n<p>Segundo o coordenador geral do Sindicato dos Trabalhadores da Constru\u00e7\u00e3o Civil, Montagem e Manuten\u00e7\u00e3o Industrial de Cama\u00e7ari e Regi\u00e3o (Sindticcc), Ant\u00f4nio Ubirajara, conhecido como Bira, o movimento n\u00e3o tem rela\u00e7\u00e3o com o sindicato. \u201cPararam o nosso pessoal. As empresas querem entender. N\u00e3o foi nada orquestrado pela nossa diretoria. N\u00e3o tem ningu\u00e9m do sindicato\u201d, afirmou. Segundo ele, a pauta exigida no protesto n\u00e3o afeta os oper\u00e1rios vinculados ao sindicato, j\u00e1 que trabalham em hor\u00e1rio comercial.<\/p>\n<p>J\u00falio Bonfim, presidente do Sindicato dos Metal\u00fargicos de Cama\u00e7ari (Stim), tamb\u00e9m negou envolvimento na paralisa\u00e7\u00e3o.<\/p>\n<div>\n<div>\n<div class=\"trv-player-container\">\n<div class=\"trv-wrapper\">\n<div id=\"br_video_player_74be53fbc7d14d7eb967ea147751da9dc3c659f9\" class=\"trvd_video_player trvdinstream\">\n<div class=\"media-player\">\n<div class=\"links-overlay\">\n<p>A Pol\u00edcia Militar confirmou que\u00a0guarni\u00e7\u00f5es foram acionadas e iniciaram o processo de negocia\u00e7\u00e3o com o grupo.<br \/>\nO policiamento foi intensificado na regi\u00e3o.<\/p>\n<p>O\u00a0<a href=\"https:\/\/bahia.ba\/\"><b>bahia.ba<\/b><\/a>\u00a0entrou em contato com a BYD e aguarda posicionamento. Assim que a empresa se manifestar, esta reportagem ser\u00e1 atualizada.<\/p>\n<p>Bahia.Ba<\/p>\n<\/div>\n<\/div>\n<div class=\"trv-autoskip-container-compact\">\n<div class=\"trv-autoskip-background-compact\">\n<div class=\"trv-autoskip-line-right\">\n<div class=\"\"><\/div>\n<\/div>\n<div class=\"trv-autoskip-line-bottom\">\n<div class=\"\"><\/div>\n<\/div>\n<div class=\"trv-autoskip-line-left\">\n<div class=\"\"><\/div>\n<\/div>\n<\/div>\n<div class=\"autoskip-btn autoskip-btn-blue-compact autoskip-btn-compact\"><\/div>\n<div class=\"autoskip-btn autoskip-btn-gray-compact autoskip-btn-compact\"><\/div>\n<\/div>\n<div><\/div>\n<p><img decoding=\"async\" src=\"https:\/\/ads.stickyadstv.com\/auto-user-sync?_fw_gdpr=0&amp;_fw_gdpr_consent=\" \/><img decoding=\"async\" src=\"https:\/\/ads.stickyadstv.com\/user-matching?id=2545&amp;_fw_gdpr=0&amp;_fw_gdpr_consent=\" \/><img decoding=\"async\" src=\"https:\/\/sync.smartadserver.com\/getuid?url=https%3A\/\/v6.truvidplayer.com\/live\/usersync.php%3Fprovider_id%3Dequative%26user_id%3D[sas_uid]&amp;gdpr_consent=&amp;nwid=3356\" \/><iframe loading=\"lazy\" id=\"truvid_cnt_prebid_trv_iframe88354\" src=\"about:blank\" width=\"1px\" height=\"1px\" frameborder=\"0\" marginwidth=\"0\" marginheight=\"0\" scrolling=\"NO\" data-mce-fragment=\"1\"><\/iframe><\/p>\n<hr \/>\n<hr \/>\n<\/div>\n<\/div>\n<\/div>\n<\/div>\n<\/div>\n<div class='share-to-whatsapp-wrapper'><div class='share-on-whsp'>Share on: <\/div><a data-text='Oper\u00e1rios da BYD na Bahia fazem paralisa\u00e7\u00e3o por melhores condi\u00e7\u00f5es de trabalho' data-link='https:\/\/newsinfoco.com.br\/inicio\/operarios-da-byd-na-bahia-fazem-paralisacao-por-melhores-condicoes-de-trabalho\/' class='whatsapp-button whatsapp-share'>WhatsApp<\/a><div class='clear '><\/div><\/div>","protected":false},"excerpt":{"rendered":"<p>Na manh\u00e3 desta ter\u00e7a-feira (02), trabalhadores da montadora chinesa\u00a0BYD\u00a0(Build Your Dreams), localizada em Cama\u00e7ari, paralisaram o servi\u00e7o e aderiram a uma manifesta\u00e7\u00e3o na frente da f\u00e1brica, na Avenida BYD. Eles reivindicam melhores condi\u00e7\u00f5es de trabalho. Uma carta aprovada pelos participantes diz que funcion\u00e1rios das terceirizadas Terra Constru\u00e7\u00f5es, Falc\u00e3o, Valtec e Engenova integram o ato. Segundo [&hellip;]<\/p>\n","protected":false},"author":1,"featured_media":48086,"comment_status":"closed","ping_status":"closed","sticky":false,"template":"","format":"standard","meta":{"om_disable_all_campaigns":false,"_exactmetrics_skip_tracking":false,"_exactmetrics_sitenote_active":false,"_exactmetrics_sitenote_note":"","_exactmetrics_sitenote_category":0,"footnotes":""},"categories":[19],"tags":[],"class_list":["post-48085","post","type-post","status-publish","format-standard","has-post-thumbnail","hentry","category-bahia"],"aioseo_notices":[],"_links":{"self":[{"href":"https:\/\/newsinfoco.com.br\/inicio\/wp-json\/wp\/v2\/posts\/48085","targetHints":{"allow":["GET"]}}],"collection":[{"href":"https:\/\/newsinfoco.com.br\/inicio\/wp-json\/wp\/v2\/posts"}],"about":[{"href":"https:\/\/newsinfoco.com.br\/inicio\/wp-json\/wp\/v2\/types\/post"}],"author":[{"embeddable":true,"href":"https:\/\/newsinfoco.com.br\/inicio\/wp-json\/wp\/v2\/users\/1"}],"replies":[{"embeddable":true,"href":"https:\/\/newsinfoco.com.br\/inicio\/wp-json\/wp\/v2\/comments?post=48085"}],"version-history":[{"count":1,"href":"https:\/\/newsinfoco.com.br\/inicio\/wp-json\/wp\/v2\/posts\/48085\/revisions"}],"predecessor-version":[{"id":48087,"href":"https:\/\/newsinfoco.com.br\/inicio\/wp-json\/wp\/v2\/posts\/48085\/revisions\/48087"}],"wp:featuredmedia":[{"embeddable":true,"href":"https:\/\/newsinfoco.com.br\/inicio\/wp-json\/wp\/v2\/media\/48086"}],"wp:attachment":[{"href":"https:\/\/newsinfoco.com.br\/inicio\/wp-json\/wp\/v2\/media?parent=48085"}],"wp:term":[{"taxonomy":"category","embeddable":true,"href":"https:\/\/newsinfoco.com.br\/inicio\/wp-json\/wp\/v2\/categories?post=48085"},{"taxonomy":"post_tag","embeddable":true,"href":"https:\/\/newsinfoco.com.br\/inicio\/wp-json\/wp\/v2\/tags?post=48085"}],"curies":[{"name":"wp","href":"https:\/\/api.w.org\/{rel}","templated":true}]}}