{"id":48091,"date":"2025-12-02T16:38:07","date_gmt":"2025-12-02T19:38:07","guid":{"rendered":"https:\/\/newsinfoco.com.br\/inicio\/?p=48091"},"modified":"2025-12-02T16:38:07","modified_gmt":"2025-12-02T19:38:07","slug":"wagner-diz-que-nao-ha-previsao-para-lula-enviar-indicacao-de-messias-ao-senado","status":"publish","type":"post","link":"https:\/\/newsinfoco.com.br\/inicio\/wagner-diz-que-nao-ha-previsao-para-lula-enviar-indicacao-de-messias-ao-senado\/","title":{"rendered":"Wagner diz que n\u00e3o h\u00e1 previs\u00e3o para Lula enviar indica\u00e7\u00e3o de Messias ao Senado"},"content":{"rendered":"<p>O l\u00edder do governo no Senado, Jaques Wagner (PT), afirmou nesta ter\u00e7a-feira (2) que ainda n\u00e3o existe previs\u00e3o para que o Senado receba a\u00a0<a href=\"https:\/\/bahia.ba\/politica\/indicacao-de-messias-ao-stf-enfrenta-resistencia-e-lula-tera-de-pedir-votos\/\">mensagem oficial indicando o Advogado-Geral da Uni\u00e3o, Jorge Messias,<\/a>\u00a0para a vaga no Supremo Tribunal Federal (STF).<\/p>\n<p>\u201cQuem vai mandar a mensagem \u00e9 o presidente da Rep\u00fablica. Eles est\u00e3o l\u00e1 recolhendo os pap\u00e9is. N\u00e3o tem data marcada ou previs\u00e3o [para o envio da mensagem ao Congresso]\u201d, declarou Wagner.<\/p><div class=\"newsi-conteudo_19\" id=\"newsi-84543617\"><a href=\"https:\/\/www.instagram.com\/prefeituraalagoinhas?igsh=YzgzdDJ1bWR3aWI4\" aria-label=\"SAVE_20251006_221555\"><img loading=\"lazy\" decoding=\"async\" src=\"https:\/\/newsinfoco.com.br\/inicio\/wp-content\/uploads\/2025\/10\/SAVE_20251006_221555-rotated.jpg\" alt=\"\"  srcset=\"https:\/\/newsinfoco.com.br\/inicio\/wp-content\/uploads\/2025\/10\/SAVE_20251006_221555-rotated.jpg 1140w, https:\/\/newsinfoco.com.br\/inicio\/wp-content\/uploads\/2025\/10\/SAVE_20251006_221555-300x52.jpg 300w, https:\/\/newsinfoco.com.br\/inicio\/wp-content\/uploads\/2025\/10\/SAVE_20251006_221555-1024x177.jpg 1024w, https:\/\/newsinfoco.com.br\/inicio\/wp-content\/uploads\/2025\/10\/SAVE_20251006_221555-768x133.jpg 768w, https:\/\/newsinfoco.com.br\/inicio\/wp-content\/uploads\/2025\/10\/SAVE_20251006_221555-600x104.jpg 600w, https:\/\/newsinfoco.com.br\/inicio\/wp-content\/uploads\/2025\/10\/SAVE_20251006_221555-696x120.jpg 696w, https:\/\/newsinfoco.com.br\/inicio\/wp-content\/uploads\/2025\/10\/SAVE_20251006_221555-1068x185.jpg 1068w\" sizes=\"(max-width: 1140px) 100vw, 1140px\" width=\"1140\" height=\"197\"   \/><\/a><\/div>\n<p>O envio da indica\u00e7\u00e3o depende de uma s\u00e9rie de requisitos previstos no regimento interno do Senado. Entre as informa\u00e7\u00f5es que o Executivo precisa reunir est\u00e3o declara\u00e7\u00f5es de regularidade fiscal, dados sobre eventual participa\u00e7\u00e3o societ\u00e1ria do indicado em empresas e informa\u00e7\u00f5es sobre parentes que tenham exercido atividades relacionadas \u00e0 \u00e1rea de atua\u00e7\u00e3o profissional do indicado.<\/p>\n<div>\n<div>\n<div class=\"trv-player-container\">\n<div class=\"trv-wrapper\">\n<div id=\"br_video_player_17c539fb658119dff9faea147751da9dc3c659f9\" class=\"trvd_video_player trvdfloater trv-right\">\n<div class=\"media-player\">\n<div class=\"trv-video\">\n<div id=\"truvid_ima_container1490\" class=\"truvid_ima_container\">\n<div>\n<div><\/div>\n<\/div>\n<\/div>\n<\/div>\n<\/div>\n<div>\n<div>\n<div class=\"trv-player-container\">\n<div class=\"trv-wrapper\">\n<div id=\"br_video_player_17c539fb658119dff9faea147751da9dc3c659f9\" class=\"trvd_video_player trvdfloater trv-right\">\n<div>\n<div>\n<div class=\"trv-player-container\">\n<div class=\"trv-wrapper\">\n<div id=\"br_video_player_17c539fb658119dff9faea147751da9dc3c659f9\" class=\"trvd_video_player trvdfloater trv-right\">\n<div>\n<div>\n<div class=\"trv-player-container\">\n<div class=\"trv-wrapper\">\n<div id=\"br_video_player_17c539fb658119dff9faea147751da9dc3c659f9\" class=\"trvd_video_player trvdfloater trv-right\">\n<div>\n<div>\n<div class=\"trv-player-container\">\n<div class=\"trv-wrapper\">\n<div id=\"br_video_player_17c539fb658119dff9faea147751da9dc3c659f9\" class=\"trvd_video_player trvdfloater trv-right\">\n<div>\n<div>\n<div class=\"trv-player-container\">\n<div class=\"trv-wrapper\">\n<div id=\"br_video_player_17c539fb658119dff9faea147751da9dc3c659f9\" class=\"trvd_video_player trvdfloater trv-right\">\n<div class=\"conteudo_post\">\n<p>No Senado, parte expressiva da Casa defendia que o escolhido fosse o senador Rodrigo Pacheco (PSD). Por\u00e9m, apesar do clima desfavor\u00e1vel e das articula\u00e7\u00f5es ainda em andamento, Wagner disse acreditar que Messias teria votos suficientes para ser aprovado, caso a an\u00e1lise ocorresse hoje.<\/p>\n<p>\u201cEu acho [que Messias seria aprovado se a vota\u00e7\u00e3o fosse hoje]. Eu sou sempre comedido. Mapa de votos na vota\u00e7\u00e3o secreta \u00e9 uma coisa bem dif\u00edcil de fazer\u201d, declarou o l\u00edder do governo.<\/p>\n<\/div>\n<div id=\"author-info\" class=\"ui items\">\n<div class=\"item\">Bahia.Ba<\/div>\n<\/div>\n<\/div>\n<\/div>\n<\/div>\n<\/div>\n<\/div>\n<\/div>\n<\/div>\n<\/div>\n<\/div>\n<\/div>\n<\/div>\n<\/div>\n<\/div>\n<\/div>\n<\/div>\n<\/div>\n<\/div>\n<\/div>\n<\/div>\n<\/div>\n<\/div>\n<\/div>\n<\/div>\n<\/div>\n<\/div>\n<\/div>\n<\/div>\n<\/div>\n<\/div>\n<\/div>\n<div class='share-to-whatsapp-wrapper'><div class='share-on-whsp'>Share on: <\/div><a data-text='Wagner diz que n\u00e3o h\u00e1 previs\u00e3o para Lula enviar indica\u00e7\u00e3o de Messias ao Senado' data-link='https:\/\/newsinfoco.com.br\/inicio\/wagner-diz-que-nao-ha-previsao-para-lula-enviar-indicacao-de-messias-ao-senado\/' class='whatsapp-button whatsapp-share'>WhatsApp<\/a><div class='clear '><\/div><\/div>","protected":false},"excerpt":{"rendered":"<p>O l\u00edder do governo no Senado, Jaques Wagner (PT), afirmou nesta ter\u00e7a-feira (2) que ainda n\u00e3o existe previs\u00e3o para que o Senado receba a\u00a0mensagem oficial indicando o Advogado-Geral da Uni\u00e3o, Jorge Messias,\u00a0para a vaga no Supremo Tribunal Federal (STF). \u201cQuem vai mandar a mensagem \u00e9 o presidente da Rep\u00fablica. Eles est\u00e3o l\u00e1 recolhendo os pap\u00e9is. [&hellip;]<\/p>\n","protected":false},"author":1,"featured_media":48092,"comment_status":"closed","ping_status":"closed","sticky":false,"template":"","format":"standard","meta":{"om_disable_all_campaigns":false,"_exactmetrics_skip_tracking":false,"_exactmetrics_sitenote_active":false,"_exactmetrics_sitenote_note":"","_exactmetrics_sitenote_category":0,"footnotes":""},"categories":[21],"tags":[],"class_list":["post-48091","post","type-post","status-publish","format-standard","has-post-thumbnail","hentry","category-brasil"],"aioseo_notices":[],"_links":{"self":[{"href":"https:\/\/newsinfoco.com.br\/inicio\/wp-json\/wp\/v2\/posts\/48091","targetHints":{"allow":["GET"]}}],"collection":[{"href":"https:\/\/newsinfoco.com.br\/inicio\/wp-json\/wp\/v2\/posts"}],"about":[{"href":"https:\/\/newsinfoco.com.br\/inicio\/wp-json\/wp\/v2\/types\/post"}],"author":[{"embeddable":true,"href":"https:\/\/newsinfoco.com.br\/inicio\/wp-json\/wp\/v2\/users\/1"}],"replies":[{"embeddable":true,"href":"https:\/\/newsinfoco.com.br\/inicio\/wp-json\/wp\/v2\/comments?post=48091"}],"version-history":[{"count":1,"href":"https:\/\/newsinfoco.com.br\/inicio\/wp-json\/wp\/v2\/posts\/48091\/revisions"}],"predecessor-version":[{"id":48093,"href":"https:\/\/newsinfoco.com.br\/inicio\/wp-json\/wp\/v2\/posts\/48091\/revisions\/48093"}],"wp:featuredmedia":[{"embeddable":true,"href":"https:\/\/newsinfoco.com.br\/inicio\/wp-json\/wp\/v2\/media\/48092"}],"wp:attachment":[{"href":"https:\/\/newsinfoco.com.br\/inicio\/wp-json\/wp\/v2\/media?parent=48091"}],"wp:term":[{"taxonomy":"category","embeddable":true,"href":"https:\/\/newsinfoco.com.br\/inicio\/wp-json\/wp\/v2\/categories?post=48091"},{"taxonomy":"post_tag","embeddable":true,"href":"https:\/\/newsinfoco.com.br\/inicio\/wp-json\/wp\/v2\/tags?post=48091"}],"curies":[{"name":"wp","href":"https:\/\/api.w.org\/{rel}","templated":true}]}}