{"id":48100,"date":"2025-12-02T17:07:49","date_gmt":"2025-12-02T20:07:49","guid":{"rendered":"https:\/\/newsinfoco.com.br\/inicio\/?p=48100"},"modified":"2025-12-02T17:07:49","modified_gmt":"2025-12-02T20:07:49","slug":"vale-negocia-complexo-eolico-de-companhia-francesa-no-interior-da-bahia-diz-jornal","status":"publish","type":"post","link":"https:\/\/newsinfoco.com.br\/inicio\/vale-negocia-complexo-eolico-de-companhia-francesa-no-interior-da-bahia-diz-jornal\/","title":{"rendered":"Vale negocia complexo e\u00f3lico de companhia francesa no interior da Bahia, diz jornal"},"content":{"rendered":"<p>A gigante da minera\u00e7\u00e3o Vale e a companhia francesa de gera\u00e7\u00e3o e comercializa\u00e7\u00e3o de energia EDF fecharam um acordo de outorga que abre caminho para a Vale explorar o complexo e\u00f3lico Jacobina, cidade do norte da Bahia. O neg\u00f3cio, cujo valor n\u00e3o foi divulgado, visa principalmente fornecer energia renov\u00e1vel para as opera\u00e7\u00f5es de cobre e n\u00edquel da Vale no Par\u00e1.<\/p>\n<p>As informa\u00e7\u00f5es foram reveladas pela coluna\u00a0<i>Painel S.A<\/i>\u00a0da\u00a0<i>Folha de S. Paulo<\/i>. O acordo estabelece uma op\u00e7\u00e3o de compra para a Vale adquirir at\u00e9 95% das a\u00e7\u00f5es do complexo e\u00f3lico. Essa participa\u00e7\u00e3o ser\u00e1 detida por uma\u00a0<i>holding<\/i>\u00a0que ser\u00e1 criada pela EDF para o efeito.<\/p><div class=\"newsi-conteudo_19\" id=\"newsi-2379869546\"><a href=\"https:\/\/www.instagram.com\/prefeituraalagoinhas?igsh=YzgzdDJ1bWR3aWI4\" aria-label=\"SAVE_20251006_221555\"><img loading=\"lazy\" decoding=\"async\" src=\"https:\/\/newsinfoco.com.br\/inicio\/wp-content\/uploads\/2025\/10\/SAVE_20251006_221555-rotated.jpg\" alt=\"\"  srcset=\"https:\/\/newsinfoco.com.br\/inicio\/wp-content\/uploads\/2025\/10\/SAVE_20251006_221555-rotated.jpg 1140w, https:\/\/newsinfoco.com.br\/inicio\/wp-content\/uploads\/2025\/10\/SAVE_20251006_221555-300x52.jpg 300w, https:\/\/newsinfoco.com.br\/inicio\/wp-content\/uploads\/2025\/10\/SAVE_20251006_221555-1024x177.jpg 1024w, https:\/\/newsinfoco.com.br\/inicio\/wp-content\/uploads\/2025\/10\/SAVE_20251006_221555-768x133.jpg 768w, https:\/\/newsinfoco.com.br\/inicio\/wp-content\/uploads\/2025\/10\/SAVE_20251006_221555-600x104.jpg 600w, https:\/\/newsinfoco.com.br\/inicio\/wp-content\/uploads\/2025\/10\/SAVE_20251006_221555-696x120.jpg 696w, https:\/\/newsinfoco.com.br\/inicio\/wp-content\/uploads\/2025\/10\/SAVE_20251006_221555-1068x185.jpg 1068w\" sizes=\"(max-width: 1140px) 100vw, 1140px\" width=\"1140\" height=\"197\"   \/><\/a><\/div>\n<p>O objetivo da Vale com esta aquisi\u00e7\u00e3o estrat\u00e9gica \u00e9 garantir o suprimento da alta demanda de energia de suas subsidi\u00e1rias no Norte, especificamente a Salobo Metais (cobre) e a Minera\u00e7\u00e3o On\u00e7a Puma (n\u00edquel), localizadas no Par\u00e1. A transa\u00e7\u00e3o est\u00e1 em linha com o compromisso da mineradora de manter sua matriz energ\u00e9tica 100% renov\u00e1vel.<\/p>\n<p>O complexo Jacobina est\u00e1 na Bahia, mas a energia gerada ser\u00e1 direcionada para as opera\u00e7\u00f5es no Norte do pa\u00eds, permitindo que a Vale mantenha sua matriz energ\u00e9tica totalmente renov\u00e1vel. Eventual energia excedente que n\u00e3o for consumida ser\u00e1 destinada \u00e0 comercializa\u00e7\u00e3o no mercado.<\/p>\n<div>\n<div>\n<div class=\"trv-player-container\">\n<div class=\"trv-wrapper\">\n<div id=\"br_video_player_3e93637c62d2dbcea4eaea147751da9dc3c659f9\" class=\"trvd_video_player trvdfloater trv-right\">\n<div class=\"media-player\">\n<div class=\"trv-video\">\n<div id=\"truvid_ima_container135\" class=\"truvid_ima_container\">\n<div>\n<div>\n<div class=\"conteudo_post\">\n<p>A Vale afirmou, em nota \u00e0 coluna, que a negocia\u00e7\u00e3o \u00e9 uma \u201cimportante alavanca para a competitividade\u201d de suas opera\u00e7\u00f5es e refor\u00e7a a meta, j\u00e1 alcan\u00e7ada em 2023, de consumir 100% da eletricidade no Brasil a partir de fontes renov\u00e1veis. A concretiza\u00e7\u00e3o do neg\u00f3cio ainda depende da aprova\u00e7\u00e3o do Cade (Conselho Administrativo de Defesa Econ\u00f4mica).<\/p>\n<p>Apesar do foco na energia limpa, as opera\u00e7\u00f5es da Vale no Par\u00e1, como a Salobo Metais, na regi\u00e3o da Serra dos Caraj\u00e1s e a Minera\u00e7\u00e3o On\u00e7a Puma, em Ouril\u00e2ndia do Norte, s\u00e3o alvo constante de cr\u00edticas e a\u00e7\u00f5es judiciais. As paralisa\u00e7\u00f5es se devem a acusa\u00e7\u00f5es de descumprimento de regras ambientais e impactos na vida de povos ind\u00edgenas causados pelas mineradoras.<\/p>\n<\/div>\n<div id=\"author-info\" class=\"ui items\">\n<div class=\"item\">Bahia.Ba<\/div>\n<\/div>\n<\/div>\n<\/div>\n<\/div>\n<\/div>\n<\/div>\n<\/div>\n<\/div>\n<\/div>\n<\/div>\n<\/div>\n<div class='share-to-whatsapp-wrapper'><div class='share-on-whsp'>Share on: <\/div><a data-text='Vale negocia complexo e\u00f3lico de companhia francesa no interior da Bahia, diz jornal' data-link='https:\/\/newsinfoco.com.br\/inicio\/vale-negocia-complexo-eolico-de-companhia-francesa-no-interior-da-bahia-diz-jornal\/' class='whatsapp-button whatsapp-share'>WhatsApp<\/a><div class='clear '><\/div><\/div>","protected":false},"excerpt":{"rendered":"<p>A gigante da minera\u00e7\u00e3o Vale e a companhia francesa de gera\u00e7\u00e3o e comercializa\u00e7\u00e3o de energia EDF fecharam um acordo de outorga que abre caminho para a Vale explorar o complexo e\u00f3lico Jacobina, cidade do norte da Bahia. O neg\u00f3cio, cujo valor n\u00e3o foi divulgado, visa principalmente fornecer energia renov\u00e1vel para as opera\u00e7\u00f5es de cobre e [&hellip;]<\/p>\n","protected":false},"author":1,"featured_media":48101,"comment_status":"closed","ping_status":"closed","sticky":false,"template":"","format":"standard","meta":{"om_disable_all_campaigns":false,"_exactmetrics_skip_tracking":false,"_exactmetrics_sitenote_active":false,"_exactmetrics_sitenote_note":"","_exactmetrics_sitenote_category":0,"footnotes":""},"categories":[19],"tags":[],"class_list":["post-48100","post","type-post","status-publish","format-standard","has-post-thumbnail","hentry","category-bahia"],"aioseo_notices":[],"_links":{"self":[{"href":"https:\/\/newsinfoco.com.br\/inicio\/wp-json\/wp\/v2\/posts\/48100","targetHints":{"allow":["GET"]}}],"collection":[{"href":"https:\/\/newsinfoco.com.br\/inicio\/wp-json\/wp\/v2\/posts"}],"about":[{"href":"https:\/\/newsinfoco.com.br\/inicio\/wp-json\/wp\/v2\/types\/post"}],"author":[{"embeddable":true,"href":"https:\/\/newsinfoco.com.br\/inicio\/wp-json\/wp\/v2\/users\/1"}],"replies":[{"embeddable":true,"href":"https:\/\/newsinfoco.com.br\/inicio\/wp-json\/wp\/v2\/comments?post=48100"}],"version-history":[{"count":1,"href":"https:\/\/newsinfoco.com.br\/inicio\/wp-json\/wp\/v2\/posts\/48100\/revisions"}],"predecessor-version":[{"id":48102,"href":"https:\/\/newsinfoco.com.br\/inicio\/wp-json\/wp\/v2\/posts\/48100\/revisions\/48102"}],"wp:featuredmedia":[{"embeddable":true,"href":"https:\/\/newsinfoco.com.br\/inicio\/wp-json\/wp\/v2\/media\/48101"}],"wp:attachment":[{"href":"https:\/\/newsinfoco.com.br\/inicio\/wp-json\/wp\/v2\/media?parent=48100"}],"wp:term":[{"taxonomy":"category","embeddable":true,"href":"https:\/\/newsinfoco.com.br\/inicio\/wp-json\/wp\/v2\/categories?post=48100"},{"taxonomy":"post_tag","embeddable":true,"href":"https:\/\/newsinfoco.com.br\/inicio\/wp-json\/wp\/v2\/tags?post=48100"}],"curies":[{"name":"wp","href":"https:\/\/api.w.org\/{rel}","templated":true}]}}