{"id":48105,"date":"2025-12-02T17:27:31","date_gmt":"2025-12-02T20:27:31","guid":{"rendered":"https:\/\/newsinfoco.com.br\/inicio\/?p=48105"},"modified":"2025-12-02T17:27:31","modified_gmt":"2025-12-02T20:27:31","slug":"presidente-do-pco-tera-de-indenizar-deputado-por-ofensas-palhaco-nazistinha-e-genocida","status":"publish","type":"post","link":"https:\/\/newsinfoco.com.br\/inicio\/presidente-do-pco-tera-de-indenizar-deputado-por-ofensas-palhaco-nazistinha-e-genocida\/","title":{"rendered":"Presidente do PCO ter\u00e1 de indenizar deputado por ofensas: \u2018palha\u00e7o, nazistinha e genocida\u2019"},"content":{"rendered":"<p>O ministro do Supremo Tribunal Federal (STF), Fl\u00e1vio Dino, negou o recurso apresentado pelo presidente do Partido da Causa Oper\u00e1ria (PCO), Rui Costa Pimenta, mantendo a decis\u00e3o que o obriga a indenizar o deputado federal Kim Kataguiri (Uni\u00e3o-SP) em R$ 10 mil por danos morais e ofensa \u00e0 honra.<\/p>\n<p>A informa\u00e7\u00e3o foi divulgada pela coluna de\u00a0<i>Lauro Jardim<\/i>\u00a0do\u00a0<i>O Globo<\/i>\u00a0nesta segunda-feira (1\u00ba). A condena\u00e7\u00e3o se deu em fun\u00e7\u00e3o de declara\u00e7\u00f5es feitas por Pimenta nas redes sociais, onde ele chamou Kataguiri de \u201cpalha\u00e7o\u201d, \u201cgenocida\u201d e \u201cnazistinha\u201d. As ofensas ocorreram em fevereiro de 2024, ap\u00f3s o deputado, que \u00e9 ligado ao MBL, protocolar uma a\u00e7\u00e3o popular na Justi\u00e7a Federal.<\/p><div class=\"newsi-conteudo_19\" id=\"newsi-3323939595\"><a href=\"https:\/\/www.instagram.com\/prefeituraalagoinhas?igsh=YzgzdDJ1bWR3aWI4\" aria-label=\"SAVE_20251006_221555\"><img loading=\"lazy\" decoding=\"async\" src=\"https:\/\/newsinfoco.com.br\/inicio\/wp-content\/uploads\/2025\/10\/SAVE_20251006_221555-rotated.jpg\" alt=\"\"  srcset=\"https:\/\/newsinfoco.com.br\/inicio\/wp-content\/uploads\/2025\/10\/SAVE_20251006_221555-rotated.jpg 1140w, https:\/\/newsinfoco.com.br\/inicio\/wp-content\/uploads\/2025\/10\/SAVE_20251006_221555-300x52.jpg 300w, https:\/\/newsinfoco.com.br\/inicio\/wp-content\/uploads\/2025\/10\/SAVE_20251006_221555-1024x177.jpg 1024w, https:\/\/newsinfoco.com.br\/inicio\/wp-content\/uploads\/2025\/10\/SAVE_20251006_221555-768x133.jpg 768w, https:\/\/newsinfoco.com.br\/inicio\/wp-content\/uploads\/2025\/10\/SAVE_20251006_221555-600x104.jpg 600w, https:\/\/newsinfoco.com.br\/inicio\/wp-content\/uploads\/2025\/10\/SAVE_20251006_221555-696x120.jpg 696w, https:\/\/newsinfoco.com.br\/inicio\/wp-content\/uploads\/2025\/10\/SAVE_20251006_221555-1068x185.jpg 1068w\" sizes=\"(max-width: 1140px) 100vw, 1140px\" width=\"1140\" height=\"197\"   \/><\/a><\/div>\n<p>As declara\u00e7\u00f5es de Pimenta foram uma rea\u00e7\u00e3o \u00e0 a\u00e7\u00e3o popular de Kataguiri, que pedia a interrup\u00e7\u00e3o do repasse de recursos federais brasileiros para a Ag\u00eancia das Na\u00e7\u00f5es Unidas de Assist\u00eancia e Obras para os Refugiados da Palestina no Oriente Pr\u00f3ximo (UNRWA). Kataguiri alegava, em sua a\u00e7\u00e3o, a possibilidade de desvios desse financiamento para o grupo Hamas.<\/p>\n<p>O presidente do PCO argumentou que o objetivo da a\u00e7\u00e3o de Kataguiri era inviabilizar a entrega de ajuda humanit\u00e1ria aos palestinos, o que, em sua vis\u00e3o, caracterizaria genoc\u00eddio e nazismo.<\/p>\n<p>A decis\u00e3o de Dino, relator do recurso no STF, confirmou o entendimento pr\u00e9vio do Tribunal de Justi\u00e7a do Distrito Federal e dos Territ\u00f3rios (TJDFT) de que Pimenta abusou do direito \u00e0 liberdade de express\u00e3o. A Justi\u00e7a considerou que, ao proferir os termos, Pimenta ultrapassou os limites constitucionais da manifesta\u00e7\u00e3o do pensamento.<\/p>\n<p>\u201cEsta Suprema Corte tamb\u00e9m j\u00e1 firmou entendimento no sentido de que n\u00e3o constitui restri\u00e7\u00e3o \u00e0 liberdade de express\u00e3o a interven\u00e7\u00e3o do Poder Judici\u00e1rio quando o agente exerce seu direito de manifesta\u00e7\u00e3o do pensamento excedendo os limites impostos pelo pr\u00f3prio ordenamento constitucional e que a liberdade de express\u00e3o n\u00e3o alcan\u00e7a a pr\u00e1tica de discursos dolosos, com intuito manifesto de difamar ou injuriar a pessoa em sua esfera privada\u201d, escreveu Dino na decis\u00e3o.<\/p>\n<div>\n<div>\n<div class=\"trv-player-container\">\n<div class=\"trv-wrapper\">\n<div id=\"br_video_player_c532792e541bd9c30516ea147751da9dc3c659f9\" class=\"trvd_video_player trvdfloater trv-right\">\n<div class=\"media-player\">\n<div class=\"trv-video\">\n<div id=\"truvid_ima_container14460\" class=\"truvid_ima_container\">\n<div>\n<div>\n<div class=\"conteudo_post\">\n<p>A condena\u00e7\u00e3o reconhece que as declara\u00e7\u00f5es foram ofensivas \u00e0 honra do deputado e que Pimenta extrapolou o direito de cr\u00edtica pol\u00edtica, \u201ccontrariando seu fim social, a boa-f\u00e9 e os bons costumes\u201d.<\/p>\n<p>Pimenta perdeu em primeira inst\u00e2ncia e teve seu recurso negado tanto pelo TJDFT quanto, agora, pela mais alta corte do pa\u00eds.<\/p>\n<\/div>\n<div id=\"author-info\" class=\"ui items\">\n<div class=\"item\">Bahia.Ba<\/div>\n<\/div>\n<\/div>\n<\/div>\n<\/div>\n<\/div>\n<\/div>\n<\/div>\n<\/div>\n<\/div>\n<\/div>\n<\/div>\n<div class='share-to-whatsapp-wrapper'><div class='share-on-whsp'>Share on: <\/div><a data-text='Presidente do PCO ter\u00e1 de indenizar deputado por ofensas: \u2018palha\u00e7o, nazistinha e genocida\u2019' data-link='https:\/\/newsinfoco.com.br\/inicio\/presidente-do-pco-tera-de-indenizar-deputado-por-ofensas-palhaco-nazistinha-e-genocida\/' class='whatsapp-button whatsapp-share'>WhatsApp<\/a><div class='clear '><\/div><\/div>","protected":false},"excerpt":{"rendered":"<p>O ministro do Supremo Tribunal Federal (STF), Fl\u00e1vio Dino, negou o recurso apresentado pelo presidente do Partido da Causa Oper\u00e1ria (PCO), Rui Costa Pimenta, mantendo a decis\u00e3o que o obriga a indenizar o deputado federal Kim Kataguiri (Uni\u00e3o-SP) em R$ 10 mil por danos morais e ofensa \u00e0 honra. A informa\u00e7\u00e3o foi divulgada pela coluna [&hellip;]<\/p>\n","protected":false},"author":1,"featured_media":48106,"comment_status":"closed","ping_status":"closed","sticky":false,"template":"","format":"standard","meta":{"om_disable_all_campaigns":false,"_exactmetrics_skip_tracking":false,"_exactmetrics_sitenote_active":false,"_exactmetrics_sitenote_note":"","_exactmetrics_sitenote_category":0,"footnotes":""},"categories":[21],"tags":[],"class_list":["post-48105","post","type-post","status-publish","format-standard","has-post-thumbnail","hentry","category-brasil"],"aioseo_notices":[],"_links":{"self":[{"href":"https:\/\/newsinfoco.com.br\/inicio\/wp-json\/wp\/v2\/posts\/48105","targetHints":{"allow":["GET"]}}],"collection":[{"href":"https:\/\/newsinfoco.com.br\/inicio\/wp-json\/wp\/v2\/posts"}],"about":[{"href":"https:\/\/newsinfoco.com.br\/inicio\/wp-json\/wp\/v2\/types\/post"}],"author":[{"embeddable":true,"href":"https:\/\/newsinfoco.com.br\/inicio\/wp-json\/wp\/v2\/users\/1"}],"replies":[{"embeddable":true,"href":"https:\/\/newsinfoco.com.br\/inicio\/wp-json\/wp\/v2\/comments?post=48105"}],"version-history":[{"count":1,"href":"https:\/\/newsinfoco.com.br\/inicio\/wp-json\/wp\/v2\/posts\/48105\/revisions"}],"predecessor-version":[{"id":48107,"href":"https:\/\/newsinfoco.com.br\/inicio\/wp-json\/wp\/v2\/posts\/48105\/revisions\/48107"}],"wp:featuredmedia":[{"embeddable":true,"href":"https:\/\/newsinfoco.com.br\/inicio\/wp-json\/wp\/v2\/media\/48106"}],"wp:attachment":[{"href":"https:\/\/newsinfoco.com.br\/inicio\/wp-json\/wp\/v2\/media?parent=48105"}],"wp:term":[{"taxonomy":"category","embeddable":true,"href":"https:\/\/newsinfoco.com.br\/inicio\/wp-json\/wp\/v2\/categories?post=48105"},{"taxonomy":"post_tag","embeddable":true,"href":"https:\/\/newsinfoco.com.br\/inicio\/wp-json\/wp\/v2\/tags?post=48105"}],"curies":[{"name":"wp","href":"https:\/\/api.w.org\/{rel}","templated":true}]}}