{"id":48111,"date":"2025-12-02T17:46:56","date_gmt":"2025-12-02T20:46:56","guid":{"rendered":"https:\/\/newsinfoco.com.br\/inicio\/?p=48111"},"modified":"2025-12-02T17:46:56","modified_gmt":"2025-12-02T20:46:56","slug":"prefeito-gustavo-carmo-se-reune-com-moradores-do-catuzinho-e-buri-para-ouvir-demandas-das-comunidades","status":"publish","type":"post","link":"https:\/\/newsinfoco.com.br\/inicio\/prefeito-gustavo-carmo-se-reune-com-moradores-do-catuzinho-e-buri-para-ouvir-demandas-das-comunidades\/","title":{"rendered":"Prefeito Gustavo Carmo se re\u00fane com moradores do Catuzinho e Buri para ouvir demandas das comunidades"},"content":{"rendered":"<p>Na noite dessa segunda-feira, 1\u2070 de dezembro, o prefeito Gustavo Carmo, acompanhado por membros do secretariado municipal, se reuniu com moradores das comunidades Catuzinho e Buri para uma roda de escuta direta com a popula\u00e7\u00e3o. Foram discutidas e encaminhadas diversas demandas relacionadas \u00e0s \u00e1reas de educa\u00e7\u00e3o, sa\u00fade e mobilidade urbana.<\/p>\n<p>O presidente da Associa\u00e7\u00e3o de Moradores do Buri, Elielson Sampaio, enfatizou que, sempre que necess\u00e1rio, os moradores fazem a solicita\u00e7\u00e3o ao prefeito. \u201cGustavo Carmo \u00e9 muito atencioso com o Buri, e quando necessitamos que se fa\u00e7a presente, ele sempre ouve as nossas solicita\u00e7\u00f5es. Trouxemos quest\u00f5es nos segmentos da sa\u00fade, transporte p\u00fablico e educa\u00e7\u00e3o. O gestor anotou tudo, pontuando que ir\u00e1 nos atender. Para a nossa comunidade, esse tipo de encontro \u00e9 importante, pois mostra o apoio do poder p\u00fablico e o nosso empenho enquanto cidad\u00e3os para que as coisas aconte\u00e7am\u201d, disse.<\/p><div class=\"newsi-conteudo_19\" id=\"newsi-823609658\"><a href=\"https:\/\/www.instagram.com\/prefeituraalagoinhas?igsh=YzgzdDJ1bWR3aWI4\" aria-label=\"SAVE_20251006_221555\"><img loading=\"lazy\" decoding=\"async\" src=\"https:\/\/newsinfoco.com.br\/inicio\/wp-content\/uploads\/2025\/10\/SAVE_20251006_221555-rotated.jpg\" alt=\"\"  srcset=\"https:\/\/newsinfoco.com.br\/inicio\/wp-content\/uploads\/2025\/10\/SAVE_20251006_221555-rotated.jpg 1140w, https:\/\/newsinfoco.com.br\/inicio\/wp-content\/uploads\/2025\/10\/SAVE_20251006_221555-300x52.jpg 300w, https:\/\/newsinfoco.com.br\/inicio\/wp-content\/uploads\/2025\/10\/SAVE_20251006_221555-1024x177.jpg 1024w, https:\/\/newsinfoco.com.br\/inicio\/wp-content\/uploads\/2025\/10\/SAVE_20251006_221555-768x133.jpg 768w, https:\/\/newsinfoco.com.br\/inicio\/wp-content\/uploads\/2025\/10\/SAVE_20251006_221555-600x104.jpg 600w, https:\/\/newsinfoco.com.br\/inicio\/wp-content\/uploads\/2025\/10\/SAVE_20251006_221555-696x120.jpg 696w, https:\/\/newsinfoco.com.br\/inicio\/wp-content\/uploads\/2025\/10\/SAVE_20251006_221555-1068x185.jpg 1068w\" sizes=\"(max-width: 1140px) 100vw, 1140px\" width=\"1140\" height=\"197\"   \/><\/a><\/div>\n<p>J\u00e1 o presidente da Associa\u00e7\u00e3o de Moradores do Catuzinho, Cosme Evelino dos Santos, reiterou a aproxima\u00e7\u00e3o do gestor municipal com os moradores da localidade. \u201cNo Catuzinho, entendemos que Gustavo e sua gest\u00e3o v\u00eam trabalhando para todos n\u00f3s. Ele \u00e9 um prefeito do povo e para o povo. Esse tipo de encontro \u00e9 sempre legal porque aproxima o gestor do p\u00fablico, e ele se mostra sempre bem transparente, sabe ouvir as pessoas e entender o que n\u00f3s solicitamos\u201d, frisou.<\/p>\n<p>O trabalho de articula\u00e7\u00e3o da reuni\u00e3o ficou sob responsabilidade da Secretaria Municipal de Governo (Segov), que, ao longo dos \u00faltimos meses, vem atuando no estreitamento das rela\u00e7\u00f5es da gest\u00e3o com os cidad\u00e3os.<\/p>\n<p>\u201cTrata-se de uma a\u00e7\u00e3o que estamos realizando ao longo deste ano em diversas localidades, levando o trabalho da Prefeitura at\u00e9 as comunidades e fortalecendo a rela\u00e7\u00e3o direta com a popula\u00e7\u00e3o. As demandas apresentadas foram encaminhadas \u00e0s secretarias respons\u00e1veis, pois queremos trazer melhorias efetivas para os moradores. Ficamos felizes em estar aqui, integrando essas duas comunidades rurais. Por serem locais pr\u00f3ximos, conseguimos unir for\u00e7as e, juntos, encontrar solu\u00e7\u00f5es. O papel do prefeito \u00e9 ouvir os problemas, encaminhar as solu\u00e7\u00f5es e estar perto das pessoas naquilo de que elas precisam\u201d, concluiu Gustavo Carmo.<\/p>\n<p>Estiveram presentes no encontro a secret\u00e1ria municipal de Obras e Projetos (Seop), Maria das Gra\u00e7as Reis; o secret\u00e1rio municipal de Mobilidade e Ordem P\u00fablica (Semorp), Hilton Ribeiro; o secret\u00e1rio municipal de Governo (Segov), Anderson Baqueiro e o secret\u00e1rio municipal de Sa\u00fade (Sesau), Virg\u00ednio Pereira.<\/p>\n<p>&nbsp;<\/p>\n<div class='share-to-whatsapp-wrapper'><div class='share-on-whsp'>Share on: <\/div><a data-text='Prefeito Gustavo Carmo se re\u00fane com moradores do Catuzinho e Buri para ouvir demandas das comunidades' data-link='https:\/\/newsinfoco.com.br\/inicio\/prefeito-gustavo-carmo-se-reune-com-moradores-do-catuzinho-e-buri-para-ouvir-demandas-das-comunidades\/' class='whatsapp-button whatsapp-share'>WhatsApp<\/a><div class='clear '><\/div><\/div>","protected":false},"excerpt":{"rendered":"<p>Na noite dessa segunda-feira, 1\u2070 de dezembro, o prefeito Gustavo Carmo, acompanhado por membros do secretariado municipal, se reuniu com moradores das comunidades Catuzinho e Buri para uma roda de escuta direta com a popula\u00e7\u00e3o. Foram discutidas e encaminhadas diversas demandas relacionadas \u00e0s \u00e1reas de educa\u00e7\u00e3o, sa\u00fade e mobilidade urbana. O presidente da Associa\u00e7\u00e3o de [&hellip;]<\/p>\n","protected":false},"author":1,"featured_media":48112,"comment_status":"closed","ping_status":"closed","sticky":false,"template":"","format":"standard","meta":{"om_disable_all_campaigns":false,"_exactmetrics_skip_tracking":false,"_exactmetrics_sitenote_active":false,"_exactmetrics_sitenote_note":"","_exactmetrics_sitenote_category":0,"footnotes":""},"categories":[38,167],"tags":[],"class_list":["post-48111","post","type-post","status-publish","format-standard","has-post-thumbnail","hentry","category-alagoinhas-e-regiao","category-exclusivas"],"aioseo_notices":[],"_links":{"self":[{"href":"https:\/\/newsinfoco.com.br\/inicio\/wp-json\/wp\/v2\/posts\/48111","targetHints":{"allow":["GET"]}}],"collection":[{"href":"https:\/\/newsinfoco.com.br\/inicio\/wp-json\/wp\/v2\/posts"}],"about":[{"href":"https:\/\/newsinfoco.com.br\/inicio\/wp-json\/wp\/v2\/types\/post"}],"author":[{"embeddable":true,"href":"https:\/\/newsinfoco.com.br\/inicio\/wp-json\/wp\/v2\/users\/1"}],"replies":[{"embeddable":true,"href":"https:\/\/newsinfoco.com.br\/inicio\/wp-json\/wp\/v2\/comments?post=48111"}],"version-history":[{"count":1,"href":"https:\/\/newsinfoco.com.br\/inicio\/wp-json\/wp\/v2\/posts\/48111\/revisions"}],"predecessor-version":[{"id":48113,"href":"https:\/\/newsinfoco.com.br\/inicio\/wp-json\/wp\/v2\/posts\/48111\/revisions\/48113"}],"wp:featuredmedia":[{"embeddable":true,"href":"https:\/\/newsinfoco.com.br\/inicio\/wp-json\/wp\/v2\/media\/48112"}],"wp:attachment":[{"href":"https:\/\/newsinfoco.com.br\/inicio\/wp-json\/wp\/v2\/media?parent=48111"}],"wp:term":[{"taxonomy":"category","embeddable":true,"href":"https:\/\/newsinfoco.com.br\/inicio\/wp-json\/wp\/v2\/categories?post=48111"},{"taxonomy":"post_tag","embeddable":true,"href":"https:\/\/newsinfoco.com.br\/inicio\/wp-json\/wp\/v2\/tags?post=48111"}],"curies":[{"name":"wp","href":"https:\/\/api.w.org\/{rel}","templated":true}]}}