{"id":48114,"date":"2025-12-02T19:36:35","date_gmt":"2025-12-02T22:36:35","guid":{"rendered":"https:\/\/newsinfoco.com.br\/inicio\/?p=48114"},"modified":"2025-12-02T19:36:35","modified_gmt":"2025-12-02T22:36:35","slug":"projetos-ambientais-da-creche-rosario-da-caridade-sao-destaque-em-premiacao-da-bracell","status":"publish","type":"post","link":"https:\/\/newsinfoco.com.br\/inicio\/projetos-ambientais-da-creche-rosario-da-caridade-sao-destaque-em-premiacao-da-bracell\/","title":{"rendered":"Projetos ambientais da Creche Ros\u00e1rio da Caridade s\u00e3o destaque em premia\u00e7\u00e3o da Bracell"},"content":{"rendered":"<p>Alunos e professoras do G4 e G5 da Creche Ros\u00e1rio da Caridade, na Alagoinhas Velha, foram premiados com o segundo e terceiro lugar na edi\u00e7\u00e3o 2025 do concurso seletivo \u201cN\u00facleo de Educa\u00e7\u00e3o Ambiental e Boas Pr\u00e1ticas Pedag\u00f3gicas\u201d, da Bracell, que contemplou projetos de escolas da Rede Municipal de Ensino da Bahia.<\/p>\n<p>Trazendo em sua base o destaque de propostas criativas que abordaram tem\u00e1ticas sobre meio ambiente, a empresa buscou evidenciar o compromisso de professores e estudantes que trabalharam a conscientiza\u00e7\u00e3o sobre a preserva\u00e7\u00e3o da natureza.<\/p><div class=\"newsi-conteudo_19\" id=\"newsi-860971551\"><a href=\"https:\/\/www.instagram.com\/prefeituraalagoinhas?igsh=YzgzdDJ1bWR3aWI4\" aria-label=\"SAVE_20251006_221555\"><img loading=\"lazy\" decoding=\"async\" src=\"https:\/\/newsinfoco.com.br\/inicio\/wp-content\/uploads\/2025\/10\/SAVE_20251006_221555-rotated.jpg\" alt=\"\"  srcset=\"https:\/\/newsinfoco.com.br\/inicio\/wp-content\/uploads\/2025\/10\/SAVE_20251006_221555-rotated.jpg 1140w, https:\/\/newsinfoco.com.br\/inicio\/wp-content\/uploads\/2025\/10\/SAVE_20251006_221555-300x52.jpg 300w, https:\/\/newsinfoco.com.br\/inicio\/wp-content\/uploads\/2025\/10\/SAVE_20251006_221555-1024x177.jpg 1024w, https:\/\/newsinfoco.com.br\/inicio\/wp-content\/uploads\/2025\/10\/SAVE_20251006_221555-768x133.jpg 768w, https:\/\/newsinfoco.com.br\/inicio\/wp-content\/uploads\/2025\/10\/SAVE_20251006_221555-600x104.jpg 600w, https:\/\/newsinfoco.com.br\/inicio\/wp-content\/uploads\/2025\/10\/SAVE_20251006_221555-696x120.jpg 696w, https:\/\/newsinfoco.com.br\/inicio\/wp-content\/uploads\/2025\/10\/SAVE_20251006_221555-1068x185.jpg 1068w\" sizes=\"(max-width: 1140px) 100vw, 1140px\" width=\"1140\" height=\"197\"   \/><\/a><\/div>\n<p>\u201cN\u00f3s seguimos \u00e0 risca o plano de ensino da Rede Municipal de Ensino, que neste ano est\u00e1 com o projeto \u2018Alagod\u00e9: Educa\u00e7\u00e3o Nascente dos Tons, Saberes, Sabores e Fazeres das Gentes\u2019, no qual, no segundo trimestre, trabalhamos com as crian\u00e7as as mudan\u00e7as clim\u00e1ticas. Os dois projetos premiados pela Bracell tiveram praticamente cinco etapas cada um, e essas etapas foram bem desenvolvidas no decorrer de praticamente dois meses. As professoras montaram teorias e situa\u00e7\u00f5es pr\u00e1ticas com as crian\u00e7as, o que motivou todos a conhecerem as quest\u00f5es ambientais e a cuidarem do meio ambiente. \u00c9 muito importante que, desde cedo, eles tenham contato com a natureza e com essas informa\u00e7\u00f5es que s\u00e3o preciosas\u201d, disse a coordenadora pedag\u00f3gica da creche, Claudiane de Cerqueira Damasceno Silveira.<\/p>\n<p>Segundo a professora do G4, Gilvanete Amaral de Souza, o tema trabalhado em sala de aula foram as ervas medicinais, ou como as crian\u00e7as aprenderam, as \u201cervas m\u00e1gicas\u201d. O projeto foi composto por um estudo do plano de ensino, no qual as crian\u00e7as estudaram e investigaram as plantas medicinais e seus usos, fazendo tamb\u00e9m um resgate do assunto, que antigamente era mais comum em nossas casas, pelas m\u00e3os de av\u00f3s e m\u00e3es. \u201cFicamos sabendo desse concurso da Bracell e entendemos que poder\u00edamos encaixar nossa proposta justamente por tratar do vi\u00e9s do meio ambiente\u201d, contou ela, que recebeu um retroprojetor como pr\u00eamio, enquanto as crian\u00e7as receberam kits especiais de lanches e brindes.<\/p>\n<p>J\u00e1 Elainara Jesus Ferreira, professora do G5, pontuou que as conversas sobre a import\u00e2ncia da \u00e1gua j\u00e1 existiam, mas foram intensificadas trazendo detalhes sobre o consumo e o gasto desmedido em casa. \u201cDiante das mudan\u00e7as clim\u00e1ticas, a gente v\u00ea que tem muito impacto o cuidado com a \u00e1gua, e que algumas crian\u00e7as n\u00e3o t\u00eam incentivo em casa quando o assunto \u00e9 o cuidado. Ent\u00e3o, tudo foi trabalhado em um contexto para que as crian\u00e7as tomem o maior cuidado poss\u00edvel com a \u00e1gua, buscando mostrar isso em nossa rotina. Mostramos como se originou o nome de Alagoinhas, o processo hist\u00f3rico, geogr\u00e1fico e ambiental. Mandamos fotos, v\u00eddeos e informa\u00e7\u00f5es para a Bracell e conseguimos estar no p\u00f3dio. Pretendemos, para os pr\u00f3ximos anos, intensificar esse projeto e continuar aplicando-o em sala de aula\u201d, informou.<\/p>\n<p>A analista de responsabilidade social da Bracell, Driele Coutinho, explicou como a empresa articula as escolas para que os projetos aconte\u00e7am. \u201cA gente abre as portas, anualmente, de um espa\u00e7o nosso que fica na Fazenda Salgado, em Inhambupe, para recebermos as crian\u00e7as, principalmente de escolas municipais e estaduais, proporcionando maior intera\u00e7\u00e3o com a sustentabilidade e o meio ambiente. Essa premia\u00e7\u00e3o de hoje \u00e9 resultado dessa visita e da maneira de perpetuar esse conhecimento, levando isso para dentro das salas de aula. Neste ano, buscamos reconhecer o trabalho desses professores, que levam os alunos e trazem a multiplica\u00e7\u00e3o do conhecimento para dentro da sala\u201d, enfatizou.<\/p>\n<p>&nbsp;<\/p>\n<div class='share-to-whatsapp-wrapper'><div class='share-on-whsp'>Share on: <\/div><a data-text='Projetos ambientais da Creche Ros\u00e1rio da Caridade s\u00e3o destaque em premia\u00e7\u00e3o da Bracell' data-link='https:\/\/newsinfoco.com.br\/inicio\/projetos-ambientais-da-creche-rosario-da-caridade-sao-destaque-em-premiacao-da-bracell\/' class='whatsapp-button whatsapp-share'>WhatsApp<\/a><div class='clear '><\/div><\/div>","protected":false},"excerpt":{"rendered":"<p>Alunos e professoras do G4 e G5 da Creche Ros\u00e1rio da Caridade, na Alagoinhas Velha, foram premiados com o segundo e terceiro lugar na edi\u00e7\u00e3o 2025 do concurso seletivo \u201cN\u00facleo de Educa\u00e7\u00e3o Ambiental e Boas Pr\u00e1ticas Pedag\u00f3gicas\u201d, da Bracell, que contemplou projetos de escolas da Rede Municipal de Ensino da Bahia. Trazendo em sua base [&hellip;]<\/p>\n","protected":false},"author":1,"featured_media":48115,"comment_status":"closed","ping_status":"closed","sticky":false,"template":"","format":"standard","meta":{"om_disable_all_campaigns":false,"_exactmetrics_skip_tracking":false,"_exactmetrics_sitenote_active":false,"_exactmetrics_sitenote_note":"","_exactmetrics_sitenote_category":0,"footnotes":""},"categories":[38,167],"tags":[],"class_list":["post-48114","post","type-post","status-publish","format-standard","has-post-thumbnail","hentry","category-alagoinhas-e-regiao","category-exclusivas"],"aioseo_notices":[],"_links":{"self":[{"href":"https:\/\/newsinfoco.com.br\/inicio\/wp-json\/wp\/v2\/posts\/48114","targetHints":{"allow":["GET"]}}],"collection":[{"href":"https:\/\/newsinfoco.com.br\/inicio\/wp-json\/wp\/v2\/posts"}],"about":[{"href":"https:\/\/newsinfoco.com.br\/inicio\/wp-json\/wp\/v2\/types\/post"}],"author":[{"embeddable":true,"href":"https:\/\/newsinfoco.com.br\/inicio\/wp-json\/wp\/v2\/users\/1"}],"replies":[{"embeddable":true,"href":"https:\/\/newsinfoco.com.br\/inicio\/wp-json\/wp\/v2\/comments?post=48114"}],"version-history":[{"count":1,"href":"https:\/\/newsinfoco.com.br\/inicio\/wp-json\/wp\/v2\/posts\/48114\/revisions"}],"predecessor-version":[{"id":48116,"href":"https:\/\/newsinfoco.com.br\/inicio\/wp-json\/wp\/v2\/posts\/48114\/revisions\/48116"}],"wp:featuredmedia":[{"embeddable":true,"href":"https:\/\/newsinfoco.com.br\/inicio\/wp-json\/wp\/v2\/media\/48115"}],"wp:attachment":[{"href":"https:\/\/newsinfoco.com.br\/inicio\/wp-json\/wp\/v2\/media?parent=48114"}],"wp:term":[{"taxonomy":"category","embeddable":true,"href":"https:\/\/newsinfoco.com.br\/inicio\/wp-json\/wp\/v2\/categories?post=48114"},{"taxonomy":"post_tag","embeddable":true,"href":"https:\/\/newsinfoco.com.br\/inicio\/wp-json\/wp\/v2\/tags?post=48114"}],"curies":[{"name":"wp","href":"https:\/\/api.w.org\/{rel}","templated":true}]}}