{"id":48117,"date":"2025-12-02T19:46:21","date_gmt":"2025-12-02T22:46:21","guid":{"rendered":"https:\/\/newsinfoco.com.br\/inicio\/?p=48117"},"modified":"2025-12-02T19:46:21","modified_gmt":"2025-12-02T22:46:21","slug":"homenagem-na-escola-eraldo-tinoco-celebra-trajetoria-da-professora-gildete-brandao","status":"publish","type":"post","link":"https:\/\/newsinfoco.com.br\/inicio\/homenagem-na-escola-eraldo-tinoco-celebra-trajetoria-da-professora-gildete-brandao\/","title":{"rendered":"Homenagem na Escola Eraldo Tinoco celebra trajet\u00f3ria da professora Gildete Brand\u00e3o"},"content":{"rendered":"<p>Os alunos da Escola Municipal Eraldo Tinoco de Melo prepararam uma homenagem \u00e0 professora Gildete Brand\u00e3o nesta sexta-feira, 28. A celebra\u00e7\u00e3o faz parte do Projeto Institucional Hist\u00f3ria de Mestre, que valoriza os profissionais que atuaram na doc\u00eancia dentro das institui\u00e7\u00f5es da Rede Municipal de Educa\u00e7\u00e3o.<\/p>\n<p>Aposentada h\u00e1 dois anos, Gildete Brand\u00e3o, que dedicou 32 anos ao magist\u00e9rio, retornou \u00e0 escola para ser recebida pelos estudantes e pela equipe t\u00e9cnica. Sentada em uma poltrona especialmente preparada para a ocasi\u00e3o, ela assistiu \u00e0s apresenta\u00e7\u00f5es das turmas e recebeu um livro produzido pelas crian\u00e7as, registrando afeto e reconhecimento por sua trajet\u00f3ria. \u201cSenti uma emo\u00e7\u00e3o muito grande e, entre tantos momentos especiais, certamente este ficar\u00e1 para sempre em minha mem\u00f3ria. Foram mais de 30 anos dedicados aos alunos, e voltar aqui me deixou muito emocionada\u201d, disse.<\/p><div class=\"newsi-conteudo_19\" id=\"newsi-1689040020\"><a href=\"https:\/\/www.instagram.com\/prefeituraalagoinhas?igsh=YzgzdDJ1bWR3aWI4\" aria-label=\"SAVE_20251006_221555\"><img loading=\"lazy\" decoding=\"async\" src=\"https:\/\/newsinfoco.com.br\/inicio\/wp-content\/uploads\/2025\/10\/SAVE_20251006_221555-rotated.jpg\" alt=\"\"  srcset=\"https:\/\/newsinfoco.com.br\/inicio\/wp-content\/uploads\/2025\/10\/SAVE_20251006_221555-rotated.jpg 1140w, https:\/\/newsinfoco.com.br\/inicio\/wp-content\/uploads\/2025\/10\/SAVE_20251006_221555-300x52.jpg 300w, https:\/\/newsinfoco.com.br\/inicio\/wp-content\/uploads\/2025\/10\/SAVE_20251006_221555-1024x177.jpg 1024w, https:\/\/newsinfoco.com.br\/inicio\/wp-content\/uploads\/2025\/10\/SAVE_20251006_221555-768x133.jpg 768w, https:\/\/newsinfoco.com.br\/inicio\/wp-content\/uploads\/2025\/10\/SAVE_20251006_221555-600x104.jpg 600w, https:\/\/newsinfoco.com.br\/inicio\/wp-content\/uploads\/2025\/10\/SAVE_20251006_221555-696x120.jpg 696w, https:\/\/newsinfoco.com.br\/inicio\/wp-content\/uploads\/2025\/10\/SAVE_20251006_221555-1068x185.jpg 1068w\" sizes=\"(max-width: 1140px) 100vw, 1140px\" width=\"1140\" height=\"197\"   \/><\/a><\/div>\n<p>Antes da culmin\u00e2ncia, a educadora foi convidada a retornar \u00e0 escola para um encontro com as turmas. Contou sua trajet\u00f3ria, reviveu mem\u00f3rias e apresentou aos estudantes mais jovens a hist\u00f3ria de quem fez parte da forma\u00e7\u00e3o de gera\u00e7\u00f5es. Segundo a diretora da escola, T\u00e2nia L\u00facia de Brito Santos Concei\u00e7\u00e3o, as crian\u00e7as t\u00eam um carinho especial pela homenageada e a escolha do nome de Gildete foi uma decis\u00e3o un\u00e2nime.<\/p>\n<p>\u201cOs alunos puderam ouvir um pouco da hist\u00f3ria de vida dela, e isso torna o projeto ainda mais significativo. Esse projeto faz parte da Rede Municipal de Ensino, que desenvolve a\u00e7\u00f5es culturais que mobilizam as crian\u00e7as. Tivemos as sess\u00f5es simult\u00e2neas de leitura dentro da a\u00e7\u00e3o do Dia D e, hoje, realizamos esse projeto t\u00e3o especial para todos n\u00f3s\u201d, afirmou a diretora.<\/p>\n<p>A coordenadora pedag\u00f3gica, Rosiane Pimenta Borges Bandeira, que revelou ter sido aluna de Gildete, explicou como os estudantes participaram das atividades. \u201cCada turma ficou com uma a\u00e7\u00e3o, porque esse projeto visa, antes de tudo, fortalecer o pertencimento, seja de quem j\u00e1 era da escola ou de quem passou por ela. Uma turma produziu poemas; outra, m\u00fasica; outras fizeram recorte, colagem e escrita das mem\u00f3rias de Gildete. O livro traz tudo o que foi produzido. Desta maneira, as crian\u00e7as desenvolveram ainda mais o gosto pela leitura, a flu\u00eancia, a escrita e a oralidade\u201d, explicou.<\/p>\n<p>Entre os alunos, a emo\u00e7\u00e3o era evidente. Enzo Peruna Cunha, do 5\u00ba ano e integrante da \u00faltima turma que teve aulas com a professora Gildete, compartilhou a lembran\u00e7a mais significativa que guarda da docente. \u201cEla explicava tudo direitinho. Eu amava ela. Era uma das minhas professoras favoritas. A gente escreveu mem\u00f3rias, poemas, tudo para mostrar o quanto ela foi importante. At\u00e9 quem n\u00e3o estudou com ela participou\u201d, concluiu ele.<\/p>\n<p>&nbsp;<\/p>\n<div class='share-to-whatsapp-wrapper'><div class='share-on-whsp'>Share on: <\/div><a data-text='Homenagem na Escola Eraldo Tinoco celebra trajet\u00f3ria da professora Gildete Brand\u00e3o' data-link='https:\/\/newsinfoco.com.br\/inicio\/homenagem-na-escola-eraldo-tinoco-celebra-trajetoria-da-professora-gildete-brandao\/' class='whatsapp-button whatsapp-share'>WhatsApp<\/a><div class='clear '><\/div><\/div>","protected":false},"excerpt":{"rendered":"<p>Os alunos da Escola Municipal Eraldo Tinoco de Melo prepararam uma homenagem \u00e0 professora Gildete Brand\u00e3o nesta sexta-feira, 28. A celebra\u00e7\u00e3o faz parte do Projeto Institucional Hist\u00f3ria de Mestre, que valoriza os profissionais que atuaram na doc\u00eancia dentro das institui\u00e7\u00f5es da Rede Municipal de Educa\u00e7\u00e3o. Aposentada h\u00e1 dois anos, Gildete Brand\u00e3o, que dedicou 32 anos [&hellip;]<\/p>\n","protected":false},"author":1,"featured_media":48118,"comment_status":"closed","ping_status":"closed","sticky":false,"template":"","format":"standard","meta":{"om_disable_all_campaigns":false,"_exactmetrics_skip_tracking":false,"_exactmetrics_sitenote_active":false,"_exactmetrics_sitenote_note":"","_exactmetrics_sitenote_category":0,"footnotes":""},"categories":[38,167],"tags":[],"class_list":["post-48117","post","type-post","status-publish","format-standard","has-post-thumbnail","hentry","category-alagoinhas-e-regiao","category-exclusivas"],"aioseo_notices":[],"_links":{"self":[{"href":"https:\/\/newsinfoco.com.br\/inicio\/wp-json\/wp\/v2\/posts\/48117","targetHints":{"allow":["GET"]}}],"collection":[{"href":"https:\/\/newsinfoco.com.br\/inicio\/wp-json\/wp\/v2\/posts"}],"about":[{"href":"https:\/\/newsinfoco.com.br\/inicio\/wp-json\/wp\/v2\/types\/post"}],"author":[{"embeddable":true,"href":"https:\/\/newsinfoco.com.br\/inicio\/wp-json\/wp\/v2\/users\/1"}],"replies":[{"embeddable":true,"href":"https:\/\/newsinfoco.com.br\/inicio\/wp-json\/wp\/v2\/comments?post=48117"}],"version-history":[{"count":1,"href":"https:\/\/newsinfoco.com.br\/inicio\/wp-json\/wp\/v2\/posts\/48117\/revisions"}],"predecessor-version":[{"id":48119,"href":"https:\/\/newsinfoco.com.br\/inicio\/wp-json\/wp\/v2\/posts\/48117\/revisions\/48119"}],"wp:featuredmedia":[{"embeddable":true,"href":"https:\/\/newsinfoco.com.br\/inicio\/wp-json\/wp\/v2\/media\/48118"}],"wp:attachment":[{"href":"https:\/\/newsinfoco.com.br\/inicio\/wp-json\/wp\/v2\/media?parent=48117"}],"wp:term":[{"taxonomy":"category","embeddable":true,"href":"https:\/\/newsinfoco.com.br\/inicio\/wp-json\/wp\/v2\/categories?post=48117"},{"taxonomy":"post_tag","embeddable":true,"href":"https:\/\/newsinfoco.com.br\/inicio\/wp-json\/wp\/v2\/tags?post=48117"}],"curies":[{"name":"wp","href":"https:\/\/api.w.org\/{rel}","templated":true}]}}