{"id":48133,"date":"2025-12-03T18:02:23","date_gmt":"2025-12-03T21:02:23","guid":{"rendered":"https:\/\/newsinfoco.com.br\/inicio\/?p=48133"},"modified":"2025-12-03T18:02:23","modified_gmt":"2025-12-03T21:02:23","slug":"vereador-luciano-almeida-destaca-votacao-do-projeto-que-regulamenta-profissao-dos-garis-pela-comissao-de-constituicao-e-justica-da-camara-dos-deputados","status":"publish","type":"post","link":"https:\/\/newsinfoco.com.br\/inicio\/vereador-luciano-almeida-destaca-votacao-do-projeto-que-regulamenta-profissao-dos-garis-pela-comissao-de-constituicao-e-justica-da-camara-dos-deputados\/","title":{"rendered":"Vereador Luciano Almeida destaca vota\u00e7\u00e3o do projeto que regulamenta profiss\u00e3o dos garis pela Comiss\u00e3o de Constitui\u00e7\u00e3o e Justi\u00e7a da C\u00e2mara dos Deputados"},"content":{"rendered":"<p>Em pronunciamento na sess\u00e3o realizada nesta ter\u00e7a-feira (02), o vereador Luciano Almeida destacou o avan\u00e7o de um dos temas mais sens\u00edveis para os profissionais da limpeza urbana: a iminente aprova\u00e7\u00e3o, pela Comiss\u00e3o de Constitui\u00e7\u00e3o e Justi\u00e7a (CCJ) da C\u00e2mara dos Deputados, do projeto que estabelece piso salarial nacional de dois sal\u00e1rios-m\u00ednimos para garis, com jornada de 40 horas, adicional de insalubridade e aposentadoria especial.<\/p>\n<p>O parlamentar fez quest\u00e3o de parabenizar o deputado federal Paulo Azi, presidente da CCJ, pela condu\u00e7\u00e3o dos trabalhos da Comiss\u00e3o.\u00a0 \u201cO deputado Paulo Azi tem feito, em um ano, o que n\u00e3o foi feito naquela Comiss\u00e3o ao longo de mais de 20 anos. Projetos que estavam arquivados foram retomados, especialmente aqueles que beneficiam categorias importantes, como a dos agentes comunit\u00e1rios e agentes de endemias\u201d, afirmou.<\/p><div class=\"newsi-conteudo_19\" id=\"newsi-1898315982\"><a href=\"https:\/\/www.instagram.com\/prefeituraalagoinhas?igsh=YzgzdDJ1bWR3aWI4\" aria-label=\"SAVE_20251006_221555\"><img loading=\"lazy\" decoding=\"async\" src=\"https:\/\/newsinfoco.com.br\/inicio\/wp-content\/uploads\/2025\/10\/SAVE_20251006_221555-rotated.jpg\" alt=\"\"  srcset=\"https:\/\/newsinfoco.com.br\/inicio\/wp-content\/uploads\/2025\/10\/SAVE_20251006_221555-rotated.jpg 1140w, https:\/\/newsinfoco.com.br\/inicio\/wp-content\/uploads\/2025\/10\/SAVE_20251006_221555-300x52.jpg 300w, https:\/\/newsinfoco.com.br\/inicio\/wp-content\/uploads\/2025\/10\/SAVE_20251006_221555-1024x177.jpg 1024w, https:\/\/newsinfoco.com.br\/inicio\/wp-content\/uploads\/2025\/10\/SAVE_20251006_221555-768x133.jpg 768w, https:\/\/newsinfoco.com.br\/inicio\/wp-content\/uploads\/2025\/10\/SAVE_20251006_221555-600x104.jpg 600w, https:\/\/newsinfoco.com.br\/inicio\/wp-content\/uploads\/2025\/10\/SAVE_20251006_221555-696x120.jpg 696w, https:\/\/newsinfoco.com.br\/inicio\/wp-content\/uploads\/2025\/10\/SAVE_20251006_221555-1068x185.jpg 1068w\" sizes=\"(max-width: 1140px) 100vw, 1140px\" width=\"1140\" height=\"197\"   \/><\/a><\/div>\n<p>Luciano lembrou que, assim como ocorreu recentemente com a pauta da aposentadoria especial dos agentes de sa\u00fade e endemias, outro projeto antigo finalmente avan\u00e7ou: o que trata do piso salarial dos garis, engavetado desde 2020 e que, nesta quarta-feira (03), estar\u00e1 em pauta na CCJ.<\/p>\n<p>Segundo ele, a proposta agora segue para vota\u00e7\u00e3o no plen\u00e1rio da C\u00e2mara dos Deputados e depois no Senado. \u201cN\u00e3o tenho d\u00favida de que ser\u00e1 aprovado. Esses profissionais, que muitas vezes s\u00e3o invis\u00edveis para n\u00f3s, s\u00e3o de extrema import\u00e2ncia. Basta um dia sem coleta para a cidade virar um caos\u201d, destacou.<\/p>\n<p>O vereador ressaltou ainda que o texto prev\u00ea regras de seguran\u00e7a no tr\u00e2nsito para reduzir acidentes envolvendo trabalhadores da limpeza urbana, que frequentemente atuam em condi\u00e7\u00f5es perigosas. Mencionou tamb\u00e9m o caso ocorrido em Minas Gerais, no m\u00eas de agosto, quando um gari foi assassinado ap\u00f3s intervir para proteger a motorista do caminh\u00e3o de coleta \u2013 epis\u00f3dio que, segundo o parlamentar, evidencia a vulnerabilidade da categoria.<\/p>\n<p>Ao encerrar, Luciano refor\u00e7ou o reconhecimento p\u00fablico ao deputado Paulo Azi e ao movimento nacional dos garis que esteve presente na articula\u00e7\u00e3o do projeto, por meio da reuni\u00e3o com o influenciador e ativista Tales Marcelo Alves (conhecido como Gari Gato). \u201cO gari de Belo Horizonte esteve junto ao deputado, trabalhando para que essa pauta avan\u00e7asse. \u00c9 uma repara\u00e7\u00e3o hist\u00f3rica\u201d, concluiu.<\/p>\n<p><strong>Ascom \u2013 C\u00e2mara Municipal de Alagoinhas<\/strong><\/p>\n<p><strong>Fotos \u2013 Jh\u00f4 Paz<\/strong><\/p>\n<div class='share-to-whatsapp-wrapper'><div class='share-on-whsp'>Share on: <\/div><a data-text='Vereador Luciano Almeida destaca vota\u00e7\u00e3o do projeto que regulamenta profiss\u00e3o dos garis pela Comiss\u00e3o de Constitui\u00e7\u00e3o e Justi\u00e7a da C\u00e2mara dos Deputados' data-link='https:\/\/newsinfoco.com.br\/inicio\/vereador-luciano-almeida-destaca-votacao-do-projeto-que-regulamenta-profissao-dos-garis-pela-comissao-de-constituicao-e-justica-da-camara-dos-deputados\/' class='whatsapp-button whatsapp-share'>WhatsApp<\/a><div class='clear '><\/div><\/div>","protected":false},"excerpt":{"rendered":"<p>Em pronunciamento na sess\u00e3o realizada nesta ter\u00e7a-feira (02), o vereador Luciano Almeida destacou o avan\u00e7o de um dos temas mais sens\u00edveis para os profissionais da limpeza urbana: a iminente aprova\u00e7\u00e3o, pela Comiss\u00e3o de Constitui\u00e7\u00e3o e Justi\u00e7a (CCJ) da C\u00e2mara dos Deputados, do projeto que estabelece piso salarial nacional de dois sal\u00e1rios-m\u00ednimos para garis, com jornada [&hellip;]<\/p>\n","protected":false},"author":1,"featured_media":46732,"comment_status":"closed","ping_status":"closed","sticky":false,"template":"","format":"standard","meta":{"om_disable_all_campaigns":false,"_exactmetrics_skip_tracking":false,"_exactmetrics_sitenote_active":false,"_exactmetrics_sitenote_note":"","_exactmetrics_sitenote_category":0,"footnotes":""},"categories":[19],"tags":[],"class_list":["post-48133","post","type-post","status-publish","format-standard","has-post-thumbnail","hentry","category-bahia"],"aioseo_notices":[],"_links":{"self":[{"href":"https:\/\/newsinfoco.com.br\/inicio\/wp-json\/wp\/v2\/posts\/48133","targetHints":{"allow":["GET"]}}],"collection":[{"href":"https:\/\/newsinfoco.com.br\/inicio\/wp-json\/wp\/v2\/posts"}],"about":[{"href":"https:\/\/newsinfoco.com.br\/inicio\/wp-json\/wp\/v2\/types\/post"}],"author":[{"embeddable":true,"href":"https:\/\/newsinfoco.com.br\/inicio\/wp-json\/wp\/v2\/users\/1"}],"replies":[{"embeddable":true,"href":"https:\/\/newsinfoco.com.br\/inicio\/wp-json\/wp\/v2\/comments?post=48133"}],"version-history":[{"count":1,"href":"https:\/\/newsinfoco.com.br\/inicio\/wp-json\/wp\/v2\/posts\/48133\/revisions"}],"predecessor-version":[{"id":48134,"href":"https:\/\/newsinfoco.com.br\/inicio\/wp-json\/wp\/v2\/posts\/48133\/revisions\/48134"}],"wp:featuredmedia":[{"embeddable":true,"href":"https:\/\/newsinfoco.com.br\/inicio\/wp-json\/wp\/v2\/media\/46732"}],"wp:attachment":[{"href":"https:\/\/newsinfoco.com.br\/inicio\/wp-json\/wp\/v2\/media?parent=48133"}],"wp:term":[{"taxonomy":"category","embeddable":true,"href":"https:\/\/newsinfoco.com.br\/inicio\/wp-json\/wp\/v2\/categories?post=48133"},{"taxonomy":"post_tag","embeddable":true,"href":"https:\/\/newsinfoco.com.br\/inicio\/wp-json\/wp\/v2\/tags?post=48133"}],"curies":[{"name":"wp","href":"https:\/\/api.w.org\/{rel}","templated":true}]}}