{"id":48135,"date":"2025-12-03T18:06:11","date_gmt":"2025-12-03T21:06:11","guid":{"rendered":"https:\/\/newsinfoco.com.br\/inicio\/?p=48135"},"modified":"2025-12-03T18:24:28","modified_gmt":"2025-12-03T21:24:28","slug":"diretora-da-casa-do-poeta-apresenta-flicas-ii-e-solicita-emendas-parlamentares-para-edicao-de-2026","status":"publish","type":"post","link":"https:\/\/newsinfoco.com.br\/inicio\/diretora-da-casa-do-poeta-apresenta-flicas-ii-e-solicita-emendas-parlamentares-para-edicao-de-2026\/","title":{"rendered":"Diretora da Casa do Poeta apresenta FLICAS II e solicita emendas parlamentares para edi\u00e7\u00e3o de 2026"},"content":{"rendered":"<p>Na sess\u00e3o ordin\u00e1ria realizada nesta ter\u00e7a-feira (02), a diretora fiscal da Casa do Poeta de Alagoinhas (CASPAL), Isabel Silva, utilizou a Tribuna Popular para apresentar oficialmente a FLICAS II \u2013 Festa Liter\u00e1ria da Casa do Poeta \u2013 e solicitar apoio dos vereadores por meio de emendas parlamentares. O evento, que integra o calend\u00e1rio cultural do munic\u00edpio e est\u00e1 previsto para a terceira semana de abril de 2026, tem como foco a literatura em perspectiva antirracista, com a\u00e7\u00f5es voltadas especialmente a periferias e comunidades quilombolas.<\/p>\n<p>Em sua exposi\u00e7\u00e3o, a diretora destacou o compromisso do evento com o acesso \u00e0 leitura e \u00e0s express\u00f5es art\u00edsticas que representam o universo cultural de Alagoinhas. \u201cA FLICAS \u00e9 uma iniciativa liter\u00e1ria cuidadosamente planejada para aproximar leitores de obras, autores e autoras, promover debates qualificados, incentivar novas escritas e valorizar a produ\u00e7\u00e3o cultural local\u201d, disse.<\/p><div class=\"newsi-conteudo_19\" id=\"newsi-3908301323\"><a href=\"https:\/\/www.instagram.com\/prefeituraalagoinhas?igsh=YzgzdDJ1bWR3aWI4\" aria-label=\"SAVE_20251006_221555\"><img loading=\"lazy\" decoding=\"async\" src=\"https:\/\/newsinfoco.com.br\/inicio\/wp-content\/uploads\/2025\/10\/SAVE_20251006_221555-rotated.jpg\" alt=\"\"  srcset=\"https:\/\/newsinfoco.com.br\/inicio\/wp-content\/uploads\/2025\/10\/SAVE_20251006_221555-rotated.jpg 1140w, https:\/\/newsinfoco.com.br\/inicio\/wp-content\/uploads\/2025\/10\/SAVE_20251006_221555-300x52.jpg 300w, https:\/\/newsinfoco.com.br\/inicio\/wp-content\/uploads\/2025\/10\/SAVE_20251006_221555-1024x177.jpg 1024w, https:\/\/newsinfoco.com.br\/inicio\/wp-content\/uploads\/2025\/10\/SAVE_20251006_221555-768x133.jpg 768w, https:\/\/newsinfoco.com.br\/inicio\/wp-content\/uploads\/2025\/10\/SAVE_20251006_221555-600x104.jpg 600w, https:\/\/newsinfoco.com.br\/inicio\/wp-content\/uploads\/2025\/10\/SAVE_20251006_221555-696x120.jpg 696w, https:\/\/newsinfoco.com.br\/inicio\/wp-content\/uploads\/2025\/10\/SAVE_20251006_221555-1068x185.jpg 1068w\" sizes=\"(max-width: 1140px) 100vw, 1140px\" width=\"1140\" height=\"197\"   \/><\/a><\/div>\n<p>Na sequ\u00eancia, explicou que a programa\u00e7\u00e3o inclui oficinas liter\u00e1rias em escolas perif\u00e9ricas e comunidades quilombolas, mesas liter\u00e1rias com autores locais e convidado nacional, conta\u00e7\u00e3o de hist\u00f3rias, distribui\u00e7\u00e3o de livros, exposi\u00e7\u00f5es, performances e apresenta\u00e7\u00f5es art\u00edsticas.<\/p>\n<p>A proposta central da FLICAS II, que ser\u00e1 realizada no ano em que a Casa do Poeta de Alagoinhas comemorar\u00e1 30 anos, ser\u00e1 a literatura em perspectiva antirracista, valorizando identidades negras, contribui\u00e7\u00f5es afro-brasileiras e a heran\u00e7a ind\u00edgena, como forma de combater desigualdades estruturais no acesso \u00e0 leitura e \u00e0 produ\u00e7\u00e3o intelectual.<\/p>\n<p>\u201cSem a participa\u00e7\u00e3o efetiva do poder p\u00fablico, n\u00e3o conseguiremos realizar a segunda edi\u00e7\u00e3o desta festa liter\u00e1ria, que j\u00e1 se tornou refer\u00eancia na regi\u00e3o. Solicitamos que considerem incluir o evento nas destina\u00e7\u00f5es de suas emendas\u201d, clamou.<\/p>\n<p>A diretora tamb\u00e9m agradeceu a vereadores que, ao longo dos anos, fortaleceram iniciativas da CASPAL \u2013 entre eles Jaldice Nunes, Juci Cardoso, Luma Menezes, Thor de Ninha, Juracy Nascimento (licenciado) e Anderson Xar\u00e1 (primeiro mandato) \u2013 e refor\u00e7ou que toda emenda destinada ter\u00e1 transpar\u00eancia, presta\u00e7\u00e3o de contas e reconhecimento institucional aos apoiadores.<\/p>\n<p><strong>Escuta<\/strong><\/p>\n<p>Iniciando os coment\u00e1rios, a vereadora Juci Cardoso parabenizou Isabel pelo trabalho cont\u00ednuo em prol da literatura e pelo impacto das a\u00e7\u00f5es nas juventudes perif\u00e9ricas. \u201cQuero parabenizar pela sua milit\u00e2ncia cont\u00ednua de garantir letramento e ampliar a literatura com mobilidade para as juventudes, sobretudo perif\u00e9ricas. A educa\u00e7\u00e3o \u00e9 caminho, \u00e9 mola propulsora da sociedade. Mais uma vez, pode contar com a gente nessa destina\u00e7\u00e3o\u201d, declarou.<\/p>\n<div class=\"wp-block-image\">\n<figure class=\"aligncenter size-large\"><img loading=\"lazy\" decoding=\"async\" class=\"wp-image-22639\" src=\"https:\/\/camaradealagoinhas.ba.gov.br\/wp-content\/uploads\/2025\/12\/87a2cef8-a3d7-4372-aeaf-eeca537e3d26-1024x819.jpg\" sizes=\"auto, (max-width: 1024px) 100vw, 1024px\" srcset=\"https:\/\/camaradealagoinhas.ba.gov.br\/wp-content\/uploads\/2025\/12\/87a2cef8-a3d7-4372-aeaf-eeca537e3d26-1024x819.jpg 1024w, https:\/\/camaradealagoinhas.ba.gov.br\/wp-content\/uploads\/2025\/12\/87a2cef8-a3d7-4372-aeaf-eeca537e3d26-300x240.jpg 300w, https:\/\/camaradealagoinhas.ba.gov.br\/wp-content\/uploads\/2025\/12\/87a2cef8-a3d7-4372-aeaf-eeca537e3d26-768x614.jpg 768w, https:\/\/camaradealagoinhas.ba.gov.br\/wp-content\/uploads\/2025\/12\/87a2cef8-a3d7-4372-aeaf-eeca537e3d26-1536x1229.jpg 1536w, https:\/\/camaradealagoinhas.ba.gov.br\/wp-content\/uploads\/2025\/12\/87a2cef8-a3d7-4372-aeaf-eeca537e3d26-2048x1638.jpg 2048w\" alt=\"\" width=\"1024\" height=\"819\" \/><\/figure>\n<\/div>\n<p>J\u00e1 o vereador Luciano Almeida, ap\u00f3s refor\u00e7ar a import\u00e2ncia do trabalho realizado por Isabel Silva na realiza\u00e7\u00e3o do evento, lamentou a aus\u00eancia de recursos destinados \u00e0 feira liter\u00e1ria na Lei Or\u00e7ament\u00e1ria Anual e refor\u00e7ou que a valoriza\u00e7\u00e3o da leitura deveria estar prevista no planejamento oficial do munic\u00edpio.<\/p>\n<p>\u201cO que me entristece \u00e9 que a LOA n\u00e3o traz nenhum recurso para financiar uma feira de livros, mesmo sendo um evento do calend\u00e1rio municipal. Fala-se tanto em fomento \u00e0 cultura, mas o or\u00e7amento n\u00e3o reflete isso. Um aporte de pouco mais de 100 mil reais, dentro de um or\u00e7amento que pode ultrapassar 800 milh\u00f5es, representa uma gota no oceano\u201d, argumentou.<\/p>\n<div class=\"wp-block-image\">\n<figure class=\"aligncenter size-large\"><img loading=\"lazy\" decoding=\"async\" class=\"wp-image-22640\" src=\"https:\/\/camaradealagoinhas.ba.gov.br\/wp-content\/uploads\/2025\/12\/b10a7d02-e149-4e23-a328-16bd2e5fd18f-1024x819.jpg\" sizes=\"auto, (max-width: 1024px) 100vw, 1024px\" srcset=\"https:\/\/camaradealagoinhas.ba.gov.br\/wp-content\/uploads\/2025\/12\/b10a7d02-e149-4e23-a328-16bd2e5fd18f-1024x819.jpg 1024w, https:\/\/camaradealagoinhas.ba.gov.br\/wp-content\/uploads\/2025\/12\/b10a7d02-e149-4e23-a328-16bd2e5fd18f-300x240.jpg 300w, https:\/\/camaradealagoinhas.ba.gov.br\/wp-content\/uploads\/2025\/12\/b10a7d02-e149-4e23-a328-16bd2e5fd18f-768x614.jpg 768w, https:\/\/camaradealagoinhas.ba.gov.br\/wp-content\/uploads\/2025\/12\/b10a7d02-e149-4e23-a328-16bd2e5fd18f-1536x1228.jpg 1536w, https:\/\/camaradealagoinhas.ba.gov.br\/wp-content\/uploads\/2025\/12\/b10a7d02-e149-4e23-a328-16bd2e5fd18f-2048x1637.jpg 2048w\" alt=\"\" width=\"1024\" height=\"819\" \/><\/figure>\n<\/div>\n<p>Por fim, o vereador Thor de Ninha destacou a import\u00e2ncia das feiras liter\u00e1rias para a democracia e o papel da CASPAL no letramento racial. \u201cParabenizo pela luta e por reconhecer a import\u00e2ncia das feiras liter\u00e1rias. N\u00e3o existe democracia sem cultura, sem arte e sem literatura; e n\u00e3o existe democracia com racismo. Voc\u00ea tem feito um trabalho essencial de letramento racial e igualdade de oportunidades. Pode contar novamente com o nosso mandato\u201d, concluiu.<\/p>\n<div class=\"wp-block-image\">\n<figure class=\"aligncenter size-large\"><img loading=\"lazy\" decoding=\"async\" class=\"wp-image-22641\" src=\"https:\/\/camaradealagoinhas.ba.gov.br\/wp-content\/uploads\/2025\/12\/9d570bec-c59d-4e48-b791-0a754616a625-1024x819.jpg\" sizes=\"auto, (max-width: 1024px) 100vw, 1024px\" srcset=\"https:\/\/camaradealagoinhas.ba.gov.br\/wp-content\/uploads\/2025\/12\/9d570bec-c59d-4e48-b791-0a754616a625-1024x819.jpg 1024w, https:\/\/camaradealagoinhas.ba.gov.br\/wp-content\/uploads\/2025\/12\/9d570bec-c59d-4e48-b791-0a754616a625-300x240.jpg 300w, https:\/\/camaradealagoinhas.ba.gov.br\/wp-content\/uploads\/2025\/12\/9d570bec-c59d-4e48-b791-0a754616a625-768x614.jpg 768w, https:\/\/camaradealagoinhas.ba.gov.br\/wp-content\/uploads\/2025\/12\/9d570bec-c59d-4e48-b791-0a754616a625-1536x1229.jpg 1536w, https:\/\/camaradealagoinhas.ba.gov.br\/wp-content\/uploads\/2025\/12\/9d570bec-c59d-4e48-b791-0a754616a625-2048x1638.jpg 2048w\" alt=\"\" width=\"1024\" height=\"819\" \/><\/figure>\n<\/div>\n<p>&nbsp;<\/p>\n<p><strong>Ascom \u2013 C\u00e2mara Municipal de Alagoinhas<\/strong><\/p>\n<p><strong>Fotos \u2013 Jh\u00f4 Paz<\/strong><\/p>\n<div class='share-to-whatsapp-wrapper'><div class='share-on-whsp'>Share on: <\/div><a data-text='Diretora da Casa do Poeta apresenta FLICAS II e solicita emendas parlamentares para edi\u00e7\u00e3o de 2026' data-link='https:\/\/newsinfoco.com.br\/inicio\/diretora-da-casa-do-poeta-apresenta-flicas-ii-e-solicita-emendas-parlamentares-para-edicao-de-2026\/' class='whatsapp-button whatsapp-share'>WhatsApp<\/a><div class='clear '><\/div><\/div>","protected":false},"excerpt":{"rendered":"<p>Na sess\u00e3o ordin\u00e1ria realizada nesta ter\u00e7a-feira (02), a diretora fiscal da Casa do Poeta de Alagoinhas (CASPAL), Isabel Silva, utilizou a Tribuna Popular para apresentar oficialmente a FLICAS II \u2013 Festa Liter\u00e1ria da Casa do Poeta \u2013 e solicitar apoio dos vereadores por meio de emendas parlamentares. O evento, que integra o calend\u00e1rio cultural do [&hellip;]<\/p>\n","protected":false},"author":1,"featured_media":48136,"comment_status":"closed","ping_status":"closed","sticky":false,"template":"","format":"standard","meta":{"om_disable_all_campaigns":false,"_exactmetrics_skip_tracking":false,"_exactmetrics_sitenote_active":false,"_exactmetrics_sitenote_note":"","_exactmetrics_sitenote_category":0,"footnotes":""},"categories":[19],"tags":[],"class_list":["post-48135","post","type-post","status-publish","format-standard","has-post-thumbnail","hentry","category-bahia"],"aioseo_notices":[],"_links":{"self":[{"href":"https:\/\/newsinfoco.com.br\/inicio\/wp-json\/wp\/v2\/posts\/48135","targetHints":{"allow":["GET"]}}],"collection":[{"href":"https:\/\/newsinfoco.com.br\/inicio\/wp-json\/wp\/v2\/posts"}],"about":[{"href":"https:\/\/newsinfoco.com.br\/inicio\/wp-json\/wp\/v2\/types\/post"}],"author":[{"embeddable":true,"href":"https:\/\/newsinfoco.com.br\/inicio\/wp-json\/wp\/v2\/users\/1"}],"replies":[{"embeddable":true,"href":"https:\/\/newsinfoco.com.br\/inicio\/wp-json\/wp\/v2\/comments?post=48135"}],"version-history":[{"count":2,"href":"https:\/\/newsinfoco.com.br\/inicio\/wp-json\/wp\/v2\/posts\/48135\/revisions"}],"predecessor-version":[{"id":48157,"href":"https:\/\/newsinfoco.com.br\/inicio\/wp-json\/wp\/v2\/posts\/48135\/revisions\/48157"}],"wp:featuredmedia":[{"embeddable":true,"href":"https:\/\/newsinfoco.com.br\/inicio\/wp-json\/wp\/v2\/media\/48136"}],"wp:attachment":[{"href":"https:\/\/newsinfoco.com.br\/inicio\/wp-json\/wp\/v2\/media?parent=48135"}],"wp:term":[{"taxonomy":"category","embeddable":true,"href":"https:\/\/newsinfoco.com.br\/inicio\/wp-json\/wp\/v2\/categories?post=48135"},{"taxonomy":"post_tag","embeddable":true,"href":"https:\/\/newsinfoco.com.br\/inicio\/wp-json\/wp\/v2\/tags?post=48135"}],"curies":[{"name":"wp","href":"https:\/\/api.w.org\/{rel}","templated":true}]}}