{"id":48138,"date":"2025-12-03T18:10:43","date_gmt":"2025-12-03T21:10:43","guid":{"rendered":"https:\/\/newsinfoco.com.br\/inicio\/?p=48138"},"modified":"2025-12-03T18:10:43","modified_gmt":"2025-12-03T21:10:43","slug":"apos-indicacao-do-vereador-bebe-comunidade-da-conceicao-ganha-reforco-na-iluminacao-publica","status":"publish","type":"post","link":"https:\/\/newsinfoco.com.br\/inicio\/apos-indicacao-do-vereador-bebe-comunidade-da-conceicao-ganha-reforco-na-iluminacao-publica\/","title":{"rendered":"Ap\u00f3s indica\u00e7\u00e3o do vereador Beb\u00e9, comunidade da Concei\u00e7\u00e3o ganha refor\u00e7o na ilumina\u00e7\u00e3o p\u00fablica"},"content":{"rendered":"<p>Na sess\u00e3o realizada nesta ter\u00e7a-feira (02), o vereador Noberto Alves (Beb\u00e9) agradeceu \u00e0 gest\u00e3o municipal pelo atendimento da Indica\u00e7\u00e3o n\u00ba 114\/2025, de sua autoria, que solicitou a instala\u00e7\u00e3o de postes de ilumina\u00e7\u00e3o na pra\u00e7a p\u00fablica da comunidade da Concei\u00e7\u00e3o, zona rural de Alagoinhas. A proposi\u00e7\u00e3o foi lida em plen\u00e1rio no dia 7 de agosto e, segundo o vereador, a execu\u00e7\u00e3o do servi\u00e7o foi conclu\u00edda nesta semana.<\/p>\n<p>O vereador agradeceu ao secret\u00e1rio municipal de Manuten\u00e7\u00e3o, Cl\u00e1udio Espinheira, e ao prefeito Gustavo Carmo pela resposta \u00e0 demanda, destacando o empenho da equipe da empresa SELT Engenharia \u2013 que integra o Cons\u00f3rcio Luz Alagoinhas -, que trabalhou arduamente para concluir a instala\u00e7\u00e3o de cinco postes, sendo cada um com dois \u2018bra\u00e7os\u2019 de l\u00e2mpadas, al\u00e9m de outros tr\u00eas adicionais na extens\u00e3o de rede rec\u00e9m-implantada pela Neoenergia Coelba.<\/p><div class=\"newsi-conteudo_19\" id=\"newsi-894252274\"><a href=\"https:\/\/www.instagram.com\/prefeituraalagoinhas?igsh=YzgzdDJ1bWR3aWI4\" aria-label=\"SAVE_20251006_221555\"><img loading=\"lazy\" decoding=\"async\" src=\"https:\/\/newsinfoco.com.br\/inicio\/wp-content\/uploads\/2025\/10\/SAVE_20251006_221555-rotated.jpg\" alt=\"\"  srcset=\"https:\/\/newsinfoco.com.br\/inicio\/wp-content\/uploads\/2025\/10\/SAVE_20251006_221555-rotated.jpg 1140w, https:\/\/newsinfoco.com.br\/inicio\/wp-content\/uploads\/2025\/10\/SAVE_20251006_221555-300x52.jpg 300w, https:\/\/newsinfoco.com.br\/inicio\/wp-content\/uploads\/2025\/10\/SAVE_20251006_221555-1024x177.jpg 1024w, https:\/\/newsinfoco.com.br\/inicio\/wp-content\/uploads\/2025\/10\/SAVE_20251006_221555-768x133.jpg 768w, https:\/\/newsinfoco.com.br\/inicio\/wp-content\/uploads\/2025\/10\/SAVE_20251006_221555-600x104.jpg 600w, https:\/\/newsinfoco.com.br\/inicio\/wp-content\/uploads\/2025\/10\/SAVE_20251006_221555-696x120.jpg 696w, https:\/\/newsinfoco.com.br\/inicio\/wp-content\/uploads\/2025\/10\/SAVE_20251006_221555-1068x185.jpg 1068w\" sizes=\"(max-width: 1140px) 100vw, 1140px\" width=\"1140\" height=\"197\"   \/><\/a><\/div>\n<p>Em seguida, o parlamentar relatou que a pra\u00e7a permanecia escura durante a noite, o que afetava diretamente as crian\u00e7as que utilizavam o parquinho. Como morador e representante da comunidade, Beb\u00e9 afirmou ter cumprido seu papel ao apresentar a indica\u00e7\u00e3o, cobrar provid\u00eancias e acompanhar a execu\u00e7\u00e3o. Com a nova ilumina\u00e7\u00e3o, segundo ele, \u201ca pra\u00e7a agora, \u00e0 noite, est\u00e1 t\u00e3o iluminada que parece dia\u201d.<\/p>\n<p>Ele ainda enfatizou que a execu\u00e7\u00e3o de servi\u00e7os p\u00fablicos \u00e9 obriga\u00e7\u00e3o da gest\u00e3o municipal, mas nem sempre as solicita\u00e7\u00f5es encaminhadas pelos parlamentares s\u00e3o atendidas, raz\u00e3o pela qual considera justo reconhecer quando o pedido \u00e9 ouvido e executado. Manifestou gratid\u00e3o em nome da comunidade da Concei\u00e7\u00e3o e ressaltou a import\u00e2ncia de valorizar a\u00e7\u00f5es que atendem \u00e0s necessidades reais da popula\u00e7\u00e3o.<\/p>\n<p>\u201cSabemos que \u00e9 o papel do Executivo, mas nem todos os gestores cumprem o seu papel de atender \u00e0s demandas que a popula\u00e7\u00e3o precisa. Ent\u00e3o, por isso, fica aqui meu agradecimento\u201d, concluiu.<\/p>\n<p><strong>Ascom \u2013 C\u00e2mara Municipal de Alagoinhas<\/strong><\/p>\n<p><strong>Fotos \u2013 Jh\u00f4 Paz<\/strong><\/p>\n<div class='share-to-whatsapp-wrapper'><div class='share-on-whsp'>Share on: <\/div><a data-text='Ap\u00f3s indica\u00e7\u00e3o do vereador Beb\u00e9, comunidade da Concei\u00e7\u00e3o ganha refor\u00e7o na ilumina\u00e7\u00e3o p\u00fablica' data-link='https:\/\/newsinfoco.com.br\/inicio\/apos-indicacao-do-vereador-bebe-comunidade-da-conceicao-ganha-reforco-na-iluminacao-publica\/' class='whatsapp-button whatsapp-share'>WhatsApp<\/a><div class='clear '><\/div><\/div>","protected":false},"excerpt":{"rendered":"<p>Na sess\u00e3o realizada nesta ter\u00e7a-feira (02), o vereador Noberto Alves (Beb\u00e9) agradeceu \u00e0 gest\u00e3o municipal pelo atendimento da Indica\u00e7\u00e3o n\u00ba 114\/2025, de sua autoria, que solicitou a instala\u00e7\u00e3o de postes de ilumina\u00e7\u00e3o na pra\u00e7a p\u00fablica da comunidade da Concei\u00e7\u00e3o, zona rural de Alagoinhas. A proposi\u00e7\u00e3o foi lida em plen\u00e1rio no dia 7 de agosto e, [&hellip;]<\/p>\n","protected":false},"author":1,"featured_media":48140,"comment_status":"closed","ping_status":"closed","sticky":false,"template":"","format":"standard","meta":{"om_disable_all_campaigns":false,"_exactmetrics_skip_tracking":false,"_exactmetrics_sitenote_active":false,"_exactmetrics_sitenote_note":"","_exactmetrics_sitenote_category":0,"footnotes":""},"categories":[38,30,167],"tags":[],"class_list":["post-48138","post","type-post","status-publish","format-standard","has-post-thumbnail","hentry","category-alagoinhas-e-regiao","category-destaque","category-exclusivas"],"aioseo_notices":[],"_links":{"self":[{"href":"https:\/\/newsinfoco.com.br\/inicio\/wp-json\/wp\/v2\/posts\/48138","targetHints":{"allow":["GET"]}}],"collection":[{"href":"https:\/\/newsinfoco.com.br\/inicio\/wp-json\/wp\/v2\/posts"}],"about":[{"href":"https:\/\/newsinfoco.com.br\/inicio\/wp-json\/wp\/v2\/types\/post"}],"author":[{"embeddable":true,"href":"https:\/\/newsinfoco.com.br\/inicio\/wp-json\/wp\/v2\/users\/1"}],"replies":[{"embeddable":true,"href":"https:\/\/newsinfoco.com.br\/inicio\/wp-json\/wp\/v2\/comments?post=48138"}],"version-history":[{"count":1,"href":"https:\/\/newsinfoco.com.br\/inicio\/wp-json\/wp\/v2\/posts\/48138\/revisions"}],"predecessor-version":[{"id":48141,"href":"https:\/\/newsinfoco.com.br\/inicio\/wp-json\/wp\/v2\/posts\/48138\/revisions\/48141"}],"wp:featuredmedia":[{"embeddable":true,"href":"https:\/\/newsinfoco.com.br\/inicio\/wp-json\/wp\/v2\/media\/48140"}],"wp:attachment":[{"href":"https:\/\/newsinfoco.com.br\/inicio\/wp-json\/wp\/v2\/media?parent=48138"}],"wp:term":[{"taxonomy":"category","embeddable":true,"href":"https:\/\/newsinfoco.com.br\/inicio\/wp-json\/wp\/v2\/categories?post=48138"},{"taxonomy":"post_tag","embeddable":true,"href":"https:\/\/newsinfoco.com.br\/inicio\/wp-json\/wp\/v2\/tags?post=48138"}],"curies":[{"name":"wp","href":"https:\/\/api.w.org\/{rel}","templated":true}]}}