{"id":48139,"date":"2025-12-03T18:12:33","date_gmt":"2025-12-03T21:12:33","guid":{"rendered":"https:\/\/newsinfoco.com.br\/inicio\/?p=48139"},"modified":"2025-12-03T18:12:33","modified_gmt":"2025-12-03T21:12:33","slug":"vereadores-cobram-governo-do-estado-por-salarios-atrasados-no-hospital-dantas-biao-discutem-politicas-raciais-e-criticam-demissao-de-lideranca-cultural","status":"publish","type":"post","link":"https:\/\/newsinfoco.com.br\/inicio\/vereadores-cobram-governo-do-estado-por-salarios-atrasados-no-hospital-dantas-biao-discutem-politicas-raciais-e-criticam-demissao-de-lideranca-cultural\/","title":{"rendered":"Vereadores cobram governo do estado por sal\u00e1rios atrasados no Hospital Dantas Bi\u00e3o, discutem pol\u00edticas raciais e criticam demiss\u00e3o de lideran\u00e7a cultural"},"content":{"rendered":"<p>A sess\u00e3o ordin\u00e1ria desta ter\u00e7a-feira (2) foi palco de debates que atravessaram a gest\u00e3o da sa\u00fade p\u00fablica, o combate ao racismo e a defesa das culturas populares.<\/p>\n<p>O vereador Luciano Almeida abriu a discuss\u00e3o no grande expediente apresentando den\u00fancias sobre o n\u00e3o pagamento de sal\u00e1rios a profissionais que trabalham no Hospital Regional Dantas Bi\u00e3o. Ele relatou ter sido procurado por tr\u00eas m\u00e9dicos e uma m\u00e9dica que, mesmo cumprindo exaustivos plant\u00f5es de 24 horas para salvar vidas, continuam com os sal\u00e1rios de setembro e outubro atrasados, com a folha de novembro prestes a vencer no dia 20 de dezembro.<\/p><div class=\"newsi-conteudo_19\" id=\"newsi-2001495771\"><a href=\"https:\/\/www.instagram.com\/prefeituraalagoinhas?igsh=YzgzdDJ1bWR3aWI4\" aria-label=\"SAVE_20251006_221555\"><img loading=\"lazy\" decoding=\"async\" src=\"https:\/\/newsinfoco.com.br\/inicio\/wp-content\/uploads\/2025\/10\/SAVE_20251006_221555-rotated.jpg\" alt=\"\"  srcset=\"https:\/\/newsinfoco.com.br\/inicio\/wp-content\/uploads\/2025\/10\/SAVE_20251006_221555-rotated.jpg 1140w, https:\/\/newsinfoco.com.br\/inicio\/wp-content\/uploads\/2025\/10\/SAVE_20251006_221555-300x52.jpg 300w, https:\/\/newsinfoco.com.br\/inicio\/wp-content\/uploads\/2025\/10\/SAVE_20251006_221555-1024x177.jpg 1024w, https:\/\/newsinfoco.com.br\/inicio\/wp-content\/uploads\/2025\/10\/SAVE_20251006_221555-768x133.jpg 768w, https:\/\/newsinfoco.com.br\/inicio\/wp-content\/uploads\/2025\/10\/SAVE_20251006_221555-600x104.jpg 600w, https:\/\/newsinfoco.com.br\/inicio\/wp-content\/uploads\/2025\/10\/SAVE_20251006_221555-696x120.jpg 696w, https:\/\/newsinfoco.com.br\/inicio\/wp-content\/uploads\/2025\/10\/SAVE_20251006_221555-1068x185.jpg 1068w\" sizes=\"(max-width: 1140px) 100vw, 1140px\" width=\"1140\" height=\"197\"   \/><\/a><\/div>\n<p>Luciano classificou a situa\u00e7\u00e3o como absurda, descrevendo a ang\u00fastia destes profissionais em rela\u00e7\u00e3o ao pagamento de suas contas. \u00a0O parlamentar\u00a0 criticou o governo do estado, afirmando que a gest\u00e3o faz uma \u201ccampanha tamanho G\u201d, mas tem mais de 900 obras paradas pela Bahia, resumindo a administra\u00e7\u00e3o a \u201cmuita promessa e pouca a\u00e7\u00e3o\u201d.<\/p>\n<div class=\"wp-block-image\">\n<figure class=\"aligncenter size-large\"><img loading=\"lazy\" decoding=\"async\" class=\"wp-image-22624\" src=\"https:\/\/camaradealagoinhas.ba.gov.br\/wp-content\/uploads\/2025\/12\/3-1024x819.jpg\" sizes=\"auto, (max-width: 1024px) 100vw, 1024px\" srcset=\"https:\/\/camaradealagoinhas.ba.gov.br\/wp-content\/uploads\/2025\/12\/3-1024x819.jpg 1024w, https:\/\/camaradealagoinhas.ba.gov.br\/wp-content\/uploads\/2025\/12\/3-300x240.jpg 300w, https:\/\/camaradealagoinhas.ba.gov.br\/wp-content\/uploads\/2025\/12\/3-768x614.jpg 768w, https:\/\/camaradealagoinhas.ba.gov.br\/wp-content\/uploads\/2025\/12\/3-1536x1229.jpg 1536w, https:\/\/camaradealagoinhas.ba.gov.br\/wp-content\/uploads\/2025\/12\/3-2048x1638.jpg 2048w\" alt=\"\" width=\"1024\" height=\"819\" \/><\/figure>\n<\/div>\n<p>Em resposta, o vereador Thor de Ninha garantiu que ligar\u00e1 para a diretoria da unidade e, se necess\u00e1rio, acionar\u00e1 a SESAB para assegurar o pagamento dos trabalhadores, mas fez uma defesa robusta do governo estadual.<\/p>\n<p>O parlamentar elencou investimentos maci\u00e7os, como os R$ 160 milh\u00f5es no novo Hospital Dantas Bi\u00e3o, a implanta\u00e7\u00e3o de uma UPA 24h e a retomada das cirurgias eletivas \u2013 incluindo oftalmol\u00f3gicas e futuramente de varizes-, servi\u00e7o que, segundo ele, estava fechado desde as gest\u00f5es de Paulo Cezar e Joaquim Neto.<\/p>\n<div class=\"wp-block-image\">\n<figure class=\"aligncenter size-large\"><img loading=\"lazy\" decoding=\"async\" class=\"wp-image-22625\" src=\"https:\/\/camaradealagoinhas.ba.gov.br\/wp-content\/uploads\/2025\/12\/6-1024x683.jpg\" sizes=\"auto, (max-width: 1024px) 100vw, 1024px\" srcset=\"https:\/\/camaradealagoinhas.ba.gov.br\/wp-content\/uploads\/2025\/12\/6-1024x683.jpg 1024w, https:\/\/camaradealagoinhas.ba.gov.br\/wp-content\/uploads\/2025\/12\/6-300x200.jpg 300w, https:\/\/camaradealagoinhas.ba.gov.br\/wp-content\/uploads\/2025\/12\/6-768x512.jpg 768w, https:\/\/camaradealagoinhas.ba.gov.br\/wp-content\/uploads\/2025\/12\/6-1536x1024.jpg 1536w, https:\/\/camaradealagoinhas.ba.gov.br\/wp-content\/uploads\/2025\/12\/6-2048x1365.jpg 2048w\" alt=\"\" width=\"1024\" height=\"683\" \/><\/figure>\n<\/div>\n<p>Thor destacou a revolu\u00e7\u00e3o na educa\u00e7\u00e3o com a entrega de 630 escolas de tempo integral que n\u00e3o possuem apenas cantinas, mas restaurantes e piscinas ol\u00edmpicas, elevando a autoestima dos alunos, majoritariamente negros e da periferia.<\/p>\n<p>O vereador aprofundou o debate racial citando o reconhecimento pelo STF do \u201cEstado de Coisas Inconstitucional\u201d, que admite a omiss\u00e3o hist\u00f3rica do Estado brasileiro em permitir que negros sejam maioria nos pres\u00eddios, nos subempregos e nos hospitais, enquanto brancos dominam os espa\u00e7os de poder. Ele defendeu as cotas raciais n\u00e3o como privil\u00e9gio, mas como ferramenta de equipara\u00e7\u00e3o de oportunidades, e exaltou a justi\u00e7a tribut\u00e1ria do Governo Lula, que isenta de imposto de renda quem ganha at\u00e9 R$ 5 mil, taxando os mais ricos para aliviar os pobres.<\/p>\n<p>O vereador Luciano Almeida interveio para ampliar o escopo da discuss\u00e3o racial, lembrando a exist\u00eancia do racismo religioso que tamb\u00e9m vitima a popula\u00e7\u00e3o. Ele cobrou o vereador Thor sobre o Dia de Marielle Franco, data criada por lei municipal de autoria do colega, mas que \u201cnunca foi feita men\u00e7\u00e3o nos anos subsequentes\u201d.<\/p>\n<p>O opositor criticou ainda a postura da ministra da Igualdade Racial, Anielle Franco, irm\u00e3 de Marielle, apontando o sil\u00eancio dela e a falta de movimentos contundentes diante da soltura e pris\u00e3o domiciliar dos irm\u00e3os Braz\u00e3o, acusados de serem os mandantes do crime.<\/p>\n<p>Retomando a palavra,\u00a0 Thor de Ninha incorporou a cr\u00edtica sobre o racismo religioso, concordando que toda forma de preconceito deve ser combatida. Ele justificou que, embora n\u00e3o tenha havido uma grande atividade espec\u00edfica para a data de Marielle, seu mandato possui um vasto arcabou\u00e7o legislativo antirracista.<\/p>\n<p>Thor citou projetos de sua autoria como o \u201cDi\u00e1logo Di\u00e1rio Antirracista\u201d, a forma\u00e7\u00e3o continuada para servidores, as cotas de 50% em concursos e a Lei do Primeiro Emprego, que reserva metade das vagas para jovens negros. Ele reafirmou que o racismo \u00e9 estrutural e que a luta para desmantel\u00e1-lo deve envolver negros e brancos, pois o preconceito est\u00e1 na base da sociedade.<\/p>\n<p>A vereadora Juci Cardoso definiu o racismo estrutural como a explica\u00e7\u00e3o para as desigualdades que atingem, sobretudo, mulheres negras e m\u00e3es solo das periferias, que criam filhos em situa\u00e7\u00e3o de extrema pobreza.<\/p>\n<p>Juci rebateu a cobran\u00e7a feita \u00e0 ministra Anielle Franco, argumentando que \u00e9 injusto exigir posicionamento de quem vive o luto di\u00e1rio e v\u00ea a imagem da irm\u00e3 desfigurada. \u201cPor que voc\u00ea, homem, n\u00e3o se levanta e questiona o homem que matou e mandou matar?\u201d, indagou.<\/p>\n<div class=\"wp-block-image\">\n<figure class=\"aligncenter size-large\"><img loading=\"lazy\" decoding=\"async\" class=\"wp-image-22626\" src=\"https:\/\/camaradealagoinhas.ba.gov.br\/wp-content\/uploads\/2025\/12\/4-1024x820.jpg\" sizes=\"auto, (max-width: 1024px) 100vw, 1024px\" srcset=\"https:\/\/camaradealagoinhas.ba.gov.br\/wp-content\/uploads\/2025\/12\/4-1024x820.jpg 1024w, https:\/\/camaradealagoinhas.ba.gov.br\/wp-content\/uploads\/2025\/12\/4-300x240.jpg 300w, https:\/\/camaradealagoinhas.ba.gov.br\/wp-content\/uploads\/2025\/12\/4-768x615.jpg 768w, https:\/\/camaradealagoinhas.ba.gov.br\/wp-content\/uploads\/2025\/12\/4-1536x1229.jpg 1536w, https:\/\/camaradealagoinhas.ba.gov.br\/wp-content\/uploads\/2025\/12\/4-2048x1639.jpg 2048w\" alt=\"\" width=\"1024\" height=\"820\" \/><\/figure>\n<\/div>\n<p>A vereadora finalizou seu discurso com um ato de rep\u00fadio \u00e0 demiss\u00e3o de Ol\u00edvia Silva do Instituto do Patrim\u00f4nio Art\u00edstico e Cultural da Bahia (IPAC).<\/p>\n<p>Descrevendo Ol\u00edvia como uma mulher negra, retinta, de Irar\u00e1, e refer\u00eancia nacional na capoeira e no samba de roda, Juci denunciou que o desligamento ocorreu sem di\u00e1logo porque Ol\u00edvia \u201ccolocava o dedo na ferida\u201d na defesa das comunidades. Mesmo sendo da base do governo do estado, Juci afirmou que a coer\u00eancia exige questionar erros que prejudicam o territ\u00f3rio e as culturas populares, prestando solidariedade a Ol\u00edvia Silva.<\/p>\n<p><strong>Ascom \u2013 C\u00e2mara Municipal de Alagoinhas<\/strong><\/p>\n<p><strong>Fotos \u2013 Jh\u00f4 Paz<\/strong><\/p>\n<div class='share-to-whatsapp-wrapper'><div class='share-on-whsp'>Share on: <\/div><a data-text='Vereadores cobram governo do estado por sal\u00e1rios atrasados no Hospital Dantas Bi\u00e3o, discutem pol\u00edticas raciais e criticam demiss\u00e3o de lideran\u00e7a cultural' data-link='https:\/\/newsinfoco.com.br\/inicio\/vereadores-cobram-governo-do-estado-por-salarios-atrasados-no-hospital-dantas-biao-discutem-politicas-raciais-e-criticam-demissao-de-lideranca-cultural\/' class='whatsapp-button whatsapp-share'>WhatsApp<\/a><div class='clear '><\/div><\/div>","protected":false},"excerpt":{"rendered":"<p>A sess\u00e3o ordin\u00e1ria desta ter\u00e7a-feira (2) foi palco de debates que atravessaram a gest\u00e3o da sa\u00fade p\u00fablica, o combate ao racismo e a defesa das culturas populares. O vereador Luciano Almeida abriu a discuss\u00e3o no grande expediente apresentando den\u00fancias sobre o n\u00e3o pagamento de sal\u00e1rios a profissionais que trabalham no Hospital Regional Dantas Bi\u00e3o. Ele [&hellip;]<\/p>\n","protected":false},"author":1,"featured_media":48143,"comment_status":"closed","ping_status":"closed","sticky":false,"template":"","format":"standard","meta":{"om_disable_all_campaigns":false,"_exactmetrics_skip_tracking":false,"_exactmetrics_sitenote_active":false,"_exactmetrics_sitenote_note":"","_exactmetrics_sitenote_category":0,"footnotes":""},"categories":[19],"tags":[],"class_list":["post-48139","post","type-post","status-publish","format-standard","has-post-thumbnail","hentry","category-bahia"],"aioseo_notices":[],"_links":{"self":[{"href":"https:\/\/newsinfoco.com.br\/inicio\/wp-json\/wp\/v2\/posts\/48139","targetHints":{"allow":["GET"]}}],"collection":[{"href":"https:\/\/newsinfoco.com.br\/inicio\/wp-json\/wp\/v2\/posts"}],"about":[{"href":"https:\/\/newsinfoco.com.br\/inicio\/wp-json\/wp\/v2\/types\/post"}],"author":[{"embeddable":true,"href":"https:\/\/newsinfoco.com.br\/inicio\/wp-json\/wp\/v2\/users\/1"}],"replies":[{"embeddable":true,"href":"https:\/\/newsinfoco.com.br\/inicio\/wp-json\/wp\/v2\/comments?post=48139"}],"version-history":[{"count":1,"href":"https:\/\/newsinfoco.com.br\/inicio\/wp-json\/wp\/v2\/posts\/48139\/revisions"}],"predecessor-version":[{"id":48144,"href":"https:\/\/newsinfoco.com.br\/inicio\/wp-json\/wp\/v2\/posts\/48139\/revisions\/48144"}],"wp:featuredmedia":[{"embeddable":true,"href":"https:\/\/newsinfoco.com.br\/inicio\/wp-json\/wp\/v2\/media\/48143"}],"wp:attachment":[{"href":"https:\/\/newsinfoco.com.br\/inicio\/wp-json\/wp\/v2\/media?parent=48139"}],"wp:term":[{"taxonomy":"category","embeddable":true,"href":"https:\/\/newsinfoco.com.br\/inicio\/wp-json\/wp\/v2\/categories?post=48139"},{"taxonomy":"post_tag","embeddable":true,"href":"https:\/\/newsinfoco.com.br\/inicio\/wp-json\/wp\/v2\/tags?post=48139"}],"curies":[{"name":"wp","href":"https:\/\/api.w.org\/{rel}","templated":true}]}}