{"id":48142,"date":"2025-12-03T18:13:57","date_gmt":"2025-12-03T21:13:57","guid":{"rendered":"https:\/\/newsinfoco.com.br\/inicio\/?p=48142"},"modified":"2025-12-03T18:13:57","modified_gmt":"2025-12-03T21:13:57","slug":"vereador-luciano-almeida-cobra-pagamento-do-bolsa-atleta-e-questiona-ausencia-de-recursos-no-orcamento-2026","status":"publish","type":"post","link":"https:\/\/newsinfoco.com.br\/inicio\/vereador-luciano-almeida-cobra-pagamento-do-bolsa-atleta-e-questiona-ausencia-de-recursos-no-orcamento-2026\/","title":{"rendered":"Vereador Luciano Almeida cobra pagamento do Bolsa Atleta e questiona aus\u00eancia de recursos no Or\u00e7amento 2026"},"content":{"rendered":"<p>Na sess\u00e3o ordin\u00e1ria realizada nesta ter\u00e7a-feira (2), o vereador Luciano Almeida cobrou o pagamento dos valores relativos ao programa Bolsa Atleta.<\/p>\n<p>O parlamentar solicitou celeridade do Executivo, alertando para o prazo limite de pagamentos da Prefeitura de Alagoinhas, previsto para ocorrer entre os dias 10 e 15 de dezembro. Segundo ele, embora o aporte financeiro para o programa tenha sido fruto de emenda coletiva dos vereadores, nenhum atleta recebeu as parcelas prometidas at\u00e9 o momento.<\/p><div class=\"newsi-conteudo_19\" id=\"newsi-3602507791\"><a href=\"https:\/\/www.instagram.com\/prefeituraalagoinhas?igsh=YzgzdDJ1bWR3aWI4\" aria-label=\"SAVE_20251006_221555\"><img loading=\"lazy\" decoding=\"async\" src=\"https:\/\/newsinfoco.com.br\/inicio\/wp-content\/uploads\/2025\/10\/SAVE_20251006_221555-rotated.jpg\" alt=\"\"  srcset=\"https:\/\/newsinfoco.com.br\/inicio\/wp-content\/uploads\/2025\/10\/SAVE_20251006_221555-rotated.jpg 1140w, https:\/\/newsinfoco.com.br\/inicio\/wp-content\/uploads\/2025\/10\/SAVE_20251006_221555-300x52.jpg 300w, https:\/\/newsinfoco.com.br\/inicio\/wp-content\/uploads\/2025\/10\/SAVE_20251006_221555-1024x177.jpg 1024w, https:\/\/newsinfoco.com.br\/inicio\/wp-content\/uploads\/2025\/10\/SAVE_20251006_221555-768x133.jpg 768w, https:\/\/newsinfoco.com.br\/inicio\/wp-content\/uploads\/2025\/10\/SAVE_20251006_221555-600x104.jpg 600w, https:\/\/newsinfoco.com.br\/inicio\/wp-content\/uploads\/2025\/10\/SAVE_20251006_221555-696x120.jpg 696w, https:\/\/newsinfoco.com.br\/inicio\/wp-content\/uploads\/2025\/10\/SAVE_20251006_221555-1068x185.jpg 1068w\" sizes=\"(max-width: 1140px) 100vw, 1140px\" width=\"1140\" height=\"197\"   \/><\/a><\/div>\n<p>\u201cO ano fiscal da Prefeitura j\u00e1 se encerra agora. Como ser\u00e1 feito o pagamento ap\u00f3s isso? Vai ser colocado em restos a pagar? Vai ficar para o ano que vem zerar o game e termos que fazer nova emenda coletiva?\u201d, questionou. O vereador citou o exemplo de talentos locais, como fisiculturistas premiados, que n\u00e3o foram contemplados ou que aguardam o repasse, e criticou a aus\u00eancia de di\u00e1logo por parte da Secretaria de Cultura, Esporte e Turismo (SECET).<\/p>\n<p>Outro ponto cr\u00edtico apresentado foi a aus\u00eancia de recursos previstos na Lei Or\u00e7ament\u00e1ria Anual (LOA) para o Bolsa Atleta em 2026. O parlamentar prop\u00f4s aos colegas que as emendas impositivas sejam suspensas at\u00e9 que o secret\u00e1rio da pasta e a comiss\u00e3o do programa compare\u00e7am \u00e0 Casa para prestar esclarecimentos.<\/p>\n<p>O vereador tamb\u00e9m defendeu a amplia\u00e7\u00e3o do programa para modalidades coletivas, como basquete, futsal, v\u00f4lei e futebol, que atualmente n\u00e3o s\u00e3o contempladas, e sugeriu alternativas log\u00edsticas, como o custeio direto de passagens e inscri\u00e7\u00f5es para competi\u00e7\u00f5es, ao inv\u00e9s do repasse financeiro direto, visando atender a um n\u00famero maior de desportistas.<\/p>\n<p>Em resposta, o vereador Thor de Ninha afirmou que o secret\u00e1rio da pasta, Jo\u00e3o Henrique, vir\u00e1 \u00e0 C\u00e2mara para discutir o pagamento e as perspectivas para o pr\u00f3ximo ano. Thor explicou que o atraso ocorreu devido a dificuldades na forma\u00e7\u00e3o do Conselho Municipal de Esporte, o que retardou o processo de edital e credenciamento.<\/p>\n<div class=\"wp-block-image\">\n<figure class=\"aligncenter size-large\"><img loading=\"lazy\" decoding=\"async\" class=\"wp-image-22621\" src=\"https:\/\/camaradealagoinhas.ba.gov.br\/wp-content\/uploads\/2025\/12\/1-1024x819.jpg\" sizes=\"auto, (max-width: 1024px) 100vw, 1024px\" srcset=\"https:\/\/camaradealagoinhas.ba.gov.br\/wp-content\/uploads\/2025\/12\/1-1024x819.jpg 1024w, https:\/\/camaradealagoinhas.ba.gov.br\/wp-content\/uploads\/2025\/12\/1-300x240.jpg 300w, https:\/\/camaradealagoinhas.ba.gov.br\/wp-content\/uploads\/2025\/12\/1-768x614.jpg 768w, https:\/\/camaradealagoinhas.ba.gov.br\/wp-content\/uploads\/2025\/12\/1-1536x1229.jpg 1536w, https:\/\/camaradealagoinhas.ba.gov.br\/wp-content\/uploads\/2025\/12\/1-2048x1638.jpg 2048w\" alt=\"\" width=\"1024\" height=\"819\" \/><\/figure>\n<\/div>\n<p>No entanto, o parlamentar tranquilizou os atletas quanto ao recebimento dos valores. \u201cTem recurso previsto no or\u00e7amento, fruto de emenda coletiva. Se n\u00e3o for pago este ano, h\u00e1 instrumentos legais para isso, como o empenho em \u2018restos a pagar\u2019 ou \u2018despesas de exerc\u00edcios anteriores\u2019. O importante \u00e9 que a Prefeitura arque com o compromisso\u201d, afirmou.<\/p>\n<p><strong>Ascom \u2013 C\u00e2mara Municipal de Alagoinhas<\/strong><\/p>\n<p><strong>Fotos \u2013 Jh\u00f4 Paz<\/strong><\/p>\n<div class='share-to-whatsapp-wrapper'><div class='share-on-whsp'>Share on: <\/div><a data-text='Vereador Luciano Almeida cobra pagamento do Bolsa Atleta e questiona aus\u00eancia de recursos no Or\u00e7amento 2026' data-link='https:\/\/newsinfoco.com.br\/inicio\/vereador-luciano-almeida-cobra-pagamento-do-bolsa-atleta-e-questiona-ausencia-de-recursos-no-orcamento-2026\/' class='whatsapp-button whatsapp-share'>WhatsApp<\/a><div class='clear '><\/div><\/div>","protected":false},"excerpt":{"rendered":"<p>Na sess\u00e3o ordin\u00e1ria realizada nesta ter\u00e7a-feira (2), o vereador Luciano Almeida cobrou o pagamento dos valores relativos ao programa Bolsa Atleta. O parlamentar solicitou celeridade do Executivo, alertando para o prazo limite de pagamentos da Prefeitura de Alagoinhas, previsto para ocorrer entre os dias 10 e 15 de dezembro. Segundo ele, embora o aporte financeiro [&hellip;]<\/p>\n","protected":false},"author":1,"featured_media":48145,"comment_status":"closed","ping_status":"closed","sticky":false,"template":"","format":"standard","meta":{"om_disable_all_campaigns":false,"_exactmetrics_skip_tracking":false,"_exactmetrics_sitenote_active":false,"_exactmetrics_sitenote_note":"","_exactmetrics_sitenote_category":0,"footnotes":""},"categories":[38,30,167],"tags":[],"class_list":["post-48142","post","type-post","status-publish","format-standard","has-post-thumbnail","hentry","category-alagoinhas-e-regiao","category-destaque","category-exclusivas"],"aioseo_notices":[],"_links":{"self":[{"href":"https:\/\/newsinfoco.com.br\/inicio\/wp-json\/wp\/v2\/posts\/48142","targetHints":{"allow":["GET"]}}],"collection":[{"href":"https:\/\/newsinfoco.com.br\/inicio\/wp-json\/wp\/v2\/posts"}],"about":[{"href":"https:\/\/newsinfoco.com.br\/inicio\/wp-json\/wp\/v2\/types\/post"}],"author":[{"embeddable":true,"href":"https:\/\/newsinfoco.com.br\/inicio\/wp-json\/wp\/v2\/users\/1"}],"replies":[{"embeddable":true,"href":"https:\/\/newsinfoco.com.br\/inicio\/wp-json\/wp\/v2\/comments?post=48142"}],"version-history":[{"count":1,"href":"https:\/\/newsinfoco.com.br\/inicio\/wp-json\/wp\/v2\/posts\/48142\/revisions"}],"predecessor-version":[{"id":48146,"href":"https:\/\/newsinfoco.com.br\/inicio\/wp-json\/wp\/v2\/posts\/48142\/revisions\/48146"}],"wp:featuredmedia":[{"embeddable":true,"href":"https:\/\/newsinfoco.com.br\/inicio\/wp-json\/wp\/v2\/media\/48145"}],"wp:attachment":[{"href":"https:\/\/newsinfoco.com.br\/inicio\/wp-json\/wp\/v2\/media?parent=48142"}],"wp:term":[{"taxonomy":"category","embeddable":true,"href":"https:\/\/newsinfoco.com.br\/inicio\/wp-json\/wp\/v2\/categories?post=48142"},{"taxonomy":"post_tag","embeddable":true,"href":"https:\/\/newsinfoco.com.br\/inicio\/wp-json\/wp\/v2\/tags?post=48142"}],"curies":[{"name":"wp","href":"https:\/\/api.w.org\/{rel}","templated":true}]}}