{"id":48147,"date":"2025-12-03T18:15:41","date_gmt":"2025-12-03T21:15:41","guid":{"rendered":"https:\/\/newsinfoco.com.br\/inicio\/?p=48147"},"modified":"2025-12-03T18:15:41","modified_gmt":"2025-12-03T21:15:41","slug":"doce-lar-habitacao-alagoinhas-divulga-cronograma-e-criterios-de-selecao-para-o-minha-casa-minha-vida","status":"publish","type":"post","link":"https:\/\/newsinfoco.com.br\/inicio\/doce-lar-habitacao-alagoinhas-divulga-cronograma-e-criterios-de-selecao-para-o-minha-casa-minha-vida\/","title":{"rendered":"Doce Lar Habita\u00e7\u00e3o: Alagoinhas divulga cronograma e crit\u00e9rios de sele\u00e7\u00e3o para o Minha Casa Minha Vida"},"content":{"rendered":"<p>A Prefeitura de Alagoinhas, por meio da Secretaria de Desenvolvimento Social (Sedes), divulgou o cronograma da sele\u00e7\u00e3o das unidades habitacionais dos conjuntos Curi\u00f3 e Filgueiras, vinculadas ao programa Doce Lar Habita\u00e7\u00e3o \u2014 Minha Casa Minha Vida. Mais de 30 mil pessoas se inscreveram.<\/p>\n<p>A lista contendo todas as inscri\u00e7\u00f5es efetivadas ser\u00e1 publicada no dia 3 de dezembro. No dia 4, saem a lista de pr\u00e9-selecionados e a lista hierarquizada, que trar\u00e1 cerca de 600 nomes, correspondendo a 130% das 418 unidades dispon\u00edveis. Essa margem permite substituir candidatos que n\u00e3o comprovarem as informa\u00e7\u00f5es prestadas.<\/p><div class=\"newsi-conteudo_19\" id=\"newsi-2335511776\"><a href=\"https:\/\/www.instagram.com\/prefeituraalagoinhas?igsh=YzgzdDJ1bWR3aWI4\" aria-label=\"SAVE_20251006_221555\"><img loading=\"lazy\" decoding=\"async\" src=\"https:\/\/newsinfoco.com.br\/inicio\/wp-content\/uploads\/2025\/10\/SAVE_20251006_221555-rotated.jpg\" alt=\"\"  srcset=\"https:\/\/newsinfoco.com.br\/inicio\/wp-content\/uploads\/2025\/10\/SAVE_20251006_221555-rotated.jpg 1140w, https:\/\/newsinfoco.com.br\/inicio\/wp-content\/uploads\/2025\/10\/SAVE_20251006_221555-300x52.jpg 300w, https:\/\/newsinfoco.com.br\/inicio\/wp-content\/uploads\/2025\/10\/SAVE_20251006_221555-1024x177.jpg 1024w, https:\/\/newsinfoco.com.br\/inicio\/wp-content\/uploads\/2025\/10\/SAVE_20251006_221555-768x133.jpg 768w, https:\/\/newsinfoco.com.br\/inicio\/wp-content\/uploads\/2025\/10\/SAVE_20251006_221555-600x104.jpg 600w, https:\/\/newsinfoco.com.br\/inicio\/wp-content\/uploads\/2025\/10\/SAVE_20251006_221555-696x120.jpg 696w, https:\/\/newsinfoco.com.br\/inicio\/wp-content\/uploads\/2025\/10\/SAVE_20251006_221555-1068x185.jpg 1068w\" sizes=\"(max-width: 1140px) 100vw, 1140px\" width=\"1140\" height=\"197\"   \/><\/a><\/div>\n<p>Segundo a secret\u00e1ria de Desenvolvimento Social, Lianne Carmo, a hierarquiza\u00e7\u00e3o \u00e9 feita automaticamente por um sistema homologado pelo Minist\u00e9rio das Cidades, com base na Portaria n\u00ba 738\/2024. J\u00e1 a gerente de Habita\u00e7\u00e3o, Lorena Rocha, destaca que a sele\u00e7\u00e3o segue crit\u00e9rios como pessoa negra, pessoa com defici\u00eancia, situa\u00e7\u00e3o de rua, mulheres chefes de fam\u00edlia, benefici\u00e1rios do BPC e Bolsa Fam\u00edlia, e mulheres em situa\u00e7\u00e3o de viol\u00eancia.<\/p>\n<p>Os pr\u00e9-selecionados dever\u00e3o comparecer no dia 5 de dezembro para comprova\u00e7\u00e3o documental. Ap\u00f3s essa etapa, ser\u00e1 definida a lista final de benefici\u00e1rios, incluindo as vagas reservadas para idosos e pessoas com defici\u00eancia.<\/p>\n<div align=\"right\"><\/div>\n<div class='share-to-whatsapp-wrapper'><div class='share-on-whsp'>Share on: <\/div><a data-text='Doce Lar Habita\u00e7\u00e3o: Alagoinhas divulga cronograma e crit\u00e9rios de sele\u00e7\u00e3o para o Minha Casa Minha Vida' data-link='https:\/\/newsinfoco.com.br\/inicio\/doce-lar-habitacao-alagoinhas-divulga-cronograma-e-criterios-de-selecao-para-o-minha-casa-minha-vida\/' class='whatsapp-button whatsapp-share'>WhatsApp<\/a><div class='clear '><\/div><\/div>","protected":false},"excerpt":{"rendered":"<p>A Prefeitura de Alagoinhas, por meio da Secretaria de Desenvolvimento Social (Sedes), divulgou o cronograma da sele\u00e7\u00e3o das unidades habitacionais dos conjuntos Curi\u00f3 e Filgueiras, vinculadas ao programa Doce Lar Habita\u00e7\u00e3o \u2014 Minha Casa Minha Vida. Mais de 30 mil pessoas se inscreveram. A lista contendo todas as inscri\u00e7\u00f5es efetivadas ser\u00e1 publicada no dia 3 [&hellip;]<\/p>\n","protected":false},"author":1,"featured_media":48148,"comment_status":"closed","ping_status":"closed","sticky":false,"template":"","format":"standard","meta":{"om_disable_all_campaigns":false,"_exactmetrics_skip_tracking":false,"_exactmetrics_sitenote_active":false,"_exactmetrics_sitenote_note":"","_exactmetrics_sitenote_category":0,"footnotes":""},"categories":[38,30,167],"tags":[],"class_list":["post-48147","post","type-post","status-publish","format-standard","has-post-thumbnail","hentry","category-alagoinhas-e-regiao","category-destaque","category-exclusivas"],"aioseo_notices":[],"_links":{"self":[{"href":"https:\/\/newsinfoco.com.br\/inicio\/wp-json\/wp\/v2\/posts\/48147","targetHints":{"allow":["GET"]}}],"collection":[{"href":"https:\/\/newsinfoco.com.br\/inicio\/wp-json\/wp\/v2\/posts"}],"about":[{"href":"https:\/\/newsinfoco.com.br\/inicio\/wp-json\/wp\/v2\/types\/post"}],"author":[{"embeddable":true,"href":"https:\/\/newsinfoco.com.br\/inicio\/wp-json\/wp\/v2\/users\/1"}],"replies":[{"embeddable":true,"href":"https:\/\/newsinfoco.com.br\/inicio\/wp-json\/wp\/v2\/comments?post=48147"}],"version-history":[{"count":1,"href":"https:\/\/newsinfoco.com.br\/inicio\/wp-json\/wp\/v2\/posts\/48147\/revisions"}],"predecessor-version":[{"id":48149,"href":"https:\/\/newsinfoco.com.br\/inicio\/wp-json\/wp\/v2\/posts\/48147\/revisions\/48149"}],"wp:featuredmedia":[{"embeddable":true,"href":"https:\/\/newsinfoco.com.br\/inicio\/wp-json\/wp\/v2\/media\/48148"}],"wp:attachment":[{"href":"https:\/\/newsinfoco.com.br\/inicio\/wp-json\/wp\/v2\/media?parent=48147"}],"wp:term":[{"taxonomy":"category","embeddable":true,"href":"https:\/\/newsinfoco.com.br\/inicio\/wp-json\/wp\/v2\/categories?post=48147"},{"taxonomy":"post_tag","embeddable":true,"href":"https:\/\/newsinfoco.com.br\/inicio\/wp-json\/wp\/v2\/tags?post=48147"}],"curies":[{"name":"wp","href":"https:\/\/api.w.org\/{rel}","templated":true}]}}