{"id":48153,"date":"2025-12-03T18:19:27","date_gmt":"2025-12-03T21:19:27","guid":{"rendered":"https:\/\/newsinfoco.com.br\/inicio\/?p=48153"},"modified":"2025-12-03T18:19:27","modified_gmt":"2025-12-03T21:19:27","slug":"lista-de-inscritos-do-doce-lar-habitacao-minha-casa-minha-vida-de-alagoinhas-e-divulgada","status":"publish","type":"post","link":"https:\/\/newsinfoco.com.br\/inicio\/lista-de-inscritos-do-doce-lar-habitacao-minha-casa-minha-vida-de-alagoinhas-e-divulgada\/","title":{"rendered":"Lista de inscritos do Doce Lar Habita\u00e7\u00e3o \u2013 Minha Casa Minha Vida de Alagoinhas \u00e9 divulgada"},"content":{"rendered":"<p>A Prefeitura de Alagoinhas informa que est\u00e1 dispon\u00edvel a lista dos inscritos no Programa Doce Lar Habita\u00e7\u00e3o \u2013 Minha Casa Minha Vida. Ao todo, foram 29.773 participantes concorrendo a unidades nos conjuntos Residencial Curi\u00f3, com 250 casas, na Baixa da Candeia, e Filgueiras I, com 168 resid\u00eancias, localizado na Rua do Catu.<\/p>\n<p>O documento com os nomes pode ser acessado atrav\u00e9s do link do Di\u00e1rio Oficial do Munic\u00edpio:\u00a0<a href=\"https:\/\/doem.org.br\/ba\/alagoinhas?dt=2025-12-03\">https:\/\/doem.org.br\/ba\/alagoinhas?dt=2025-12-03<\/a><\/p><div class=\"newsi-conteudo_19\" id=\"newsi-729330286\"><a href=\"https:\/\/www.instagram.com\/prefeituraalagoinhas?igsh=YzgzdDJ1bWR3aWI4\" aria-label=\"SAVE_20251006_221555\"><img loading=\"lazy\" decoding=\"async\" src=\"https:\/\/newsinfoco.com.br\/inicio\/wp-content\/uploads\/2025\/10\/SAVE_20251006_221555-rotated.jpg\" alt=\"\"  srcset=\"https:\/\/newsinfoco.com.br\/inicio\/wp-content\/uploads\/2025\/10\/SAVE_20251006_221555-rotated.jpg 1140w, https:\/\/newsinfoco.com.br\/inicio\/wp-content\/uploads\/2025\/10\/SAVE_20251006_221555-300x52.jpg 300w, https:\/\/newsinfoco.com.br\/inicio\/wp-content\/uploads\/2025\/10\/SAVE_20251006_221555-1024x177.jpg 1024w, https:\/\/newsinfoco.com.br\/inicio\/wp-content\/uploads\/2025\/10\/SAVE_20251006_221555-768x133.jpg 768w, https:\/\/newsinfoco.com.br\/inicio\/wp-content\/uploads\/2025\/10\/SAVE_20251006_221555-600x104.jpg 600w, https:\/\/newsinfoco.com.br\/inicio\/wp-content\/uploads\/2025\/10\/SAVE_20251006_221555-696x120.jpg 696w, https:\/\/newsinfoco.com.br\/inicio\/wp-content\/uploads\/2025\/10\/SAVE_20251006_221555-1068x185.jpg 1068w\" sizes=\"(max-width: 1140px) 100vw, 1140px\" width=\"1140\" height=\"197\"   \/><\/a><\/div>\n<p><strong>Cronograma da sele\u00e7\u00e3o<\/strong><\/p>\n<p>Nesta quinta-feira, 4, ser\u00e1 divulgada a lista de pr\u00e9-selecionados e a lista hierarquizada, que trar\u00e1 cerca de 543 nomes, correspondentes a 130% das 418 unidades dispon\u00edveis. Essa margem permite substituir candidatos que n\u00e3o comprovarem as informa\u00e7\u00f5es prestadas.\u00a0Os pr\u00e9-selecionados dever\u00e3o comparecer a partir do dia 5 de dezembro para comprova\u00e7\u00e3o documental.<\/p>\n<div class='share-to-whatsapp-wrapper'><div class='share-on-whsp'>Share on: <\/div><a data-text='Lista de inscritos do Doce Lar Habita\u00e7\u00e3o \u2013 Minha Casa Minha Vida de Alagoinhas \u00e9 divulgada' data-link='https:\/\/newsinfoco.com.br\/inicio\/lista-de-inscritos-do-doce-lar-habitacao-minha-casa-minha-vida-de-alagoinhas-e-divulgada\/' class='whatsapp-button whatsapp-share'>WhatsApp<\/a><div class='clear '><\/div><\/div>","protected":false},"excerpt":{"rendered":"<p>A Prefeitura de Alagoinhas informa que est\u00e1 dispon\u00edvel a lista dos inscritos no Programa Doce Lar Habita\u00e7\u00e3o \u2013 Minha Casa Minha Vida. Ao todo, foram 29.773 participantes concorrendo a unidades nos conjuntos Residencial Curi\u00f3, com 250 casas, na Baixa da Candeia, e Filgueiras I, com 168 resid\u00eancias, localizado na Rua do Catu. O documento com [&hellip;]<\/p>\n","protected":false},"author":1,"featured_media":48155,"comment_status":"closed","ping_status":"closed","sticky":false,"template":"","format":"standard","meta":{"om_disable_all_campaigns":false,"_exactmetrics_skip_tracking":false,"_exactmetrics_sitenote_active":false,"_exactmetrics_sitenote_note":"","_exactmetrics_sitenote_category":0,"footnotes":""},"categories":[38,30,167],"tags":[],"class_list":["post-48153","post","type-post","status-publish","format-standard","has-post-thumbnail","hentry","category-alagoinhas-e-regiao","category-destaque","category-exclusivas"],"aioseo_notices":[],"_links":{"self":[{"href":"https:\/\/newsinfoco.com.br\/inicio\/wp-json\/wp\/v2\/posts\/48153","targetHints":{"allow":["GET"]}}],"collection":[{"href":"https:\/\/newsinfoco.com.br\/inicio\/wp-json\/wp\/v2\/posts"}],"about":[{"href":"https:\/\/newsinfoco.com.br\/inicio\/wp-json\/wp\/v2\/types\/post"}],"author":[{"embeddable":true,"href":"https:\/\/newsinfoco.com.br\/inicio\/wp-json\/wp\/v2\/users\/1"}],"replies":[{"embeddable":true,"href":"https:\/\/newsinfoco.com.br\/inicio\/wp-json\/wp\/v2\/comments?post=48153"}],"version-history":[{"count":1,"href":"https:\/\/newsinfoco.com.br\/inicio\/wp-json\/wp\/v2\/posts\/48153\/revisions"}],"predecessor-version":[{"id":48156,"href":"https:\/\/newsinfoco.com.br\/inicio\/wp-json\/wp\/v2\/posts\/48153\/revisions\/48156"}],"wp:featuredmedia":[{"embeddable":true,"href":"https:\/\/newsinfoco.com.br\/inicio\/wp-json\/wp\/v2\/media\/48155"}],"wp:attachment":[{"href":"https:\/\/newsinfoco.com.br\/inicio\/wp-json\/wp\/v2\/media?parent=48153"}],"wp:term":[{"taxonomy":"category","embeddable":true,"href":"https:\/\/newsinfoco.com.br\/inicio\/wp-json\/wp\/v2\/categories?post=48153"},{"taxonomy":"post_tag","embeddable":true,"href":"https:\/\/newsinfoco.com.br\/inicio\/wp-json\/wp\/v2\/tags?post=48153"}],"curies":[{"name":"wp","href":"https:\/\/api.w.org\/{rel}","templated":true}]}}