{"id":48158,"date":"2025-12-04T13:33:09","date_gmt":"2025-12-04T16:33:09","guid":{"rendered":"https:\/\/newsinfoco.com.br\/inicio\/?p=48158"},"modified":"2025-12-04T13:33:09","modified_gmt":"2025-12-04T16:33:09","slug":"eleicao-de-sindicato-vira-caso-de-policia-fecomercio-ba-se-posiciona","status":"publish","type":"post","link":"https:\/\/newsinfoco.com.br\/inicio\/eleicao-de-sindicato-vira-caso-de-policia-fecomercio-ba-se-posiciona\/","title":{"rendered":"Elei\u00e7\u00e3o de sindicato vira caso de pol\u00edcia; Fecom\u00e9rcio-BA se posiciona"},"content":{"rendered":"<p class=\"p1\">O processo eleitoral para a presid\u00eancia do Sindicato do Com\u00e9rcio Atacadista de Tecidos, Vestu\u00e1rios e Armarinhos de Salvador (SINDTAV) tornou-se alvo de investiga\u00e7\u00e3o policial ap\u00f3s den\u00fancia de suposta fraude.<\/p>\n<p class=\"p1\"><span class=\"s1\">A acusa\u00e7\u00e3o partiu do ex-presidente da entidade, Antoine Tawil, que prestou depoimento nesta ter\u00e7a-feira (2) na 16\u00aa Delegacia Territorial.<\/span><\/p><div class=\"newsi-conteudo_19\" id=\"newsi-2109917464\"><a href=\"https:\/\/www.instagram.com\/prefeituraalagoinhas?igsh=YzgzdDJ1bWR3aWI4\" aria-label=\"SAVE_20251006_221555\"><img loading=\"lazy\" decoding=\"async\" src=\"https:\/\/newsinfoco.com.br\/inicio\/wp-content\/uploads\/2025\/10\/SAVE_20251006_221555-rotated.jpg\" alt=\"\"  srcset=\"https:\/\/newsinfoco.com.br\/inicio\/wp-content\/uploads\/2025\/10\/SAVE_20251006_221555-rotated.jpg 1140w, https:\/\/newsinfoco.com.br\/inicio\/wp-content\/uploads\/2025\/10\/SAVE_20251006_221555-300x52.jpg 300w, https:\/\/newsinfoco.com.br\/inicio\/wp-content\/uploads\/2025\/10\/SAVE_20251006_221555-1024x177.jpg 1024w, https:\/\/newsinfoco.com.br\/inicio\/wp-content\/uploads\/2025\/10\/SAVE_20251006_221555-768x133.jpg 768w, https:\/\/newsinfoco.com.br\/inicio\/wp-content\/uploads\/2025\/10\/SAVE_20251006_221555-600x104.jpg 600w, https:\/\/newsinfoco.com.br\/inicio\/wp-content\/uploads\/2025\/10\/SAVE_20251006_221555-696x120.jpg 696w, https:\/\/newsinfoco.com.br\/inicio\/wp-content\/uploads\/2025\/10\/SAVE_20251006_221555-1068x185.jpg 1068w\" sizes=\"(max-width: 1140px) 100vw, 1140px\" width=\"1140\" height=\"197\"   \/><\/a><\/div>\n<p class=\"p1\"><span class=\"s1\">No depoimento, Tawil apontou o envolvimento de tr\u00eas funcion\u00e1rias do gabinete da presid\u00eancia da Federa\u00e7\u00e3o do Com\u00e9rcio de Bens, Servi\u00e7os e Turismo da Bahia (Fecom\u00e9rcio-BA) na alegada fraude.<\/span><\/p>\n<p class=\"p1\"><span class=\"s1\">Ele tamb\u00e9m contestou publicamente a vers\u00e3o apresentada pela pr\u00f3pria Federa\u00e7\u00e3o e pelo atual presidente do SINDTAV, Jos\u00e9 Loyola de Andrade Neto.<\/span><\/p>\n<p class=\"p1\"><span class=\"s1\">Na ocasi\u00e3o, a Fecom\u00e9rcio-BA afirmou que \u201cas atas apresentadas pelo Sindtav foram registradas em cart\u00f3rio, raz\u00e3o pela qual presumem-se verdadeiras e v\u00e1lidas, convindo assinalar que o edital referente a tal elei\u00e7\u00e3o foi devidamente publicado em jornal de grande circula\u00e7\u00e3o e em mural no dia 27 de setembro de 2021\u201d.<\/span><\/p>\n<p class=\"p1\"><span class=\"s1\">Tawil rebateu a argumenta\u00e7\u00e3o e declarou que tomou conhecimento, pela imprensa, de que teria havido elei\u00e7\u00e3o em dezembro de 2021 \u2013 fato que, segundo ele, \u201cn\u00e3o ocorreu\u201d.<\/span><\/p>\n<p class=\"p1\"><span class=\"s1\">As declara\u00e7\u00f5es do ex-presidente colocam em d\u00favida a exist\u00eancia de ata v\u00e1lida e de um processo eleitoral leg\u00edtimo.<\/span><\/p>\n<p class=\"p1\"><span class=\"s1\">\u00c0 pol\u00edcia, ele afirmou que a mesa eleitoral teria sido formada pelas funcion\u00e1rias Jacqueline da Silva D\u00f3ria (secret\u00e1ria da presid\u00eancia), que teria presidido a vota\u00e7\u00e3o; Cl\u00e1udia Andrade Moura (secret\u00e1ria da diretoria); e Marta Lima Lobo (secret\u00e1ria do superintendente Nelson Dahia Filho).<\/span><\/p>\n<p class=\"p1\"><strong><span class=\"s1\">Fecom\u00e9rcio se posiciona e afasta representante do SINDTAV<\/span><\/strong><\/p>\n<p class=\"p1\"><span class=\"s1\">Ap\u00f3s solicita\u00e7\u00e3o feita pelo bahia.ba, a Fercom\u00e9rcio anunciou, em nota enviada nesta quinta-feira (3) ao portal, que o representante do SINDTAV ser\u00e1 afastado provisoriamente pelo prazo de 90 (noventa) dias dos cargos de Diretor da Federa\u00e7\u00e3o e de Delegado no Conselho de Representantes.<\/span><\/p>\n<p class=\"p1\"><span class=\"s1\">\u201cA decis\u00e3o foi tomada em car\u00e1ter estritamente institucional e o referido afastamento tempor\u00e1rio permitir\u00e1 ao Diretor exercer seu direito de defesa para debelar, com tranquilidade, as acusa\u00e7\u00f5es que geraram repercuss\u00f5es n\u00e3o relacionadas com suas fun\u00e7\u00f5es e contribui\u00e7\u00f5es para com a Federa\u00e7\u00e3o, prestando, inclusive, os esclarecimentos que entender necess\u00e1rios perante as autoridades competentes\u201d, complementa o comunicado.<\/span><\/p>\n<p class=\"p1\"><span class=\"s1\">A entidade acrescentou ainda que a presente quest\u00e3o ser\u00e1 encaminhada, oportunamente, \u201cpara conhecimento do Conselho de Representantes e da Diretoria, em observ\u00e2ncia ao compromisso permanente com a transpar\u00eancia e a lisura que sempre nortearam os atos da atual gest\u00e3o\u201d.<\/span><\/p>\n<p class=\"p1\"><strong><span class=\"s1\">Caso de pol\u00edcia<\/span><\/strong><\/p>\n<p class=\"p1\"><span class=\"s1\">Em novembro de 2025, a Pol\u00edcia Civil instaurou inqu\u00e9rito para apurar o caso, ap\u00f3s not\u00edcia-crime que citava as tr\u00eas funcion\u00e1rias da Fecom\u00e9rcio-BA. As investiga\u00e7\u00f5es iniciais identificaram ind\u00edcios de que a ata datada de 7 de dezembro de 2021 poderia ter sido montada de forma fraudulenta.<\/span><\/p>\n<p class=\"p1\"><span class=\"s1\">Segundo o inqu\u00e9rito, duas empresas listadas como votantes na suposta elei\u00e7\u00e3o s\u00f3 foram oficialmente constitu\u00eddas posteriormente, em 2022 e 2023. S\u00e3o elas:<\/span><\/p>\n<p class=\"p1\"><span class=\"s1\">\u2014 Ecoloy Solu\u00e7\u00f5es para Res\u00edduos T\u00eaxteis Inova Simples, criada em 10\/03\/2022;<\/span><\/p>\n<p class=\"p1\"><span class=\"s1\">\u2014 Dumar Solu\u00e7\u00f5es, Tecnologia e Inova\u00e7\u00e3o Ltda., constitu\u00edda em 27\/10\/2023.<\/span><\/p>\n<p class=\"p1\"><strong><span class=\"s1\">Riscos de responsabiliza\u00e7\u00e3o criminal<\/span><\/strong><\/p>\n<p class=\"p1\"><span class=\"s1\">Caso a fraude seja comprovada, as condutas podem configurar tr\u00eas crimes:<\/span><\/p>\n<p class=\"p1\"><span class=\"s1\">\u2014 Falsidade ideol\u00f3gica (art. 299), pena de 1 a 3 anos;<\/span><\/p>\n<p class=\"p1\"><span class=\"s1\">\u2014 Uso de documento falso (art. 304), pena de 1 a 3 anos;<\/span><\/p>\n<div>\n<div>\n<div class=\"trv-player-container\">\n<div class=\"trv-wrapper\">\n<div id=\"br_video_player_889095348f0675638146ea147751da9dc3c659f9\" class=\"trvd_video_player trvdinstream\">\n<div class=\"media-player\">\n<div class=\"trv-video\"><\/div>\n<\/div>\n<div class=\"trv-autoskip-container\">\n<div class=\"trv-autoskip-background\">\n<div class=\"trv-autoskip-line-top\">\n<div>\n<p class=\"p1\"><span class=\"s1\">\u2014 Associa\u00e7\u00e3o criminosa (art. 288), pena de 1 a 3 anos.<\/span><\/p>\n<p class=\"p1\"><span class=\"s1\">A soma das penas pode chegar a 9 anos de reclus\u00e3o. A confirma\u00e7\u00e3o dos fatos representaria grave viola\u00e7\u00e3o \u00e0 f\u00e9 p\u00fablica e comprometeria a lisura do processo eleitoral sindical, o que refor\u00e7a a necessidade de apura\u00e7\u00e3o rigorosa por parte das autoridades.<\/span><\/p>\n<\/div>\n<\/div>\n<div class=\"trv-autoskip-line-right\">\n<div>Bahia.Ba<\/div>\n<\/div>\n<div class=\"trv-autoskip-line-bottom\">\n<div><\/div>\n<\/div>\n<div class=\"trv-autoskip-line-left\">\n<div><\/div>\n<\/div>\n<\/div>\n<div class=\"autoskip-btn autoskip-btn-blue\"><\/div>\n<div class=\"autoskip-btn autoskip-btn-gray\"><\/div>\n<\/div>\n<div><\/div>\n<\/div>\n<\/div>\n<\/div>\n<\/div>\n<\/div>\n<div class='share-to-whatsapp-wrapper'><div class='share-on-whsp'>Share on: <\/div><a data-text='Elei\u00e7\u00e3o de sindicato vira caso de pol\u00edcia; Fecom\u00e9rcio-BA se posiciona' data-link='https:\/\/newsinfoco.com.br\/inicio\/eleicao-de-sindicato-vira-caso-de-policia-fecomercio-ba-se-posiciona\/' class='whatsapp-button whatsapp-share'>WhatsApp<\/a><div class='clear '><\/div><\/div>","protected":false},"excerpt":{"rendered":"<p>O processo eleitoral para a presid\u00eancia do Sindicato do Com\u00e9rcio Atacadista de Tecidos, Vestu\u00e1rios e Armarinhos de Salvador (SINDTAV) tornou-se alvo de investiga\u00e7\u00e3o policial ap\u00f3s den\u00fancia de suposta fraude. A acusa\u00e7\u00e3o partiu do ex-presidente da entidade, Antoine Tawil, que prestou depoimento nesta ter\u00e7a-feira (2) na 16\u00aa Delegacia Territorial. No depoimento, Tawil apontou o envolvimento de [&hellip;]<\/p>\n","protected":false},"author":1,"featured_media":48159,"comment_status":"closed","ping_status":"closed","sticky":false,"template":"","format":"standard","meta":{"om_disable_all_campaigns":false,"_exactmetrics_skip_tracking":false,"_exactmetrics_sitenote_active":false,"_exactmetrics_sitenote_note":"","_exactmetrics_sitenote_category":0,"footnotes":""},"categories":[19],"tags":[],"class_list":["post-48158","post","type-post","status-publish","format-standard","has-post-thumbnail","hentry","category-bahia"],"aioseo_notices":[],"_links":{"self":[{"href":"https:\/\/newsinfoco.com.br\/inicio\/wp-json\/wp\/v2\/posts\/48158","targetHints":{"allow":["GET"]}}],"collection":[{"href":"https:\/\/newsinfoco.com.br\/inicio\/wp-json\/wp\/v2\/posts"}],"about":[{"href":"https:\/\/newsinfoco.com.br\/inicio\/wp-json\/wp\/v2\/types\/post"}],"author":[{"embeddable":true,"href":"https:\/\/newsinfoco.com.br\/inicio\/wp-json\/wp\/v2\/users\/1"}],"replies":[{"embeddable":true,"href":"https:\/\/newsinfoco.com.br\/inicio\/wp-json\/wp\/v2\/comments?post=48158"}],"version-history":[{"count":1,"href":"https:\/\/newsinfoco.com.br\/inicio\/wp-json\/wp\/v2\/posts\/48158\/revisions"}],"predecessor-version":[{"id":48160,"href":"https:\/\/newsinfoco.com.br\/inicio\/wp-json\/wp\/v2\/posts\/48158\/revisions\/48160"}],"wp:featuredmedia":[{"embeddable":true,"href":"https:\/\/newsinfoco.com.br\/inicio\/wp-json\/wp\/v2\/media\/48159"}],"wp:attachment":[{"href":"https:\/\/newsinfoco.com.br\/inicio\/wp-json\/wp\/v2\/media?parent=48158"}],"wp:term":[{"taxonomy":"category","embeddable":true,"href":"https:\/\/newsinfoco.com.br\/inicio\/wp-json\/wp\/v2\/categories?post=48158"},{"taxonomy":"post_tag","embeddable":true,"href":"https:\/\/newsinfoco.com.br\/inicio\/wp-json\/wp\/v2\/tags?post=48158"}],"curies":[{"name":"wp","href":"https:\/\/api.w.org\/{rel}","templated":true}]}}