{"id":48165,"date":"2025-12-04T13:58:58","date_gmt":"2025-12-04T16:58:58","guid":{"rendered":"https:\/\/newsinfoco.com.br\/inicio\/?p=48165"},"modified":"2025-12-04T13:58:58","modified_gmt":"2025-12-04T16:58:58","slug":"governo-lanca-nova-selecao-para-levar-internet-a-12-mil-escolas-do-norte-e-nordeste","status":"publish","type":"post","link":"https:\/\/newsinfoco.com.br\/inicio\/governo-lanca-nova-selecao-para-levar-internet-a-12-mil-escolas-do-norte-e-nordeste\/","title":{"rendered":"Governo lan\u00e7a nova sele\u00e7\u00e3o para levar internet a 1,2 mil escolas do Norte e Nordeste"},"content":{"rendered":"<p>O Governo do Brasil lan\u00e7ou uma nova etapa do programa BNDES Fust Escolas Conectadas, refor\u00e7ando o compromisso de universalizar a conectividade educacional em todo o pa\u00eds. A iniciativa, conduzida pelo Banco Nacional de Desenvolvimento Econ\u00f4mico e Social (BNDES) em parceria com os minist\u00e9rios da Educa\u00e7\u00e3o (MEC) e das Comunica\u00e7\u00f5es (MCom), destina R$ 53,3 milh\u00f5es em recursos n\u00e3o reembols\u00e1veis do Fundo de Universaliza\u00e7\u00e3o dos Servi\u00e7os de Telecomunica\u00e7\u00f5es (Fust).<\/p>\n<p>O investimento permitir\u00e1 conectar 1.258 escolas p\u00fablicas do Norte e Nordeste, ampliando o acesso de aproximadamente 410 mil estudantes a uma internet adequada para uso pedag\u00f3gico, com acesso ampliado a plataformas educacionais, recursos multim\u00eddia, atividades online, gest\u00e3o escolar integrada e pr\u00e1ticas de ensino inovadoras.<\/p><div class=\"newsi-conteudo_19\" id=\"newsi-558975800\"><a href=\"https:\/\/www.instagram.com\/prefeituraalagoinhas?igsh=YzgzdDJ1bWR3aWI4\" aria-label=\"SAVE_20251006_221555\"><img loading=\"lazy\" decoding=\"async\" src=\"https:\/\/newsinfoco.com.br\/inicio\/wp-content\/uploads\/2025\/10\/SAVE_20251006_221555-rotated.jpg\" alt=\"\"  srcset=\"https:\/\/newsinfoco.com.br\/inicio\/wp-content\/uploads\/2025\/10\/SAVE_20251006_221555-rotated.jpg 1140w, https:\/\/newsinfoco.com.br\/inicio\/wp-content\/uploads\/2025\/10\/SAVE_20251006_221555-300x52.jpg 300w, https:\/\/newsinfoco.com.br\/inicio\/wp-content\/uploads\/2025\/10\/SAVE_20251006_221555-1024x177.jpg 1024w, https:\/\/newsinfoco.com.br\/inicio\/wp-content\/uploads\/2025\/10\/SAVE_20251006_221555-768x133.jpg 768w, https:\/\/newsinfoco.com.br\/inicio\/wp-content\/uploads\/2025\/10\/SAVE_20251006_221555-600x104.jpg 600w, https:\/\/newsinfoco.com.br\/inicio\/wp-content\/uploads\/2025\/10\/SAVE_20251006_221555-696x120.jpg 696w, https:\/\/newsinfoco.com.br\/inicio\/wp-content\/uploads\/2025\/10\/SAVE_20251006_221555-1068x185.jpg 1068w\" sizes=\"(max-width: 1140px) 100vw, 1140px\" width=\"1140\" height=\"197\"   \/><\/a><\/div>\n<p>A a\u00e7\u00e3o integra a Estrat\u00e9gia Nacional de Escolas Conectadas (Enec), esfor\u00e7o do Governo do Brasil para garantir internet com qualidade e velocidade compat\u00edveis com atividades de ensino, aprendizagem e gest\u00e3o escolar.<\/p>\n<p><strong>Estrutura Completa<\/strong><\/p>\n<p>A nova sele\u00e7\u00e3o levar\u00e1 infraestrutura completa de conectividade, com redes externas e internas, cabeamento, equipamentos, wi-fi de alta capacidade e manuten\u00e7\u00e3o por 24 meses, a escolas localizadas em \u00e1reas com rede de fibra \u00f3ptica, mas que ainda n\u00e3o contam com internet adequada. Os lotes contemplam 392 escolas no Par\u00e1, 368 no Maranh\u00e3o e Cear\u00e1, e 498 em Pernambuco e na Bahia.<\/p>\n<p><strong>Cronograma<\/strong><\/p>\n<ul>\n<li>Inscri\u00e7\u00f5es: at\u00e9 16\/01\/2026<\/li>\n<li>Divulga\u00e7\u00e3o das propostas aptas a participar da fase classificat\u00f3ria: 26\/02\/2026<\/li>\n<li>Prazo para recursos: de 27\/02\/2026 a 06\/03\/2026<\/li>\n<li>Divulga\u00e7\u00e3o do resultado final da classifica\u00e7\u00e3o: at\u00e9 16\/03\/2026<\/li>\n<\/ul>\n<p><strong>Inscri\u00e7\u00e3o<\/strong><\/p>\n<p>A inscri\u00e7\u00e3o \u00e9 gratuita. Os interessados dever\u00e3o cadastrar a proposta e anexar todos os documentos solicitados no Portal do Cliente do BNDES, conforme as seguintes etapas:<\/p>\n<ul>\n<li>Preenchimento das informa\u00e7\u00f5es solicitadas no Portal do Cliente do BNDES;<\/li>\n<li>Preenchimento e encaminhamento de documento com a proposta, conforme o Roteiro de Apresenta\u00e7\u00e3o de Projetos dispon\u00edvel no Portal;<\/li>\n<li>Preenchimento e encaminhamento da planilha de or\u00e7amento, conforme modelo dispon\u00edvel no mesmo site;<\/li>\n<li>Encaminhamento dos documentos listados no Anexo III do edital.<\/li>\n<\/ul>\n<p><strong>Beneficiados<\/strong><\/p>\n<p>Com essa nova sele\u00e7\u00e3o, o programa chega a quase 1 milh\u00e3o de alunos beneficiados nas duas etapas j\u00e1 realizadas. A primeira sele\u00e7\u00e3o, iniciada em 2023, destinou R$ 60 milh\u00f5es para conectar 1,5 mil escolas, das quais 824 j\u00e1 est\u00e3o com internet ativa.<\/p>\n<p><strong>Prazos<\/strong><\/p>\n<p>O edital tamb\u00e9m estabelece prazos r\u00edgidos para garantir agilidade nas entregas: 15% das escolas conectadas em at\u00e9 tr\u00eas meses; 50% em at\u00e9 seis meses; e 100% em at\u00e9 nove meses. Ser\u00e1 ainda contratada uma institui\u00e7\u00e3o especializada para desenvolver uma plataforma nacional de monitoramento remoto da qualidade da conex\u00e3o, capaz de medir continuamente velocidade, qualidade e disponibilidade da conex\u00e3o.<\/p>\n<p>O BNDES ser\u00e1 respons\u00e1vel pela condu\u00e7\u00e3o da sele\u00e7\u00e3o e pelo acompanhamento da execu\u00e7\u00e3o dos servi\u00e7os. Ser\u00e3o escolhidas tr\u00eas propostas de empresas de telecomunica\u00e7\u00f5es para instalar as redes nas escolas e uma proposta espec\u00edfica para monitoramento dos projetos.<\/p>\n<p><strong>Fust<\/strong><\/p>\n<p>O Fust, administrado pelo Minist\u00e9rio das Comunica\u00e7\u00f5es, financia iniciativas que reduzem desigualdades regionais e ampliam o acesso a tecnologias de comunica\u00e7\u00e3o em todo o pa\u00eds. Por meio dessas a\u00e7\u00f5es, as desigualdades regionais s\u00e3o reduzidas e o governo estimula o uso e o desenvolvimento de novas tecnologias de conectividade e promove o desenvolvimento econ\u00f4mico e social.<\/p>\n<p>O BNDES atua como agente financeiro do Fust, sendo respons\u00e1vel pela execu\u00e7\u00e3o t\u00e9cnica e pela fiscaliza\u00e7\u00e3o dos projetos, garantindo que o recurso p\u00fablico chegue onde faz mais diferen\u00e7a.<\/p>\n<p><strong>Educa\u00e7\u00e3o Digital<\/strong><\/p>\n<div>\n<div>\n<div class=\"trv-player-container\">\n<div class=\"trv-wrapper\">\n<div id=\"br_video_player_a414527bf9dcfad33fb1ea147751da9dc3c659f9\" class=\"trvd_video_player trvdfloater trv-right\">\n<div class=\"media-player\">\n<div class=\"trv-video\">\n<div id=\"truvid_ima_container10307\" class=\"truvid_ima_container\">\n<div>\n<div>\n<div class=\"conteudo_post\">\n<p>A Estrat\u00e9gia Nacional de Escolas Conectadas (Enec) \u00e9 uma iniciativa do Governo do Brasil que re\u00fane a\u00e7\u00f5es para levar internet de qualidade a todas as escolas p\u00fablicas de educa\u00e7\u00e3o b\u00e1sica e incentivar o uso pedag\u00f3gico da tecnologia. Mais do que instalar conex\u00e3o, a Enec trabalha para ampliar a educa\u00e7\u00e3o digital nos curr\u00edculos, formar professores e gestores para o uso dessas ferramentas e garantir que os estudantes aprendam a usar o mundo digital de forma cr\u00edtica, consciente e segura.<\/p>\n<p>Entre 2023 e 2025, mais de R$ 3 bilh\u00f5es foram investidos em escolas estaduais e municipais.<\/p>\n<\/div>\n<div id=\"div-share\">Bahia.Ba<\/div>\n<\/div>\n<\/div>\n<\/div>\n<\/div>\n<\/div>\n<\/div>\n<\/div>\n<\/div>\n<\/div>\n<\/div>\n<div class='share-to-whatsapp-wrapper'><div class='share-on-whsp'>Share on: <\/div><a data-text='Governo lan\u00e7a nova sele\u00e7\u00e3o para levar internet a 1,2 mil escolas do Norte e Nordeste' data-link='https:\/\/newsinfoco.com.br\/inicio\/governo-lanca-nova-selecao-para-levar-internet-a-12-mil-escolas-do-norte-e-nordeste\/' class='whatsapp-button whatsapp-share'>WhatsApp<\/a><div class='clear '><\/div><\/div>","protected":false},"excerpt":{"rendered":"<p>O Governo do Brasil lan\u00e7ou uma nova etapa do programa BNDES Fust Escolas Conectadas, refor\u00e7ando o compromisso de universalizar a conectividade educacional em todo o pa\u00eds. A iniciativa, conduzida pelo Banco Nacional de Desenvolvimento Econ\u00f4mico e Social (BNDES) em parceria com os minist\u00e9rios da Educa\u00e7\u00e3o (MEC) e das Comunica\u00e7\u00f5es (MCom), destina R$ 53,3 milh\u00f5es em [&hellip;]<\/p>\n","protected":false},"author":1,"featured_media":48166,"comment_status":"closed","ping_status":"closed","sticky":false,"template":"","format":"standard","meta":{"om_disable_all_campaigns":false,"_exactmetrics_skip_tracking":false,"_exactmetrics_sitenote_active":false,"_exactmetrics_sitenote_note":"","_exactmetrics_sitenote_category":0,"footnotes":""},"categories":[21],"tags":[],"class_list":["post-48165","post","type-post","status-publish","format-standard","has-post-thumbnail","hentry","category-brasil"],"aioseo_notices":[],"_links":{"self":[{"href":"https:\/\/newsinfoco.com.br\/inicio\/wp-json\/wp\/v2\/posts\/48165","targetHints":{"allow":["GET"]}}],"collection":[{"href":"https:\/\/newsinfoco.com.br\/inicio\/wp-json\/wp\/v2\/posts"}],"about":[{"href":"https:\/\/newsinfoco.com.br\/inicio\/wp-json\/wp\/v2\/types\/post"}],"author":[{"embeddable":true,"href":"https:\/\/newsinfoco.com.br\/inicio\/wp-json\/wp\/v2\/users\/1"}],"replies":[{"embeddable":true,"href":"https:\/\/newsinfoco.com.br\/inicio\/wp-json\/wp\/v2\/comments?post=48165"}],"version-history":[{"count":1,"href":"https:\/\/newsinfoco.com.br\/inicio\/wp-json\/wp\/v2\/posts\/48165\/revisions"}],"predecessor-version":[{"id":48167,"href":"https:\/\/newsinfoco.com.br\/inicio\/wp-json\/wp\/v2\/posts\/48165\/revisions\/48167"}],"wp:featuredmedia":[{"embeddable":true,"href":"https:\/\/newsinfoco.com.br\/inicio\/wp-json\/wp\/v2\/media\/48166"}],"wp:attachment":[{"href":"https:\/\/newsinfoco.com.br\/inicio\/wp-json\/wp\/v2\/media?parent=48165"}],"wp:term":[{"taxonomy":"category","embeddable":true,"href":"https:\/\/newsinfoco.com.br\/inicio\/wp-json\/wp\/v2\/categories?post=48165"},{"taxonomy":"post_tag","embeddable":true,"href":"https:\/\/newsinfoco.com.br\/inicio\/wp-json\/wp\/v2\/tags?post=48165"}],"curies":[{"name":"wp","href":"https:\/\/api.w.org\/{rel}","templated":true}]}}