{"id":48168,"date":"2025-12-04T14:13:35","date_gmt":"2025-12-04T17:13:35","guid":{"rendered":"https:\/\/newsinfoco.com.br\/inicio\/?p=48168"},"modified":"2025-12-04T14:13:35","modified_gmt":"2025-12-04T17:13:35","slug":"projeto-leva-ballet-classico-gratuito-a-criancas-de-comunidades-em-salvador","status":"publish","type":"post","link":"https:\/\/newsinfoco.com.br\/inicio\/projeto-leva-ballet-classico-gratuito-a-criancas-de-comunidades-em-salvador\/","title":{"rendered":"Projeto leva ballet cl\u00e1ssico gratuito a crian\u00e7as de comunidades em Salvador"},"content":{"rendered":"<p data-start=\"198\" data-end=\"944\">Criado em 2017, o projeto social Dan\u00e7a Crian\u00e7a transforma a dan\u00e7a em ferramenta de cuidado, disciplina e descoberta. Com ensino gratuito de ballet cl\u00e1ssico e excel\u00eancia t\u00e9cnica, a iniciativa atende 130 crian\u00e7as das comunidades de Pitua\u00e7u e Lobato, oferecendo n\u00e3o apenas forma\u00e7\u00e3o art\u00edstica, mas tamb\u00e9m um espa\u00e7o de afeto, criatividade e desenvolvimento humano integral.<\/p>\n<p data-start=\"198\" data-end=\"944\">Fundado pela mestra em dan\u00e7a Mar\u00edlia Nascimento, o projeto nasce da convic\u00e7\u00e3o de que a dan\u00e7a pode ensinar muito al\u00e9m da t\u00e9cnica. \u201cNossa miss\u00e3o \u00e9 construir conhecimentos em dan\u00e7a\/ballet cl\u00e1ssico, incentivando cada crian\u00e7a a desenvolver sua melhor vers\u00e3o a cada dia. Temos o sonho e objetivo de nos tornar um projeto reconhecido por sua relev\u00e2ncia social\u201d, afirma a idealizadora.<\/p><div class=\"newsi-conteudo_19\" id=\"newsi-1595209011\"><a href=\"https:\/\/www.instagram.com\/prefeituraalagoinhas?igsh=YzgzdDJ1bWR3aWI4\" aria-label=\"SAVE_20251006_221555\"><img loading=\"lazy\" decoding=\"async\" src=\"https:\/\/newsinfoco.com.br\/inicio\/wp-content\/uploads\/2025\/10\/SAVE_20251006_221555-rotated.jpg\" alt=\"\"  srcset=\"https:\/\/newsinfoco.com.br\/inicio\/wp-content\/uploads\/2025\/10\/SAVE_20251006_221555-rotated.jpg 1140w, https:\/\/newsinfoco.com.br\/inicio\/wp-content\/uploads\/2025\/10\/SAVE_20251006_221555-300x52.jpg 300w, https:\/\/newsinfoco.com.br\/inicio\/wp-content\/uploads\/2025\/10\/SAVE_20251006_221555-1024x177.jpg 1024w, https:\/\/newsinfoco.com.br\/inicio\/wp-content\/uploads\/2025\/10\/SAVE_20251006_221555-768x133.jpg 768w, https:\/\/newsinfoco.com.br\/inicio\/wp-content\/uploads\/2025\/10\/SAVE_20251006_221555-600x104.jpg 600w, https:\/\/newsinfoco.com.br\/inicio\/wp-content\/uploads\/2025\/10\/SAVE_20251006_221555-696x120.jpg 696w, https:\/\/newsinfoco.com.br\/inicio\/wp-content\/uploads\/2025\/10\/SAVE_20251006_221555-1068x185.jpg 1068w\" sizes=\"(max-width: 1140px) 100vw, 1140px\" width=\"1140\" height=\"197\"   \/><\/a><\/div>\n<p data-start=\"946\" data-end=\"1385\">Milena Dias, designer e fot\u00f3grafa, \u00e9 m\u00e3e de Odara, 9 anos. A pequena participa do Dan\u00e7a Crian\u00e7a desde 2022, onde criou um forte v\u00ednculo emocional com o ballet cl\u00e1ssico. \u201cMinha filha \u00e9 muito t\u00edmida, mas \u00e9 nos palcos que ela se solta e voa feito borboleta. \u00c9 um projeto que acolheu a minha filha e encantou a minha alma enquanto m\u00e3e e amante da arte. Sou muito grata pela oportunidade e por fazer parte de um grupo t\u00e3o cheio de luz\u201d, relata.<\/p>\n<p data-start=\"1387\" data-end=\"1421\"><em><strong data-start=\"1387\" data-end=\"1421\">Um projeto que acalenta a alma<\/strong><\/em><\/p>\n<p data-start=\"1423\" data-end=\"1990\">As aulas acontecem no Centro Esp\u00edrita Cidade da Luz, em Pitua\u00e7u, e no anexo da Igreja de Nossa Senhora das Dores, no Lobato, mantendo um padr\u00e3o de exig\u00eancia compar\u00e1vel ao de escolas particulares \u2014 mesmo sendo totalmente gratuitas. O ensino utiliza a metodologia da Royal Academy of Dance (Inglaterra), com exames e certifica\u00e7\u00f5es internacionais, complementada pela Metodologia Mandala, criada por Mar\u00edlia. Essa abordagem combina t\u00e9cnica e valores como equidade, honestidade, empatia, humildade, coopera\u00e7\u00e3o e consci\u00eancia, sustentando uma forma\u00e7\u00e3o que vai al\u00e9m do palco.<\/p>\n<p data-start=\"1992\" data-end=\"2467\">\u201cA Mandala atua como um caminho de crescimento pessoal, estimulando a conviv\u00eancia, o respeito e a capacidade de enfrentar desafios\u201d, explica Mar\u00edlia. Por meio da dan\u00e7a, as crian\u00e7as desenvolvem novas atitudes, fortalecem v\u00ednculos e constroem estrat\u00e9gias para lidar com a vida de forma mais confiante. \u201cNessa proposta, todos podem dan\u00e7ar, independentemente de suas qualidades f\u00edsicas, idades ou pretens\u00f5es. Basta dedica\u00e7\u00e3o, aten\u00e7\u00e3o e disposi\u00e7\u00e3o para superar desafios\u201d, destaca.<\/p>\n<p data-start=\"2469\" data-end=\"3119\">D\u00e9bora Mattedi, 27 anos, hoje professora do Dan\u00e7a Crian\u00e7a, foi aluna de Mar\u00edlia desde os 5 anos. Ela testemunha o impacto transformador da dan\u00e7a em sua trajet\u00f3ria.<\/p>\n<p data-start=\"2469\" data-end=\"3119\">Ao ingressar na equipe pedag\u00f3gica, diz ter encontrado \u201co verdadeiro significado de afeto, acolhimento, t\u00e9cnica e paix\u00e3o\u201d. Para D\u00e9bora, acompanhar de perto a rotina dos alunos revelou a for\u00e7a social do projeto, que ela define como um espa\u00e7o onde as crian\u00e7as se libertam dos medos, enfrentam dificuldades e aprendem a assumir suas particularidades com coragem e orgulho. \u201cN\u00e3o h\u00e1 palavra linda aos ouvidos que possa descrever suficientemente a alegria de fazer parte desse grupo\u201d, conclui.<\/p>\n<div>\n<div>\n<div class=\"trv-player-container\">\n<div class=\"trv-wrapper\">\n<div id=\"br_video_player_299a34539c0d88c3643fea147751da9dc3c659f9\" class=\"trvd_video_player trvdinstream\">\n<div class=\"media-player\"><\/div>\n<div class=\"trv-autoskip-container-compact\">\n<div class=\"trv-autoskip-background-compact\">\n<div class=\"trv-autoskip-line-bottom\">\n<div class=\"\">\n<div class=\"conteudo_post\">\n<p data-start=\"3121\" data-end=\"3150\"><em><strong data-start=\"3121\" data-end=\"3150\">Quem \u00e9 Mar\u00edlia Nascimento<\/strong><\/em><\/p>\n<p data-start=\"3152\" data-end=\"3709\">Idealizadora e diretora do projeto Dan\u00e7a Crian\u00e7a e criadora da Metodologia Mandala, Mar\u00edlia Nascimento \u00e9 mestra em Dan\u00e7a pela UFBA, com especializa\u00e7\u00e3o em Psicopedagogia (UCSAL) e Arte-Educa\u00e7\u00e3o (UFBA). Graduada em Dan\u00e7a (UFBA), \u00e9 professora de Ballet Cl\u00e1ssico pela Royal Academy of Dance desde 1981. Foi professora da rede estadual da Bahia (1991\u20132018) e diretora do Ballet Mar\u00edlia Nascimento por mais de 30 anos. Atualmente, coordena o Dan\u00e7a Crian\u00e7a, ministra aulas para adultos (N\u00facleo Mandala) e promove cursos e oficinas de Dan\u00e7as Circulares em Salvador.<\/p>\n<\/div>\n<div id=\"author-info\" class=\"ui items\">\n<div class=\"item\">Bahia.Ba<\/div>\n<\/div>\n<\/div>\n<\/div>\n<div class=\"trv-autoskip-line-left\">\n<div class=\"\"><\/div>\n<\/div>\n<\/div>\n<div class=\"autoskip-btn autoskip-btn-blue-compact autoskip-btn-compact\"><\/div>\n<div class=\"autoskip-btn autoskip-btn-gray-compact autoskip-btn-compact\"><\/div>\n<\/div>\n<div><\/div>\n<\/div>\n<\/div>\n<\/div>\n<\/div>\n<\/div>\n<div class='share-to-whatsapp-wrapper'><div class='share-on-whsp'>Share on: <\/div><a data-text='Projeto leva ballet cl\u00e1ssico gratuito a crian\u00e7as de comunidades em Salvador' data-link='https:\/\/newsinfoco.com.br\/inicio\/projeto-leva-ballet-classico-gratuito-a-criancas-de-comunidades-em-salvador\/' class='whatsapp-button whatsapp-share'>WhatsApp<\/a><div class='clear '><\/div><\/div>","protected":false},"excerpt":{"rendered":"<p>Criado em 2017, o projeto social Dan\u00e7a Crian\u00e7a transforma a dan\u00e7a em ferramenta de cuidado, disciplina e descoberta. Com ensino gratuito de ballet cl\u00e1ssico e excel\u00eancia t\u00e9cnica, a iniciativa atende 130 crian\u00e7as das comunidades de Pitua\u00e7u e Lobato, oferecendo n\u00e3o apenas forma\u00e7\u00e3o art\u00edstica, mas tamb\u00e9m um espa\u00e7o de afeto, criatividade e desenvolvimento humano integral. Fundado [&hellip;]<\/p>\n","protected":false},"author":1,"featured_media":48169,"comment_status":"closed","ping_status":"closed","sticky":false,"template":"","format":"standard","meta":{"om_disable_all_campaigns":false,"_exactmetrics_skip_tracking":false,"_exactmetrics_sitenote_active":false,"_exactmetrics_sitenote_note":"","_exactmetrics_sitenote_category":0,"footnotes":""},"categories":[19],"tags":[],"class_list":["post-48168","post","type-post","status-publish","format-standard","has-post-thumbnail","hentry","category-bahia"],"aioseo_notices":[],"_links":{"self":[{"href":"https:\/\/newsinfoco.com.br\/inicio\/wp-json\/wp\/v2\/posts\/48168","targetHints":{"allow":["GET"]}}],"collection":[{"href":"https:\/\/newsinfoco.com.br\/inicio\/wp-json\/wp\/v2\/posts"}],"about":[{"href":"https:\/\/newsinfoco.com.br\/inicio\/wp-json\/wp\/v2\/types\/post"}],"author":[{"embeddable":true,"href":"https:\/\/newsinfoco.com.br\/inicio\/wp-json\/wp\/v2\/users\/1"}],"replies":[{"embeddable":true,"href":"https:\/\/newsinfoco.com.br\/inicio\/wp-json\/wp\/v2\/comments?post=48168"}],"version-history":[{"count":1,"href":"https:\/\/newsinfoco.com.br\/inicio\/wp-json\/wp\/v2\/posts\/48168\/revisions"}],"predecessor-version":[{"id":48170,"href":"https:\/\/newsinfoco.com.br\/inicio\/wp-json\/wp\/v2\/posts\/48168\/revisions\/48170"}],"wp:featuredmedia":[{"embeddable":true,"href":"https:\/\/newsinfoco.com.br\/inicio\/wp-json\/wp\/v2\/media\/48169"}],"wp:attachment":[{"href":"https:\/\/newsinfoco.com.br\/inicio\/wp-json\/wp\/v2\/media?parent=48168"}],"wp:term":[{"taxonomy":"category","embeddable":true,"href":"https:\/\/newsinfoco.com.br\/inicio\/wp-json\/wp\/v2\/categories?post=48168"},{"taxonomy":"post_tag","embeddable":true,"href":"https:\/\/newsinfoco.com.br\/inicio\/wp-json\/wp\/v2\/tags?post=48168"}],"curies":[{"name":"wp","href":"https:\/\/api.w.org\/{rel}","templated":true}]}}