{"id":48171,"date":"2025-12-04T14:34:07","date_gmt":"2025-12-04T17:34:07","guid":{"rendered":"https:\/\/newsinfoco.com.br\/inicio\/?p=48171"},"modified":"2025-12-04T14:34:07","modified_gmt":"2025-12-04T17:34:07","slug":"jeronimo-sanciona-lei-que-autoriza-emprestimo-de-r-2-bilhoes-junto-ao-banco-do-brasil","status":"publish","type":"post","link":"https:\/\/newsinfoco.com.br\/inicio\/jeronimo-sanciona-lei-que-autoriza-emprestimo-de-r-2-bilhoes-junto-ao-banco-do-brasil\/","title":{"rendered":"Jer\u00f4nimo sanciona lei que autoriza empr\u00e9stimo de R$ 2 bilh\u00f5es junto ao Banco do Brasil"},"content":{"rendered":"<p>O governador da Bahia, Jer\u00f4nimo Rodrigues (PT), sancionou a Lei n\u00ba 15.030 autorizando o Poder Executivo a contratar uma opera\u00e7\u00e3o de cr\u00e9dito interno no valor de at\u00e9 R$ 2 bilh\u00f5es junto ao Banco do Brasil, com garantia da Uni\u00e3o. A lei foi publicada no Di\u00e1rio Oficial do Estado (DOE) nesta quinta-feira (4).<\/p>\n<p>A autoriza\u00e7\u00e3o final do empr\u00e9stimo veio ap\u00f3s um<a href=\"https:\/\/bahia.ba\/politica\/apos-7h-de-sessao-alba-aprova-emprestimo-de-r-2-bilhoes-ao-governo\/\">\u00a0longo debate e vota\u00e7\u00e3o na Assembleia Legislativa da Bahia (ALBA)<\/a>, onde o projeto foi aprovado na noite do dia 1\u00ba de dezembro, em uma sess\u00e3o que durou mais de sete horas.<\/p><div class=\"newsi-conteudo_19\" id=\"newsi-1722949566\"><a href=\"https:\/\/www.instagram.com\/prefeituraalagoinhas?igsh=YzgzdDJ1bWR3aWI4\" aria-label=\"SAVE_20251006_221555\"><img loading=\"lazy\" decoding=\"async\" src=\"https:\/\/newsinfoco.com.br\/inicio\/wp-content\/uploads\/2025\/10\/SAVE_20251006_221555-rotated.jpg\" alt=\"\"  srcset=\"https:\/\/newsinfoco.com.br\/inicio\/wp-content\/uploads\/2025\/10\/SAVE_20251006_221555-rotated.jpg 1140w, https:\/\/newsinfoco.com.br\/inicio\/wp-content\/uploads\/2025\/10\/SAVE_20251006_221555-300x52.jpg 300w, https:\/\/newsinfoco.com.br\/inicio\/wp-content\/uploads\/2025\/10\/SAVE_20251006_221555-1024x177.jpg 1024w, https:\/\/newsinfoco.com.br\/inicio\/wp-content\/uploads\/2025\/10\/SAVE_20251006_221555-768x133.jpg 768w, https:\/\/newsinfoco.com.br\/inicio\/wp-content\/uploads\/2025\/10\/SAVE_20251006_221555-600x104.jpg 600w, https:\/\/newsinfoco.com.br\/inicio\/wp-content\/uploads\/2025\/10\/SAVE_20251006_221555-696x120.jpg 696w, https:\/\/newsinfoco.com.br\/inicio\/wp-content\/uploads\/2025\/10\/SAVE_20251006_221555-1068x185.jpg 1068w\" sizes=\"(max-width: 1140px) 100vw, 1140px\" width=\"1140\" height=\"197\"   \/><\/a><\/div>\n<p><b>Destina\u00e7\u00e3o\u00a0<\/b><\/p>\n<p>De acordo com o texto da lei, os R$ 2 bilh\u00f5es ser\u00e3o destinados \u00e0 viabiliza\u00e7\u00e3o de\u00a0<b>investimentos<\/b>\u00a0previstos no Plano Plurianual e nos Or\u00e7amentos anuais do estado. As \u00e1reas priorit\u00e1rias para destina\u00e7\u00e3o dos recursos incluem:<\/p>\n<p><b>\u2013 Mobilidade urbana e interurbana<\/b><b><br \/>\n<\/b><b>\u2013 Infraestrutura urbana<\/b><b><br \/>\n<\/b><b>\u2013 Infraestrutura h\u00eddrica<\/b><b><br \/>\n<\/b><b>\u2013 Infraestrutura vi\u00e1ria<\/b><b><br \/>\n<\/b><b>\u2013 Edifica\u00e7\u00e3o p\u00fablica<\/b><\/p>\n<p>O governador e a base aliada defendem que os recursos s\u00e3o fundamentais para a realiza\u00e7\u00e3o de investimentos necess\u00e1rios no estado, citando, inclusive, projetos como o VLT em declara\u00e7\u00f5es recentes.<\/p>\n<p><b>Cr\u00edticas da oposi\u00e7\u00e3o<\/b><\/p>\n<p>A aprova\u00e7\u00e3o do projeto na ALBA foi marcada por forte obstru\u00e7\u00e3o da bancada de oposi\u00e7\u00e3o, que utilizou manobras regimentais para adiar a vota\u00e7\u00e3o.<\/p>\n<p>A\u00a0<a href=\"https:\/\/bahia.ba\/politica\/kiki-cita-plano-de-governo-acm-neto-para-2026-e-ataca-gestao-de-jeronimo\/\">oposi\u00e7\u00e3o tem criticado<\/a>\u00a0o volume de pedidos de empr\u00e9stimos enviados pelo governo Jer\u00f4nimo, que\u00a0<a href=\"https:\/\/bahia.ba\/politica\/aliviar-a-divida-afirma-jeronimo-sobre-22o-pedido-de-emprestimo-na-sua-gestao\/\">j\u00e1 somam 22 solicita\u00e7\u00f5es desde o in\u00edcio de sua gest\u00e3o<\/a>, totalizando cerca de R$ 26 bilh\u00f5es em cr\u00e9ditos aprovados ou em an\u00e1lise.<\/p>\n<p>O pedido de empr\u00e9stimo de R$ 2 bilh\u00f5es teve sua\u00a0<a href=\"https:\/\/bahia.ba\/politica\/alba-aprova-urgencia-de-emprestimo-de-r-2-bilhoes-do-governo\/\">urg\u00eancia aprovada no dia 18 de novembro<\/a>, mas a vota\u00e7\u00e3o final s\u00f3 ocorreu dias depois, ap\u00f3s intensos debates.<\/p>\n<p><b>Capacidade de pagamento<\/b><\/p>\n<div>\n<div>\n<div class=\"trv-player-container\">\n<div class=\"trv-wrapper\">\n<div id=\"br_video_player_bc0c5ed15fb2d2de0f2eea147751da9dc3c659f9\" class=\"trvd_video_player trvdinstream\">\n<div class=\"media-player\">\n<div class=\"trv-video\">\n<div id=\"truvid_ima_container42192\" class=\"truvid_ima_container\">\n<div>\n<div>\n<div>\n<div class=\"conteudo_post\">\n<p>Em meio \u00e0s cr\u00edticas,\u00a0<a href=\"https:\/\/bahia.ba\/politica\/jeronimo-volta-a-defender-pedidos-de-emprestimo-e-afirma-que-bahia-mantem-capacidade-de-pagamento\/\">o chefe do Executivo estadual tem reiterado a capacidade de pagamento e a sa\u00fade financeira do Estado<\/a>. Ele refor\u00e7a que todos os pedidos passam por an\u00e1lise t\u00e9cnica e se baseiam na certifica\u00e7\u00e3o do Minist\u00e9rio da Economia, que concede o relat\u00f3rio de Capacidade de Pagamento (CAPAG) \u00e0 Bahia.<\/p>\n<p>Segundo o governador, o grande n\u00famero de solicita\u00e7\u00f5es atuais \u00e9, em parte, resultado da aus\u00eancia de empr\u00e9stimos durante seis anos da gest\u00e3o anterior, de Rui Costa (PT), devido a entraves federais na \u00e9poca.<\/p>\n<\/div>\n<div id=\"author-info\" class=\"ui items\">\n<div class=\"item\">Bahia.Ba<\/div>\n<\/div>\n<\/div>\n<\/div>\n<\/div>\n<\/div>\n<\/div>\n<\/div>\n<\/div>\n<\/div>\n<\/div>\n<\/div>\n<\/div>\n<div class='share-to-whatsapp-wrapper'><div class='share-on-whsp'>Share on: <\/div><a data-text='Jer\u00f4nimo sanciona lei que autoriza empr\u00e9stimo de R$ 2 bilh\u00f5es junto ao Banco do Brasil' data-link='https:\/\/newsinfoco.com.br\/inicio\/jeronimo-sanciona-lei-que-autoriza-emprestimo-de-r-2-bilhoes-junto-ao-banco-do-brasil\/' class='whatsapp-button whatsapp-share'>WhatsApp<\/a><div class='clear '><\/div><\/div>","protected":false},"excerpt":{"rendered":"<p>O governador da Bahia, Jer\u00f4nimo Rodrigues (PT), sancionou a Lei n\u00ba 15.030 autorizando o Poder Executivo a contratar uma opera\u00e7\u00e3o de cr\u00e9dito interno no valor de at\u00e9 R$ 2 bilh\u00f5es junto ao Banco do Brasil, com garantia da Uni\u00e3o. A lei foi publicada no Di\u00e1rio Oficial do Estado (DOE) nesta quinta-feira (4). A autoriza\u00e7\u00e3o final [&hellip;]<\/p>\n","protected":false},"author":1,"featured_media":48172,"comment_status":"closed","ping_status":"closed","sticky":false,"template":"","format":"standard","meta":{"om_disable_all_campaigns":false,"_exactmetrics_skip_tracking":false,"_exactmetrics_sitenote_active":false,"_exactmetrics_sitenote_note":"","_exactmetrics_sitenote_category":0,"footnotes":""},"categories":[19],"tags":[],"class_list":["post-48171","post","type-post","status-publish","format-standard","has-post-thumbnail","hentry","category-bahia"],"aioseo_notices":[],"_links":{"self":[{"href":"https:\/\/newsinfoco.com.br\/inicio\/wp-json\/wp\/v2\/posts\/48171","targetHints":{"allow":["GET"]}}],"collection":[{"href":"https:\/\/newsinfoco.com.br\/inicio\/wp-json\/wp\/v2\/posts"}],"about":[{"href":"https:\/\/newsinfoco.com.br\/inicio\/wp-json\/wp\/v2\/types\/post"}],"author":[{"embeddable":true,"href":"https:\/\/newsinfoco.com.br\/inicio\/wp-json\/wp\/v2\/users\/1"}],"replies":[{"embeddable":true,"href":"https:\/\/newsinfoco.com.br\/inicio\/wp-json\/wp\/v2\/comments?post=48171"}],"version-history":[{"count":1,"href":"https:\/\/newsinfoco.com.br\/inicio\/wp-json\/wp\/v2\/posts\/48171\/revisions"}],"predecessor-version":[{"id":48173,"href":"https:\/\/newsinfoco.com.br\/inicio\/wp-json\/wp\/v2\/posts\/48171\/revisions\/48173"}],"wp:featuredmedia":[{"embeddable":true,"href":"https:\/\/newsinfoco.com.br\/inicio\/wp-json\/wp\/v2\/media\/48172"}],"wp:attachment":[{"href":"https:\/\/newsinfoco.com.br\/inicio\/wp-json\/wp\/v2\/media?parent=48171"}],"wp:term":[{"taxonomy":"category","embeddable":true,"href":"https:\/\/newsinfoco.com.br\/inicio\/wp-json\/wp\/v2\/categories?post=48171"},{"taxonomy":"post_tag","embeddable":true,"href":"https:\/\/newsinfoco.com.br\/inicio\/wp-json\/wp\/v2\/tags?post=48171"}],"curies":[{"name":"wp","href":"https:\/\/api.w.org\/{rel}","templated":true}]}}