{"id":48178,"date":"2025-12-04T16:24:29","date_gmt":"2025-12-04T19:24:29","guid":{"rendered":"https:\/\/newsinfoco.com.br\/inicio\/?p=48178"},"modified":"2025-12-04T16:24:29","modified_gmt":"2025-12-04T19:24:29","slug":"filho-de-lula-teria-recebido-mesada-do-careca-do-inss","status":"publish","type":"post","link":"https:\/\/newsinfoco.com.br\/inicio\/filho-de-lula-teria-recebido-mesada-do-careca-do-inss\/","title":{"rendered":"Filho de Lula teria recebido mesada do \u2018Careca do INSS\u2019"},"content":{"rendered":"<p data-start=\"173\" data-end=\"501\">O empres\u00e1rio F\u00e1bio Lu\u00eds Lula da Silva, o Lulinha, teria recebido uma mesada de cerca de R$ 300 mil de Ant\u00f4nio Carlos Camilo Antunes, conhecido como \u201cCareca do INSS\u201d, segundo depoimento de uma pessoa ouvida pela Pol\u00edcia Federal e encaminhado \u00e0 CPMI do Instituto Nacional do Seguro Social no Congresso. A informa\u00e7\u00e3o \u00e9 do Poder360.<\/p>\n<p data-start=\"503\" data-end=\"701\">O relato foi feito por Edson Claro, ex-funcion\u00e1rio de Antunes, que afirma estar sendo perseguido pelo ex-patr\u00e3o. De acordo com ele, o \u201cCareca do INSS\u201d tamb\u00e9m teria repassado R$ 25 milh\u00f5es a Lulinha.<\/p><div class=\"newsi-conteudo_19\" id=\"newsi-1252398254\"><a href=\"https:\/\/www.instagram.com\/prefeituraalagoinhas?igsh=YzgzdDJ1bWR3aWI4\" aria-label=\"SAVE_20251006_221555\"><img loading=\"lazy\" decoding=\"async\" src=\"https:\/\/newsinfoco.com.br\/inicio\/wp-content\/uploads\/2025\/10\/SAVE_20251006_221555-rotated.jpg\" alt=\"\"  srcset=\"https:\/\/newsinfoco.com.br\/inicio\/wp-content\/uploads\/2025\/10\/SAVE_20251006_221555-rotated.jpg 1140w, https:\/\/newsinfoco.com.br\/inicio\/wp-content\/uploads\/2025\/10\/SAVE_20251006_221555-300x52.jpg 300w, https:\/\/newsinfoco.com.br\/inicio\/wp-content\/uploads\/2025\/10\/SAVE_20251006_221555-1024x177.jpg 1024w, https:\/\/newsinfoco.com.br\/inicio\/wp-content\/uploads\/2025\/10\/SAVE_20251006_221555-768x133.jpg 768w, https:\/\/newsinfoco.com.br\/inicio\/wp-content\/uploads\/2025\/10\/SAVE_20251006_221555-600x104.jpg 600w, https:\/\/newsinfoco.com.br\/inicio\/wp-content\/uploads\/2025\/10\/SAVE_20251006_221555-696x120.jpg 696w, https:\/\/newsinfoco.com.br\/inicio\/wp-content\/uploads\/2025\/10\/SAVE_20251006_221555-1068x185.jpg 1068w\" sizes=\"(max-width: 1140px) 100vw, 1140px\" width=\"1140\" height=\"197\"   \/><\/a><\/div>\n<div>\n<div>\n<div class=\"trv-player-container\">\n<div class=\"trv-wrapper\">\n<div id=\"br_video_player_0ed8822cb4f833eb326fea147751da9dc3c659f9\" class=\"trvd_video_player trvdinstream\">\n<div class=\"media-player\">\n<div class=\"trv-video\">\n<div id=\"truvid_ima_container66397\" class=\"truvid_ima_container\">\n<div>\n<div>\n<div class=\"conteudo_post\">\n<p data-start=\"703\" data-end=\"980\">A exist\u00eancia do depoimento foi confirmada por integrantes da CPMI na manh\u00e3 desta quinta-feira (4).<\/p>\n<p data-start=\"703\" data-end=\"980\">Al\u00e9m dos supostos repasses, o material j\u00e1 em posse da comiss\u00e3o indica que Lulinha teria viajado com Antunes, assunto que deve ser discutido pelos parlamentares na sess\u00e3o de hoje.<\/p>\n<\/div>\n<div id=\"author-info\" class=\"ui items\">\n<div class=\"item\">Bahia.Ba<\/div>\n<\/div>\n<\/div>\n<\/div>\n<\/div>\n<\/div>\n<\/div>\n<\/div>\n<\/div>\n<\/div>\n<\/div>\n<\/div>\n<div class='share-to-whatsapp-wrapper'><div class='share-on-whsp'>Share on: <\/div><a data-text='Filho de Lula teria recebido mesada do \u2018Careca do INSS\u2019' data-link='https:\/\/newsinfoco.com.br\/inicio\/filho-de-lula-teria-recebido-mesada-do-careca-do-inss\/' class='whatsapp-button whatsapp-share'>WhatsApp<\/a><div class='clear '><\/div><\/div>","protected":false},"excerpt":{"rendered":"<p>O empres\u00e1rio F\u00e1bio Lu\u00eds Lula da Silva, o Lulinha, teria recebido uma mesada de cerca de R$ 300 mil de Ant\u00f4nio Carlos Camilo Antunes, conhecido como \u201cCareca do INSS\u201d, segundo depoimento de uma pessoa ouvida pela Pol\u00edcia Federal e encaminhado \u00e0 CPMI do Instituto Nacional do Seguro Social no Congresso. A informa\u00e7\u00e3o \u00e9 do Poder360. [&hellip;]<\/p>\n","protected":false},"author":1,"featured_media":48179,"comment_status":"closed","ping_status":"closed","sticky":false,"template":"","format":"standard","meta":{"om_disable_all_campaigns":false,"_exactmetrics_skip_tracking":false,"_exactmetrics_sitenote_active":false,"_exactmetrics_sitenote_note":"","_exactmetrics_sitenote_category":0,"footnotes":""},"categories":[21],"tags":[],"class_list":["post-48178","post","type-post","status-publish","format-standard","has-post-thumbnail","hentry","category-brasil"],"aioseo_notices":[],"_links":{"self":[{"href":"https:\/\/newsinfoco.com.br\/inicio\/wp-json\/wp\/v2\/posts\/48178","targetHints":{"allow":["GET"]}}],"collection":[{"href":"https:\/\/newsinfoco.com.br\/inicio\/wp-json\/wp\/v2\/posts"}],"about":[{"href":"https:\/\/newsinfoco.com.br\/inicio\/wp-json\/wp\/v2\/types\/post"}],"author":[{"embeddable":true,"href":"https:\/\/newsinfoco.com.br\/inicio\/wp-json\/wp\/v2\/users\/1"}],"replies":[{"embeddable":true,"href":"https:\/\/newsinfoco.com.br\/inicio\/wp-json\/wp\/v2\/comments?post=48178"}],"version-history":[{"count":1,"href":"https:\/\/newsinfoco.com.br\/inicio\/wp-json\/wp\/v2\/posts\/48178\/revisions"}],"predecessor-version":[{"id":48180,"href":"https:\/\/newsinfoco.com.br\/inicio\/wp-json\/wp\/v2\/posts\/48178\/revisions\/48180"}],"wp:featuredmedia":[{"embeddable":true,"href":"https:\/\/newsinfoco.com.br\/inicio\/wp-json\/wp\/v2\/media\/48179"}],"wp:attachment":[{"href":"https:\/\/newsinfoco.com.br\/inicio\/wp-json\/wp\/v2\/media?parent=48178"}],"wp:term":[{"taxonomy":"category","embeddable":true,"href":"https:\/\/newsinfoco.com.br\/inicio\/wp-json\/wp\/v2\/categories?post=48178"},{"taxonomy":"post_tag","embeddable":true,"href":"https:\/\/newsinfoco.com.br\/inicio\/wp-json\/wp\/v2\/tags?post=48178"}],"curies":[{"name":"wp","href":"https:\/\/api.w.org\/{rel}","templated":true}]}}